{"id":686078,"date":"2025-07-04T16:54:43","date_gmt":"2025-07-04T19:54:43","guid":{"rendered":"https:\/\/investnews.com.br\/?p=686078"},"modified":"2025-07-04T16:55:09","modified_gmt":"2025-07-04T19:55:09","slug":"recomposicao-de-estoques-de-cafe","status":"publish","type":"post","link":"https:\/\/investnews.com.br\/negocios\/recomposicao-de-estoques-de-cafe\/","title":{"rendered":"Recomposi\u00e7\u00e3o de estoques de caf\u00e9 precisaria de pelo menos duas safras, dizem especialistas"},"content":{"rendered":"\n<p>A recomposi\u00e7\u00e3o dos estoques globais de caf\u00e9 deve levar <strong>pelo menos duas safras<\/strong>, ap\u00f3s d\u00e9ficits sucessivos no balan\u00e7o entre oferta e demanda e em meio a um consumo que mostra resili\u00eancia, apesar dos pre\u00e7os altos. A an\u00e1lise foi feita por especialistas durante o Coffee Dinner &amp; Summit, nesta sexta-feira (4).<\/p>\n\n\n\n<p>O cen\u00e1rio mostra os desafios globais do setor, que viu os <strong>pre\u00e7os dispararem para m\u00e1ximas hist\u00f3ricas<\/strong>, e indica que mesmo uma grande safra esperada em 2026 para o Brasil, maior produtor e exportador global, pode n\u00e3o trazer al\u00edvio imediato para consumidores.<\/p>\n\n\n\n<p>&#8220;Eu acho que a gente ainda est\u00e1 num momento que n\u00e3o \u00e9 confort\u00e1vel. Eu n\u00e3o acredito em forma\u00e7\u00e3o de estoque deste ano para o ano que vem. Acho que a gente precisaria de, no m\u00ednimo, duas safras&#8221;, afirmou o superintendente comercial da cooperativa Cooxup\u00e9, Luiz Fernando dos Reis, \u00e0 Reuters, no intervalo do evento promovido pelo Cecaf\u00e9, em Campinas (SP).<\/p>\n\n\n\n<p>O executivo da maior cooperativa de cafeicultores do mundo lembrou que, mesmo que o Brasil produza uma grande safra no ano que vem (2026\/27), a seguinte n\u00e3o deve ser t\u00e3o boa, j\u00e1 que as lavouras de ar\u00e1bica, que dominam a cultura no Brasil, <strong>oscilam entre anos de alta e baixa produtividade<\/strong>.<\/p>\n\n\n<section class=\"recirculation-area\">\n    <div class=\"container\">\n                <p class=\"title\">Leia mais<\/p>\n     \n            <ul class=\"recirculation-list\" data-tracking-position=\"Leia mais\">\n                            <li class=\"list-item\">\n                    <a \n                        href=\"https:\/\/investnews.com.br\/negocios\/cafe-cacau-volatilidade\/\" \n                        title=\"Como a volatilidade mudou completamente o com\u00e9rcio de caf\u00e9 e cacau no mundo\" \n                        class=\"item-title recirculation-link\"\n                        data-btn-name=\"Como a volatilidade mudou completamente o com\u00e9rcio de caf\u00e9 e cacau no mundo\"\n                        data-posicao=\"Leia mais\"\n                        data-click-url=\"https:\/\/investnews.com.br\/negocios\/cafe-cacau-volatilidade\/\"\n                    >\n                        Como a volatilidade mudou completamente o com\u00e9rcio de caf\u00e9 e cacau no mundo                    <\/a>\n                <\/li>\n                            <li class=\"list-item\">\n                    <a \n                        href=\"https:\/\/investnews.com.br\/negocios\/dose-extra-nestle-investe-mais-r-500-milhoes-e-reforca-operacao-de-nescafe-no-brasil\/\" \n                        title=\"Dose extra: Nestl\u00e9 investe mais R$ 500 milh\u00f5es e refor\u00e7a opera\u00e7\u00e3o de Nescaf\u00e9 no Brasil\" \n                        class=\"item-title recirculation-link\"\n                        data-btn-name=\"Dose extra: Nestl\u00e9 investe mais R$ 500 milh\u00f5es e refor\u00e7a opera\u00e7\u00e3o de Nescaf\u00e9 no Brasil\"\n                        data-posicao=\"Leia mais\"\n                        data-click-url=\"https:\/\/investnews.com.br\/negocios\/dose-extra-nestle-investe-mais-r-500-milhoes-e-reforca-operacao-de-nescafe-no-brasil\/\"\n                    >\n                        Dose extra: Nestl\u00e9 investe mais R$ 500 milh\u00f5es e refor\u00e7a opera\u00e7\u00e3o de Nescaf\u00e9 no Brasil                    <\/a>\n                <\/li>\n                    <\/ul>\n    <\/div><\/section>\n\n\n\n<p>&#8220;Ent\u00e3o acho que uma forma\u00e7\u00e3o de estoques vai demorar mais tempo. N\u00e3o vamos conseguir recompor os estoques no ano que vem&#8221;, disse ele.<\/p>\n\n\n\n<p>Reis destacou ainda que o Brasil deve enfrentar um aperto na oferta, j\u00e1 no come\u00e7o do ano que vem, at\u00e9 a chegada da safra 2026\/27. As cota\u00e7\u00f5es atingiram m\u00e1ximas hist\u00f3ricas de mais de US$ 4\/libra-peso em fevereiro na bolsa de Nova York.<\/p>\n\n\n\n<p>&#8220;Com uma queda recente nos pre\u00e7os, o produtor tende at\u00e9 a segurar as vendas, enquanto pode haver algum impulso ao consumo&#8221;, disse o superintendente.<\/p>\n\n\n\n<p>Atualmente, o valor na bolsa ICE est\u00e1 um pouco abaixo de US$ 3\/libra-peso.<\/p>\n\n\n\n<h2 class=\"wp-block-heading\">Estoques de caf\u00e9 no mundo<\/h2>\n\n\n\n<p>O diretor de pesquisa de caf\u00e9 da Louis Dreyfus Company, Charles Chiapolino, disse durante a apresenta\u00e7\u00e3o que ap\u00f3s anos de d\u00e9ficits n\u00e3o vai ser f\u00e1cil recompor estoques no mundo.<\/p>\n\n\n\n<p>&#8220;Para recompor os estoques que t\u00ednhamos <strong>quatro anos atr\u00e1s<\/strong>, vai levar pelo menos dois anos de safras muito boas, com tudo positivo, e sabemos das dificuldades de o clima ficar alinhado em todo o mundo dois anos seguidos, \u00e9 quase imposs\u00edvel&#8221;, afirmou Chiapolino.<\/p>\n\n\n\n<p>O CEO da Federa\u00e7\u00e3o dos Cafeicultores da Col\u00f4mbia, Germ\u00e1n Baham\u00f3n, concorda, lembrando que nos \u00faltimos anos, os estoques ca\u00edram na origem e nos destinos.<\/p>\n\n\n\n<p>&#8220;Neste momento, <strong>ningu\u00e9m consegue construir estoques com a demanda est\u00e1vel<\/strong> e crescendo em alguns pa\u00edses. \u00c9 dif\u00edcil ver os estoques crescendo como est\u00e1vamos acostumados&#8221;, afirmou.<\/p>\n\n\n\n<p>O presidente da Divis\u00e3o da Am\u00e9rica Latina da StoneX Financial, Oscar Schaps, disse que a estrutura do mercado invertido, na qual os <strong>pre\u00e7os de vencimentos mais pr\u00f3ximos est\u00e3o mais altos<\/strong> do que os contratos mais distantes, n\u00e3o ajuda na forma\u00e7\u00e3o de estoques.<\/p>\n\n\n\n<p>&#8220;A bolsa tem que mostrar incremento de estoques para acabar com o backwardation (mercado invertido)&#8221;, disse.<\/p>\n","protected":false},"excerpt":{"rendered":"<p>Cen\u00e1rio mostra os desafios globais do setor, que viu os pre\u00e7os atingirem as m\u00e1ximas hist\u00f3ricas<\/p>\n","protected":false},"author":76,"featured_media":654968,"comment_status":"closed","ping_status":"closed","sticky":false,"template":"","format":"standard","meta":{"_acf_changed":false,"inline_featured_image":false,"footnotes":""},"categories":[6],"tags":[],"autor-wsj":[],"coauthors":[101325],"class_list":["post-686078","post","type-post","status-publish","format-standard","has-post-thumbnail","hentry","category-negocios"],"acf":[],"amp_enabled":true,"_links":{"self":[{"href":"https:\/\/investnews.com.br\/inv-api\/wp\/v2\/posts\/686078","targetHints":{"allow":["GET"]}}],"collection":[{"href":"https:\/\/investnews.com.br\/inv-api\/wp\/v2\/posts"}],"about":[{"href":"https:\/\/investnews.com.br\/inv-api\/wp\/v2\/types\/post"}],"author":[{"embeddable":true,"href":"https:\/\/investnews.com.br\/inv-api\/wp\/v2\/users\/76"}],"replies":[{"embeddable":true,"href":"https:\/\/investnews.com.br\/inv-api\/wp\/v2\/comments?post=686078"}],"version-history":[{"count":4,"href":"https:\/\/investnews.com.br\/inv-api\/wp\/v2\/posts\/686078\/revisions"}],"predecessor-version":[{"id":686088,"href":"https:\/\/investnews.com.br\/inv-api\/wp\/v2\/posts\/686078\/revisions\/686088"}],"wp:featuredmedia":[{"embeddable":true,"href":"https:\/\/investnews.com.br\/inv-api\/wp\/v2\/media\/654968"}],"wp:attachment":[{"href":"https:\/\/investnews.com.br\/inv-api\/wp\/v2\/media?parent=686078"}],"wp:term":[{"taxonomy":"category","embeddable":true,"href":"https:\/\/investnews.com.br\/inv-api\/wp\/v2\/categories?post=686078"},{"taxonomy":"post_tag","embeddable":true,"href":"https:\/\/investnews.com.br\/inv-api\/wp\/v2\/tags?post=686078"},{"taxonomy":"autor-wsj","embeddable":true,"href":"https:\/\/investnews.com.br\/inv-api\/wp\/v2\/autor-wsj?post=686078"},{"taxonomy":"author","embeddable":true,"href":"https:\/\/investnews.com.br\/inv-api\/wp\/v2\/coauthors?post=686078"}],"curies":[{"name":"wp","href":"https:\/\/api.w.org\/{rel}","templated":true}]}}