{"id":686379,"date":"2025-07-07T11:11:54","date_gmt":"2025-07-07T14:11:54","guid":{"rendered":"https:\/\/investnews.com.br\/?p=686379"},"modified":"2025-07-07T11:11:56","modified_gmt":"2025-07-07T14:11:56","slug":"byd-fabrica-bahia","status":"publish","type":"post","link":"https:\/\/investnews.com.br\/negocios\/byd-fabrica-bahia\/","title":{"rendered":"BYD vai iniciar montagem de ve\u00edculos na Bahia para diminuir depend\u00eancia de importados"},"content":{"rendered":"\n<p>A <strong>BYD<\/strong> est\u00e1 prestes a iniciar a montagem de ve\u00edculos el\u00e9tricos em uma nova f\u00e1brica no Brasil, possivelmente ainda em julho.<\/p>\n\n\n\n<p>A informa\u00e7\u00e3o foi confirmada pelo principal executivo da BYD no pa\u00eds, Alexandre Baldy, vice-presidente s\u00eanior da BYD no Brasil, buscando reduzir importa\u00e7\u00f5es \u00e0 medida que as tarifas come\u00e7am a subir em seu maior mercado fora da China.<\/p>\n\n\n\n<p>Baldy disse que o objetivo \u00e9 montar cerca de <strong>50.000 carros neste ano na f\u00e1brica na Bahia<\/strong> a partir de kits importados, acrescentando que est\u00e1 negociando uma al\u00edquota de imposto menor para esses ve\u00edculos.<\/p>\n\n\n\n<p>&#8220;Devemos inaugurar a unidade nos pr\u00f3ximos dias&#8221;, disse Baldy, sem especificar uma data, pois as aprova\u00e7\u00f5es regulat\u00f3rias finais ainda est\u00e3o a caminho. &#8220;O que t\u00ednhamos para este ano j\u00e1 foi importado para que a gente pudesse aproveitar (o momento), antes do aumento do imposto de importa\u00e7\u00e3o que aconteceu no dia 1 de julho.&#8221;<\/p>\n\n\n\n<p>Para aproveitar tarifas temporariamente mais baixas, a BYD havia enviado uma grande quantidade de carros acabados para o Brasil este ano, cerca de <strong>22.000 ve\u00edculos da China<\/strong> nos primeiros cinco meses do ano, de acordo com c\u00e1lculos da Reuters.<\/p>\n\n\n\n<p>Isso gerou reclama\u00e7\u00f5es na ind\u00fastria automotiva brasileira de que a BYD estivesse privilegiando a fabrica\u00e7\u00e3o chinesa em detrimento da produ\u00e7\u00e3o de sua nova f\u00e1brica na Bahia, onde uma investiga\u00e7\u00e3o trabalhista e fortes chuvas afetaram os planos.<\/p>\n\n\n<section class=\"recirculation-area\">\n    <div class=\"container\">\n                <p class=\"title\">Leia mais <\/p>\n     \n            <ul class=\"recirculation-list\" data-tracking-position=\"Leia mais\">\n                            <li class=\"list-item\">\n                    <a \n                        href=\"https:\/\/investnews.com.br\/negocios\/byd-comeca-explorar-do-vale-do-litio-em-minas-gerais-entrando-nos-negocios-de-mineracao\/\" \n                        title=\"BYD adquiriu direitos de minera\u00e7\u00e3o para explorar l\u00edtio no Brasil\" \n                        class=\"item-title recirculation-link\"\n                        data-btn-name=\"BYD adquiriu direitos de minera\u00e7\u00e3o para explorar l\u00edtio no Brasil\"\n                        data-posicao=\"Leia mais\"\n                        data-click-url=\"https:\/\/investnews.com.br\/negocios\/byd-comeca-explorar-do-vale-do-litio-em-minas-gerais-entrando-nos-negocios-de-mineracao\/\"\n                    >\n                        BYD adquiriu direitos de minera\u00e7\u00e3o para explorar l\u00edtio no Brasil                    <\/a>\n                <\/li>\n                            <li class=\"list-item\">\n                    <a \n                        href=\"https:\/\/investnews.com.br\/negocios\/byd-barganha-com-fornecedores-precos-mais-baixos\/\" \n                        title=\"BYD barganha com fornecedores pre\u00e7os mais baixos\" \n                        class=\"item-title recirculation-link\"\n                        data-btn-name=\"BYD barganha com fornecedores pre\u00e7os mais baixos\"\n                        data-posicao=\"Leia mais\"\n                        data-click-url=\"https:\/\/investnews.com.br\/negocios\/byd-barganha-com-fornecedores-precos-mais-baixos\/\"\n                    >\n                        BYD barganha com fornecedores pre\u00e7os mais baixos                    <\/a>\n                <\/li>\n                    <\/ul>\n    <\/div><\/section>\n\n\n\n<h2 class=\"wp-block-heading\">In\u00edcio da produ\u00e7\u00e3o local da BYD seria em 2026<\/h2>\n\n\n\n<p>Baldy disse ainda que a f\u00e1brica est\u00e1 na dire\u00e7\u00e3o de iniciar a produ\u00e7\u00e3o local completa em <strong>julho de 2026<\/strong>, ap\u00f3s montar ve\u00edculos a partir de kits &#8220;complete knock down&#8221; (CKD) pelos pr\u00f3ximos 12 meses.<\/p>\n\n\n\n<p>Uma vez totalmente operacional, disse ele, o complexo em Cama\u00e7ari deve gerar at\u00e9 <strong>20.000 empregos diretos e indiretos<\/strong>.<\/p>\n\n\n\n<p>As expectativas para a opera\u00e7\u00e3o, no local de uma <strong>antiga f\u00e1brica da Ford assumida pela BYD em 2023<\/strong>, foram abaladas em dezembro, quando o Minist\u00e9rio P\u00fablico do Trabalho apresentou acusa\u00e7\u00f5es de abusos trabalhistas envolvendo empreiteiros chineses contratados para construir o complexo.<\/p>\n\n\n\n<figure class=\"wp-block-embed is-type-video is-provider-youtube wp-block-embed-youtube wp-embed-aspect-16-9 wp-has-aspect-ratio\"><div class=\"wp-block-embed__wrapper\">\n<iframe loading=\"lazy\" title=\"BYD liga as m\u00e1quinas no Brasil\" width=\"500\" height=\"281\" src=\"https:\/\/www.youtube.com\/embed\/RDx7p1X7jdE?feature=oembed\" frameborder=\"0\" allow=\"accelerometer; autoplay; clipboard-write; encrypted-media; gyroscope; picture-in-picture; web-share\" referrerpolicy=\"strict-origin-when-cross-origin\" allowfullscreen><\/iframe>\n<\/div><\/figure>\n\n\n\n<p>O MPT entrou com uma a\u00e7\u00e3o judicial em maio responsabilizando a montadora chinesa e empreiteiras por suposto tr\u00e1fico de pessoas e submiss\u00e3o de trabalhadores a &#8220;condi\u00e7\u00f5es an\u00e1logas \u00e0 escravid\u00e3o&#8221;, ap\u00f3s o fracasso das negocia\u00e7\u00f5es para um acordo.<\/p>\n\n\n\n<p>&#8220;N\u00f3s sempre buscamos respeitar a lei brasileira, a dignidade humana&#8221;, disse Baldy, acrescentando que a empresa queria chegar a uma resolu\u00e7\u00e3o. Ele, entretanto, n\u00e3o disse por que falharam os esfor\u00e7os para um acordo.<\/p>\n","protected":false},"excerpt":{"rendered":"<p>Objetivo da BYD \u00e9 montar cerca de 50.000 carros ainda neste ano em Cama\u00e7ari<\/p>\n","protected":false},"author":61,"featured_media":642361,"comment_status":"closed","ping_status":"closed","sticky":false,"template":"","format":"standard","meta":{"_acf_changed":false,"inline_featured_image":false,"footnotes":""},"categories":[6],"tags":[102288],"autor-wsj":[],"coauthors":[2494],"class_list":["post-686379","post","type-post","status-publish","format-standard","has-post-thumbnail","hentry","category-negocios","tag-reuters"],"acf":[],"amp_enabled":true,"_links":{"self":[{"href":"https:\/\/investnews.com.br\/inv-api\/wp\/v2\/posts\/686379","targetHints":{"allow":["GET"]}}],"collection":[{"href":"https:\/\/investnews.com.br\/inv-api\/wp\/v2\/posts"}],"about":[{"href":"https:\/\/investnews.com.br\/inv-api\/wp\/v2\/types\/post"}],"author":[{"embeddable":true,"href":"https:\/\/investnews.com.br\/inv-api\/wp\/v2\/users\/61"}],"replies":[{"embeddable":true,"href":"https:\/\/investnews.com.br\/inv-api\/wp\/v2\/comments?post=686379"}],"version-history":[{"count":5,"href":"https:\/\/investnews.com.br\/inv-api\/wp\/v2\/posts\/686379\/revisions"}],"predecessor-version":[{"id":686389,"href":"https:\/\/investnews.com.br\/inv-api\/wp\/v2\/posts\/686379\/revisions\/686389"}],"wp:featuredmedia":[{"embeddable":true,"href":"https:\/\/investnews.com.br\/inv-api\/wp\/v2\/media\/642361"}],"wp:attachment":[{"href":"https:\/\/investnews.com.br\/inv-api\/wp\/v2\/media?parent=686379"}],"wp:term":[{"taxonomy":"category","embeddable":true,"href":"https:\/\/investnews.com.br\/inv-api\/wp\/v2\/categories?post=686379"},{"taxonomy":"post_tag","embeddable":true,"href":"https:\/\/investnews.com.br\/inv-api\/wp\/v2\/tags?post=686379"},{"taxonomy":"autor-wsj","embeddable":true,"href":"https:\/\/investnews.com.br\/inv-api\/wp\/v2\/autor-wsj?post=686379"},{"taxonomy":"author","embeddable":true,"href":"https:\/\/investnews.com.br\/inv-api\/wp\/v2\/coauthors?post=686379"}],"curies":[{"name":"wp","href":"https:\/\/api.w.org\/{rel}","templated":true}]}}