{"id":686664,"date":"2025-07-08T08:53:27","date_gmt":"2025-07-08T11:53:27","guid":{"rendered":"https:\/\/investnews.com.br\/?p=686664"},"modified":"2025-07-08T08:53:28","modified_gmt":"2025-07-08T11:53:28","slug":"daimler-caminhoes-mercedes-benz","status":"publish","type":"post","link":"https:\/\/investnews.com.br\/negocios\/daimler-caminhoes-mercedes-benz\/","title":{"rendered":"Daimler come\u00e7ar\u00e1 a montar caminh\u00f5es Mercedes-Benz no Senegal neste ano"},"content":{"rendered":"\n<p id=\"tw-target-text\">A <strong>Daimler Truck <a href=\"https:\/\/investnews.com.br\/guias\/holding\/\">Holding<\/a><\/strong> planeja estabelecer uma f\u00e1brica de montagem no Senegal, com o in\u00edcio da produ\u00e7\u00e3o de caminh\u00f5es <strong>Mercedes-Benz previsto para o pr\u00f3ximo ano<\/strong>.<\/p>\n\n\n\n<p id=\"tw-target-text\">A <a href=\"https:\/\/investnews.com.br\/economia\/mercedes-benz-reforcara-segmento-de-motores-a-combustao-diante-de-desaceleracao-da-demanda-por-veiculos-eletricos\/\" data-type=\"post\" data-id=\"558444\">f\u00e1brica<\/a> montar\u00e1 os ve\u00edculos em <strong>parceria com o governo senegal\u00eas<\/strong>, utilizando componentes fornecidos pela Daimler no exterior, informou a empresa em um comunicado em seu website. Os caminh\u00f5es ser\u00e3o utilizados pelo <strong>Minist\u00e9rio da Defesa, pol\u00edcia, bombeiros e clientes do setor privado<\/strong>.<\/p>\n\n\n\n<p id=\"tw-target-text\">Uma joint venture entre o Senegal e a Global Truck Systems supervisionar\u00e1 as opera\u00e7\u00f5es e a expectativa \u00e9 que os primeiros prot\u00f3tipos comecem a ser produzidos ainda este ano, com a produ\u00e7\u00e3o em s\u00e9rie prevista para 2026, disse um porta-voz da Daimler.<\/p>\n\n\n\n<h2 class=\"wp-block-heading\">Governo<\/h2>\n\n\n\n<p id=\"tw-target-text\">O governo est\u00e1 fornecendo <strong>terras, incentivos fiscais e treinamento para trabalhadores<\/strong>, de acordo com o comunicado.<\/p>\n\n\n\n<p id=\"tw-target-text\">A <a href=\"https:\/\/investnews.com.br\/negocios\/mercedes-benz-planeja-1a-fabrica-100-para-vans-eletricas\/\" data-type=\"post\" data-id=\"393363\">unidade<\/a> do Senegal permitir\u00e1 a &#8220;transfer\u00eancia de compet\u00eancias tecnol\u00f3gicas&#8221;, afirmou Michael Dietz, chefe da Daimler Truck Oriente M\u00e9dio e \u00c1frica, no comunicado, com os ve\u00edculos fabricados na Alemanha sendo desmontados em seus componentes individuais e, em seguida, enviados ao pa\u00eds da \u00c1frica Ocidental para remontagem.<\/p>\n","protected":false},"excerpt":{"rendered":"<p>A f\u00e1brica montar\u00e1 os ve\u00edculos em parceria com o governo senegal\u00eas<\/p>\n","protected":false},"author":76,"featured_media":231864,"comment_status":"closed","ping_status":"closed","sticky":false,"template":"","format":"standard","meta":{"_acf_changed":false,"inline_featured_image":false,"footnotes":""},"categories":[6],"tags":[],"autor-wsj":[],"coauthors":[101325],"class_list":["post-686664","post","type-post","status-publish","format-standard","has-post-thumbnail","hentry","category-negocios"],"acf":[],"amp_enabled":true,"_links":{"self":[{"href":"https:\/\/investnews.com.br\/inv-api\/wp\/v2\/posts\/686664","targetHints":{"allow":["GET"]}}],"collection":[{"href":"https:\/\/investnews.com.br\/inv-api\/wp\/v2\/posts"}],"about":[{"href":"https:\/\/investnews.com.br\/inv-api\/wp\/v2\/types\/post"}],"author":[{"embeddable":true,"href":"https:\/\/investnews.com.br\/inv-api\/wp\/v2\/users\/76"}],"replies":[{"embeddable":true,"href":"https:\/\/investnews.com.br\/inv-api\/wp\/v2\/comments?post=686664"}],"version-history":[{"count":2,"href":"https:\/\/investnews.com.br\/inv-api\/wp\/v2\/posts\/686664\/revisions"}],"predecessor-version":[{"id":686669,"href":"https:\/\/investnews.com.br\/inv-api\/wp\/v2\/posts\/686664\/revisions\/686669"}],"wp:featuredmedia":[{"embeddable":true,"href":"https:\/\/investnews.com.br\/inv-api\/wp\/v2\/media\/231864"}],"wp:attachment":[{"href":"https:\/\/investnews.com.br\/inv-api\/wp\/v2\/media?parent=686664"}],"wp:term":[{"taxonomy":"category","embeddable":true,"href":"https:\/\/investnews.com.br\/inv-api\/wp\/v2\/categories?post=686664"},{"taxonomy":"post_tag","embeddable":true,"href":"https:\/\/investnews.com.br\/inv-api\/wp\/v2\/tags?post=686664"},{"taxonomy":"autor-wsj","embeddable":true,"href":"https:\/\/investnews.com.br\/inv-api\/wp\/v2\/autor-wsj?post=686664"},{"taxonomy":"author","embeddable":true,"href":"https:\/\/investnews.com.br\/inv-api\/wp\/v2\/coauthors?post=686664"}],"curies":[{"name":"wp","href":"https:\/\/api.w.org\/{rel}","templated":true}]}}