{"id":686693,"date":"2025-07-08T10:10:21","date_gmt":"2025-07-08T13:10:21","guid":{"rendered":"https:\/\/investnews.com.br\/?p=686693"},"modified":"2025-07-08T10:10:22","modified_gmt":"2025-07-08T13:10:22","slug":"porsche-vendas-caem","status":"publish","type":"post","link":"https:\/\/investnews.com.br\/negocios\/porsche-vendas-caem\/","title":{"rendered":"Vendas da Porsche caem 6% no primeiro semestre; na China, queda foi de 28%"},"content":{"rendered":"\n<p>A dire\u00e7\u00e3o da montadora alem\u00e3 de carros esportivos de luxo <strong>Porsche <\/strong>informou nesta ter\u00e7a-feira (8) que as vendas do primeiro semestre ca\u00edram <strong>6% globalmente<\/strong>.<\/p>\n\n\n\n<p>A empresa responsabilizou as condi\u00e7\u00f5es desafiadoras do mercado e a intensa concorr\u00eancia. S\u00f3 na China, a <strong>queda nas vendas foi de 28%<\/strong>.<\/p>\n\n\n\n<figure class=\"wp-block-embed is-type-video is-provider-youtube wp-block-embed-youtube wp-embed-aspect-16-9 wp-has-aspect-ratio\"><div class=\"wp-block-embed__wrapper\">\n<iframe loading=\"lazy\" title=\"Por que tem tanto Porsche no Brasil?\" width=\"500\" height=\"281\" src=\"https:\/\/www.youtube.com\/embed\/D604_Z5wom0?start=24&#038;feature=oembed\" frameborder=\"0\" allow=\"accelerometer; autoplay; clipboard-write; encrypted-media; gyroscope; picture-in-picture; web-share\" referrerpolicy=\"strict-origin-when-cross-origin\" allowfullscreen><\/iframe>\n<\/div><\/figure>\n\n\n\n<p>Contudo, as vendas na <strong>Am\u00e9rica do Norte, sua maior regi\u00e3o, as vendas cresceram 10%<\/strong>.<\/p>\n\n\n\n<p>&#8220;O aumento se deve principalmente \u00e0 maior disponibilidade de produtos no mercado e \u00e0 prote\u00e7\u00e3o de pre\u00e7os, devido ao aumento das tarifas de importa\u00e7\u00e3o&#8221;, disse a Porsche em um comunicado.<\/p>\n\n\n\n<p>Assim, a Porsche entregou um total de <strong>146.391 ve\u00edculos em todo o mundo<\/strong>.<\/p>\n\n\n\n<p>Na segunda-feira (7), a <a href=\"https:\/\/investnews.com.br\/negocios\/daimler-caminhoes-mercedes-benz\/\" data-type=\"post\" data-id=\"686664\">Mercedes-Benz<\/a> informou que suas vendas unit\u00e1rias de carros e vans no segundo trimestre <strong>ca\u00edram 9%<\/strong>, citando o impacto das tarifas.<\/p>\n","protected":false},"excerpt":{"rendered":"<p>Por\u00e9m, as vendas da Porsche na Am\u00e9rica do Norte cresceram 10%<\/p>\n","protected":false},"author":61,"featured_media":609133,"comment_status":"closed","ping_status":"closed","sticky":false,"template":"","format":"standard","meta":{"_acf_changed":false,"inline_featured_image":false,"footnotes":""},"categories":[6],"tags":[244,102288],"autor-wsj":[],"coauthors":[2494],"class_list":["post-686693","post","type-post","status-publish","format-standard","has-post-thumbnail","hentry","category-negocios","tag-china","tag-reuters"],"acf":[],"amp_enabled":true,"_links":{"self":[{"href":"https:\/\/investnews.com.br\/inv-api\/wp\/v2\/posts\/686693","targetHints":{"allow":["GET"]}}],"collection":[{"href":"https:\/\/investnews.com.br\/inv-api\/wp\/v2\/posts"}],"about":[{"href":"https:\/\/investnews.com.br\/inv-api\/wp\/v2\/types\/post"}],"author":[{"embeddable":true,"href":"https:\/\/investnews.com.br\/inv-api\/wp\/v2\/users\/61"}],"replies":[{"embeddable":true,"href":"https:\/\/investnews.com.br\/inv-api\/wp\/v2\/comments?post=686693"}],"version-history":[{"count":4,"href":"https:\/\/investnews.com.br\/inv-api\/wp\/v2\/posts\/686693\/revisions"}],"predecessor-version":[{"id":686711,"href":"https:\/\/investnews.com.br\/inv-api\/wp\/v2\/posts\/686693\/revisions\/686711"}],"wp:featuredmedia":[{"embeddable":true,"href":"https:\/\/investnews.com.br\/inv-api\/wp\/v2\/media\/609133"}],"wp:attachment":[{"href":"https:\/\/investnews.com.br\/inv-api\/wp\/v2\/media?parent=686693"}],"wp:term":[{"taxonomy":"category","embeddable":true,"href":"https:\/\/investnews.com.br\/inv-api\/wp\/v2\/categories?post=686693"},{"taxonomy":"post_tag","embeddable":true,"href":"https:\/\/investnews.com.br\/inv-api\/wp\/v2\/tags?post=686693"},{"taxonomy":"autor-wsj","embeddable":true,"href":"https:\/\/investnews.com.br\/inv-api\/wp\/v2\/autor-wsj?post=686693"},{"taxonomy":"author","embeddable":true,"href":"https:\/\/investnews.com.br\/inv-api\/wp\/v2\/coauthors?post=686693"}],"curies":[{"name":"wp","href":"https:\/\/api.w.org\/{rel}","templated":true}]}}