{"id":6867,"date":"2020-03-23T09:09:52","date_gmt":"2020-03-23T12:09:52","guid":{"rendered":"https:\/\/investnews.com.br\/?p=6867"},"modified":"2025-09-05T14:06:05","modified_gmt":"2025-09-05T17:06:05","slug":"covid-19-prevencao-fronteiras-comercios-dominam-buscas-no-google","status":"publish","type":"post","link":"https:\/\/investnews.com.br\/economia\/covid-19-prevencao-fronteiras-comercios-dominam-buscas-no-google\/","title":{"rendered":"Covid-19: preven\u00e7\u00e3o, fronteiras, com\u00e9rcios dominam buscas no Google"},"content":{"rendered":"\n<p>Com a pandemia do novo <a href=\"https:\/\/investnews.com.br\/tag\/coronavirus\/\" class=\"rank-math-link\">coronav\u00edrus<\/a> se desenvolvendo com rapidez, ganha velocidade tamb\u00e9m o interesse dos cidad\u00e3os por entender melhor esse fen\u00f4meno e acompanhar as respostas a ele. De acordo com dados repassados \u00e0\u00a0&#8220;Ag\u00eancia Brasil&#8221;, os assuntos mais pesquisados no mecanismo <a href=\"https:\/\/investnews.com.br\/tag\/google\/\" class=\"rank-math-link\">Google<\/a> nos \u00faltimos dias s\u00e3o informa\u00e7\u00f5es sobre o novo coronav\u00edrus e formas de preven\u00e7\u00e3o, as mudan\u00e7as nos estabelecimentos comerciais e as altera\u00e7\u00f5es nas fronteiras do pa\u00eds e de divisas das unidades da federa\u00e7\u00e3o.<\/p>\n\n\n\n<p>As principais perguntas envolvendo o tema nesta sexta-feira (20), de acordo com levantamento interno do Google, foram: O que \u00e9 coronav\u00edrus? De onde surgiu o coronav\u00edrus? Quando surgiu o coronav\u00edrus? O que \u00e9 coriza? O que \u00e9 pandemia?.<\/p>\n\n\n\n<h2 class=\"wp-block-heading\">Fronteiras<\/h2>\n\n\n\n<p>A busca por fronteiras atingiu seu maior \u00e1pice nos \u00faltimos cinco anos. Nesta semana o <a href=\"https:\/\/investnews.com.br\/tag\/governo-federal\/\" class=\"rank-math-link\">governo federal<\/a> anunciou que fecharia as\u00a0<a rel=\"noreferrer noopener\" href=\"https:\/\/agenciabrasil.ebc.com.br\/geral\/noticia\/2020-03\/governo-fecha-fronteiras-terrestres-com-paises-sul-americanos\" target=\"_blank\">fronteiras terrestres<\/a>\u00a0em rela\u00e7\u00e3o a todos os pa\u00edses da Am\u00e9rica do Sul, \u00e0 exce\u00e7\u00e3o do Uruguai. Em rela\u00e7\u00e3o a este \u00faltimo, os Executivos dos dois pa\u00edses ainda discutem uma solu\u00e7\u00e3o comum.<\/p>\n\n\n\n<p>Tamb\u00e9m foi anunciada a restri\u00e7\u00e3o da entrada de&nbsp;<a href=\"https:\/\/agenciabrasil.ebc.com.br\/saude\/noticia\/2020-03\/governo-restringe-entrada-de-estrangeiros-por-voos-internacionais\" target=\"_blank\" rel=\"noreferrer noopener\">pessoas de pa\u00edses afetados pelo coronav\u00edrus por via a\u00e9rea<\/a>. Fica impedida a chegada de passageiros estrangeiros vindos da China, de pa\u00edses-membros da Uni\u00e3o Europeia, da Isl\u00e2ndia, da Noruega, da Su\u00ed\u00e7a, do Reino Unido e da Irlanda do Norte, da Austr\u00e1lia, do Jap\u00e3o, da Mal\u00e1sia e da Coreia do Sul. A decis\u00e3o n\u00e3o incluiu os Estados Unidos, pa\u00eds com maior n\u00famero de casos na Am\u00e9rica do Norte.<\/p>\n\n\n\n<p>Governos estaduais anunciaram o fechamento de divisas e de aeroportos. Foi o caso do Rio de Janeiro, que&nbsp;<a href=\"https:\/\/agenciabrasil.ebc.com.br\/geral\/noticia\/2020-03\/governo-do-rio-suspende-chegada-de-passageiros-de-outros-estados\" target=\"_blank\" rel=\"noreferrer noopener\">suspendeu a entrada de passageiros&nbsp;<\/a>de voos internacionais e vindos de estados com situa\u00e7\u00e3o de&nbsp;<a href=\"https:\/\/agenciabrasil.ebc.com.br\/geral\/noticia\/2020-03\/governo-do-rio-suspende-chegada-de-passageiros-de-outros-estados\" target=\"_blank\" rel=\"noreferrer noopener\">emerg\u00eancia decretada<\/a>.<\/p>\n\n\n\n<p>Na sexta-feira (20) o Minist\u00e9rio da Infraestrutura divulgou nota afirmando que\u00a0<a rel=\"noreferrer noopener\" href=\"https:\/\/agenciabrasil.ebc.com.br\/geral\/noticia\/2020-03\/nao-ha-recomendacao-para-fechar-portos-e-aeroportos-diz-ministerio\" target=\"_blank\">n\u00e3o h\u00e1 orienta\u00e7\u00e3o para fechar portos e aeroportos<\/a>, o que foi seguido por ag\u00eancias regulat\u00f3rias, como a de avia\u00e7\u00e3o civil (<a href=\"https:\/\/investnews.com.br\/tag\/anac\/\" class=\"rank-math-link\">ANAC<\/a>) e a de transportes aquavi\u00e1rios (Antaq).\u00a0\u00a0<\/p>\n\n\n\n<h2 class=\"wp-block-heading\">Estabelecimentos abertos e fechados<\/h2>\n\n\n\n<p>Outro tema de bastante interesse entre os internautas \u00e9 quais estabelecimentos foram obrigados a fechar e quais ficam abertos. Em parte das unidades da federa\u00e7\u00e3o, governadores decidiram restringir lojas, centros de compra (como shoppings e feiras) e espa\u00e7os de entretenimento,&nbsp;<a href=\"https:\/\/agenciabrasil.ebc.com.br\/geral\/noticia\/2020-03\/covid-19-autonomos-tentam-manter-negocios-apesar-de-restricoes\" target=\"_blank\" rel=\"noreferrer noopener\">mantendo abertos supermercados, farm\u00e1cias e restaurantes<\/a>.<\/p>\n\n\n\n<p>No Distrito Federal, por exemplo, o governo local determinou o&nbsp;<a href=\"https:\/\/agenciabrasil.ebc.com.br\/geral\/noticia\/2020-03\/governo-do-df-determina-fechamento-do-comercio-ate-5-de-abril\" target=\"_blank\" rel=\"noreferrer noopener\">fechamento do com\u00e9rcio, academias, bares e casas noturnas<\/a>&nbsp;at\u00e9 o dia 5 de abril.&nbsp; O governo do Rio de Janeiro determinou o fechamento de teatros e cinemas.<\/p>\n\n\n\n<p>Outros governos estaduais tamb\u00e9m adotaram essa provid\u00eancia, como Paran\u00e1 e Goi\u00e1s. No primeiro caso, o decreto do governador Ratinho J\u00fanior focou em shoppings, galerias, academias e cong\u00eaneres. O governador goiano Ronaldo Caiado decretou limita\u00e7\u00e3o semelhante, abarcando <a href=\"https:\/\/investnews.com.br\/tag\/comercio\/\" class=\"rank-math-link\">com\u00e9rcios<\/a> e espa\u00e7os de lazer, como bares, boates, teatros e cinemas.<\/p>\n\n\n\n<p>O governador de S\u00e3o Paulo, <a href=\"https:\/\/investnews.com.br\/tag\/joao-doria\/\" class=\"rank-math-link\">Jo\u00e3o D\u00f3ria<\/a>, anunciou o fechamento do que chamou de servi\u00e7os p\u00fablicos n\u00e3o essenciais do estado, como zool\u00f3gico, unidades de conserva\u00e7\u00e3o e parques. Diversas reparti\u00e7\u00f5es funcionar\u00e3o com atendimento virtual.<\/p>\n\n\n\n<p>D\u00f3ria recomendou a suspens\u00e3o das atividades de shoppings e academias na regi\u00e3o central do estado. O prefeito da capital paulista, Bruno Covas, tamb\u00e9m decidiu pelo fechamento de com\u00e9rcios. O governador do Cear\u00e1, Camilo Santana, determinou a suspens\u00e3o de ind\u00fastrias, com\u00e9rcios, bares, restaurantes e do transporte intermunicipal, al\u00e9m de colocar barreiras nas divisas do estado.<\/p>\n\n\n\n<h2 class=\"wp-block-heading\">O que fazer em casa<\/h2>\n\n\n\n<p>O levantamento do Google tamb\u00e9m verificou uma grande procura por formas de passar o tempo em casa. Em cada cidade ou estado, atividades v\u00eam sendo oferecidas, inclusive de gra\u00e7a. Institui\u00e7\u00f5es de ensino ofertaram cursos \u00e0 dist\u00e2ncia, como a <a href=\"https:\/\/investnews.com.br\/tag\/fgv\/\" class=\"rank-math-link\">Funda\u00e7\u00e3o Get\u00falio Vargas<\/a> ou a Universidade de S\u00e3o Paulo.<\/p>\n\n\n\n<p>Profissionais liberais utilizam seus perfis nas redes sociais para disponibilizar cursos, orienta\u00e7\u00f5es acerca de atividades, como exerc\u00edcios ou brincadeiras para crian\u00e7as. Artistas v\u00eam promovendo shows a dist\u00e2ncia, como a cantora carioca Tereza Cristina e ou o cantor Leoni. At\u00e9 mesmo um festival foi transmitido pela Internet,&nbsp; o #tamojunto, organizado pelo jornal O Globo. O selo Biscoito Fino vai veicular shows diversos gravados em DVD.&nbsp;&nbsp;<\/p>\n\n\n\n<p>Servi\u00e7os de audiovisuais tamb\u00e9m disponibilizaram acesso a conte\u00fados. Operadoras de TV paga abriram o sinal de diversos canais. O festival \u00c9 tudo Verdade, cancelado em fun\u00e7\u00e3o da pandemia, vai veicular na web parte dos filmes.<\/p>\n","protected":false},"excerpt":{"rendered":"<p>Perguntas sobre os efeitos do v\u00edrus no dia a dia foram mais frequentes.<\/p>\n","protected":false},"author":17,"featured_media":6868,"comment_status":"closed","ping_status":"closed","sticky":false,"template":"","format":"standard","meta":{"_acf_changed":false,"inline_featured_image":false,"footnotes":""},"categories":[5],"tags":[110574,404,327,283,394],"autor-wsj":[],"coauthors":[1498],"class_list":["post-6867","post","type-post","status-publish","format-standard","has-post-thumbnail","hentry","category-economia","tag-anac","tag-coronavirus","tag-google","tag-governo-federal","tag-joao-doria"],"acf":[],"amp_enabled":true,"_links":{"self":[{"href":"https:\/\/investnews.com.br\/inv-api\/wp\/v2\/posts\/6867","targetHints":{"allow":["GET"]}}],"collection":[{"href":"https:\/\/investnews.com.br\/inv-api\/wp\/v2\/posts"}],"about":[{"href":"https:\/\/investnews.com.br\/inv-api\/wp\/v2\/types\/post"}],"author":[{"embeddable":true,"href":"https:\/\/investnews.com.br\/inv-api\/wp\/v2\/users\/17"}],"replies":[{"embeddable":true,"href":"https:\/\/investnews.com.br\/inv-api\/wp\/v2\/comments?post=6867"}],"version-history":[{"count":2,"href":"https:\/\/investnews.com.br\/inv-api\/wp\/v2\/posts\/6867\/revisions"}],"predecessor-version":[{"id":6870,"href":"https:\/\/investnews.com.br\/inv-api\/wp\/v2\/posts\/6867\/revisions\/6870"}],"wp:featuredmedia":[{"embeddable":true,"href":"https:\/\/investnews.com.br\/inv-api\/wp\/v2\/media\/6868"}],"wp:attachment":[{"href":"https:\/\/investnews.com.br\/inv-api\/wp\/v2\/media?parent=6867"}],"wp:term":[{"taxonomy":"category","embeddable":true,"href":"https:\/\/investnews.com.br\/inv-api\/wp\/v2\/categories?post=6867"},{"taxonomy":"post_tag","embeddable":true,"href":"https:\/\/investnews.com.br\/inv-api\/wp\/v2\/tags?post=6867"},{"taxonomy":"autor-wsj","embeddable":true,"href":"https:\/\/investnews.com.br\/inv-api\/wp\/v2\/autor-wsj?post=6867"},{"taxonomy":"author","embeddable":true,"href":"https:\/\/investnews.com.br\/inv-api\/wp\/v2\/coauthors?post=6867"}],"curies":[{"name":"wp","href":"https:\/\/api.w.org\/{rel}","templated":true}]}}