{"id":687067,"date":"2025-07-08T16:58:55","date_gmt":"2025-07-08T19:58:55","guid":{"rendered":"https:\/\/investnews.com.br\/?p=687067"},"modified":"2025-07-08T16:58:57","modified_gmt":"2025-07-08T19:58:57","slug":"meta-ray-ban","status":"publish","type":"post","link":"https:\/\/investnews.com.br\/negocios\/meta-ray-ban\/","title":{"rendered":"Meta paga US$ 3,5 bilh\u00f5es por participa\u00e7\u00e3o na dona do Ray-Ban para impulsionar \u00f3culos com IA"},"content":{"rendered":"\n<p id=\"tw-target-text\">A <strong>Meta Platforms<\/strong> adquiriu uma participa\u00e7\u00e3o minorit\u00e1ria na maior fabricante mundial de \u00f3culos, a <strong>EssilorLuxottica<\/strong>, dona da marca Ray-Ban. O acordo aumenta o compromisso da Meta com a ind\u00fastria de \u00f3culos inteligentes em r\u00e1pido crescimento, de acordo com pessoas familiarizadas com o assunto.<\/p>\n\n\n\n<p id=\"tw-target-text\">A Meta, controladora do <strong>Facebook<\/strong>, <strong>adquiriu pouco menos de 3% da EssilorLuxottica<\/strong>, fabricante do <strong>Ray-Ban<\/strong>, uma participa\u00e7\u00e3o avaliada em cerca de <strong>\u20ac 3 bilh\u00f5es (cerca de US$ 3,5 bilh\u00f5es)<\/strong> ao pre\u00e7o de mercado atual, disseram as pessoas, que pediram anonimato porque as delibera\u00e7\u00f5es s\u00e3o privadas.<\/p>\n\n\n\n<p id=\"tw-target-text\">A Meta, com sede em Menlo Park, Calif\u00f3rnia, est\u00e1 considerando <strong>novos investimentos<\/strong> que podem aumentar a participa\u00e7\u00e3o para cerca de <strong>5% ao longo do tempo<\/strong>, acrescentaram as pessoas.<\/p>\n\n\n\n<p id=\"tw-target-text\">As a\u00e7\u00f5es da EssilorLuxottica subiram 6,9%, indo para US$ 148, seu maior aumento intradi\u00e1rio desde 9 de abril. Representantes da Meta e da EssilorLuxottica n\u00e3o quiseram comentar.<\/p>\n\n\n<section class=\"recirculation-area\">\n    <div class=\"container\">\n                <p class=\"title\">Leia mais<\/p>\n     \n            <ul class=\"recirculation-list\" data-tracking-position=\"Leia mais\">\n                            <li class=\"list-item\">\n                    <a \n                        href=\"https:\/\/investnews.com.br\/the-wall-street-journal\/por-que-voce-ainda-vai-querer-que-os-ray-ban-meta-sejam-seus-oculos-inteligentes\/\" \n                        title=\"Por que voc\u00ea ainda vai querer que os Ray-Ban Meta sejam seus \u00f3culos inteligentes\" \n                        class=\"item-title recirculation-link\"\n                        data-btn-name=\"Por que voc\u00ea ainda vai querer que os Ray-Ban Meta sejam seus \u00f3culos inteligentes\"\n                        data-posicao=\"Leia mais\"\n                        data-click-url=\"https:\/\/investnews.com.br\/the-wall-street-journal\/por-que-voce-ainda-vai-querer-que-os-ray-ban-meta-sejam-seus-oculos-inteligentes\/\"\n                    >\n                        Por que voc\u00ea ainda vai querer que os Ray-Ban Meta sejam seus \u00f3culos inteligentes                    <\/a>\n                <\/li>\n                            <li class=\"list-item\">\n                    <a \n                        href=\"https:\/\/investnews.com.br\/negocios\/meta-dona-do-whatsapp-vai-lancar-oculos-inteligente-com-a-marca-oakley\/\" \n                        title=\"Depois do Ray-Ban, a Meta, dona do Whatsapp, vai lan\u00e7ar \u00f3culos inteligente com a marca Oakley\" \n                        class=\"item-title recirculation-link\"\n                        data-btn-name=\"Depois do Ray-Ban, a Meta, dona do Whatsapp, vai lan\u00e7ar \u00f3culos inteligente com a marca Oakley\"\n                        data-posicao=\"Leia mais\"\n                        data-click-url=\"https:\/\/investnews.com.br\/negocios\/meta-dona-do-whatsapp-vai-lancar-oculos-inteligente-com-a-marca-oakley\/\"\n                    >\n                        Depois do Ray-Ban, a Meta, dona do Whatsapp, vai lan\u00e7ar \u00f3culos inteligente com a marca Oakley                    <\/a>\n                <\/li>\n                    <\/ul>\n    <\/div><\/section>\n\n\n\n<p id=\"tw-target-text\">O investimento da Meta na gigante dos \u00f3culos <strong>aprofunda o relacionamento entre as duas empresas<\/strong>, que se uniram nos \u00faltimos anos para desenvolver \u00f3culos inteligentes com tecnologia de IA.<\/p>\n\n\n\n<p id=\"tw-target-text\">A Meta j\u00e1 vende um par de \u00f3culos Ray-Ban, lan\u00e7ado em 2021, com c\u00e2meras integradas e um assistente de IA. No m\u00eas passado, lan\u00e7ou \u00f3culos da marca Oakley separadamente com a EssilorLuxottica. O CEO da EssilorLuxottica, Francesco Milleri, afirmou no ano passado que a Meta estava interessada em adquirir uma participa\u00e7\u00e3o na empresa, mas esse plano s\u00f3 se concretizou agora.<\/p>\n\n\n\n<p id=\"tw-target-text\">O acordo est\u00e1 alinhado ao compromisso do CEO da Meta, <a href=\"https:\/\/investnews.com.br\/tecnologia\/mark-zuckerberg-acredita-que-esses-oculos-vao-fazer-voce-aposentar-o-seu-celular\/\" data-type=\"post\" data-id=\"617975\">Mark Zuckerberg<\/a>, com a IA, que se tornou uma prioridade e uma grande despesa para a empresa. Os \u00f3culos inteligentes s\u00e3o uma parte fundamental desse plano.<\/p>\n\n\n\n<p id=\"tw-target-text\"><\/p>\n\n\n<section class=\"recirculation-area\">\n    <div class=\"container\">\n                <p class=\"title\">Leia mais<\/p>\n     \n            <ul class=\"recirculation-list\" data-tracking-position=\"Leia mais\">\n                            <li class=\"list-item\">\n                    <a \n                        href=\"https:\/\/investnews.com.br\/negocios\/apple-cancela-projeto-de-oculos-de-realidade-aumentada-dizem-fontes\/\" \n                        title=\"Apple cancela projeto de \u00f3culos de realidade aumentada, dizem fontes\" \n                        class=\"item-title recirculation-link\"\n                        data-btn-name=\"Apple cancela projeto de \u00f3culos de realidade aumentada, dizem fontes\"\n                        data-posicao=\"Leia mais\"\n                        data-click-url=\"https:\/\/investnews.com.br\/negocios\/apple-cancela-projeto-de-oculos-de-realidade-aumentada-dizem-fontes\/\"\n                    >\n                        Apple cancela projeto de \u00f3culos de realidade aumentada, dizem fontes                    <\/a>\n                <\/li>\n                            <li class=\"list-item\">\n                    <a \n                        href=\"https:\/\/investnews.com.br\/the-wall-street-journal\/apple-precisa-se-reinventar-se-nao-quiser-perder-a-corrida-da-ia\/\" \n                        title=\"Apple precisa se reinventar, se n\u00e3o quiser perder a corrida da IA\" \n                        class=\"item-title recirculation-link\"\n                        data-btn-name=\"Apple precisa se reinventar, se n\u00e3o quiser perder a corrida da IA\"\n                        data-posicao=\"Leia mais\"\n                        data-click-url=\"https:\/\/investnews.com.br\/the-wall-street-journal\/apple-precisa-se-reinventar-se-nao-quiser-perder-a-corrida-da-ia\/\"\n                    >\n                        Apple precisa se reinventar, se n\u00e3o quiser perder a corrida da IA                    <\/a>\n                <\/li>\n                    <\/ul>\n    <\/div><\/section>\n\n\n\n<h2 class=\"wp-block-heading\" id=\"tw-target-text\">O que a Meta ganha com o Ray-Ban<\/h2>\n\n\n\n<p id=\"tw-target-text\">Embora a Meta historicamente tenha que entregar seus aplicativos e servi\u00e7os por meio de smartphones criados por concorrentes, os \u00f3culos oferecem \u00e0 empresa a chance de construir seu pr\u00f3prio hardware e controlar sua pr\u00f3pria distribui\u00e7\u00e3o, afirmou Zuckerberg.<\/p>\n\n\n\n<p id=\"tw-target-text\">O acordo d\u00e1 \u00e0 Meta a vantagem de ter um conhecimento mais detalhado da fabrica\u00e7\u00e3o e redes de distribui\u00e7\u00e3o globais, fundamentais para transformar seus \u00f3culos inteligentes em produtos de mercado de massa.<\/p>\n\n\n\n<p id=\"tw-target-text\">Para a EssilorLuxottica, o acordo proporciona uma presen\u00e7a mais profunda no mundo da tecnologia, o que seria \u00fatil se as apostas futuristas da Meta derem certo. A Meta tamb\u00e9m aposta na ideia de que um dia as pessoas trabalhar\u00e3o e se divertir\u00e3o usando fones de ouvido ou \u00f3culos.<\/p>\n\n\n\n<p id=\"tw-target-text\">As a\u00e7\u00f5es da Warby Parker, fabricante concorrente de \u00f3culos, subiram 4,3% com a reportagem da Bloomberg.<\/p>\n","protected":false},"excerpt":{"rendered":"<p>Controladora do Facebook adquiriu pouco menos de 3% da EssilorLuxottica, fabricante do Ray-Ban<\/p>\n","protected":false},"author":76,"featured_media":605191,"comment_status":"closed","ping_status":"closed","sticky":false,"template":"","format":"standard","meta":{"_acf_changed":false,"inline_featured_image":false,"footnotes":""},"categories":[6],"tags":[2323,1136,103105],"autor-wsj":[],"coauthors":[101325],"class_list":["post-687067","post","type-post","status-publish","format-standard","has-post-thumbnail","hentry","category-negocios","tag-robos","tag-mark-zuckerberg","tag-meta"],"acf":[],"amp_enabled":true,"_links":{"self":[{"href":"https:\/\/investnews.com.br\/inv-api\/wp\/v2\/posts\/687067","targetHints":{"allow":["GET"]}}],"collection":[{"href":"https:\/\/investnews.com.br\/inv-api\/wp\/v2\/posts"}],"about":[{"href":"https:\/\/investnews.com.br\/inv-api\/wp\/v2\/types\/post"}],"author":[{"embeddable":true,"href":"https:\/\/investnews.com.br\/inv-api\/wp\/v2\/users\/76"}],"replies":[{"embeddable":true,"href":"https:\/\/investnews.com.br\/inv-api\/wp\/v2\/comments?post=687067"}],"version-history":[{"count":5,"href":"https:\/\/investnews.com.br\/inv-api\/wp\/v2\/posts\/687067\/revisions"}],"predecessor-version":[{"id":687104,"href":"https:\/\/investnews.com.br\/inv-api\/wp\/v2\/posts\/687067\/revisions\/687104"}],"wp:featuredmedia":[{"embeddable":true,"href":"https:\/\/investnews.com.br\/inv-api\/wp\/v2\/media\/605191"}],"wp:attachment":[{"href":"https:\/\/investnews.com.br\/inv-api\/wp\/v2\/media?parent=687067"}],"wp:term":[{"taxonomy":"category","embeddable":true,"href":"https:\/\/investnews.com.br\/inv-api\/wp\/v2\/categories?post=687067"},{"taxonomy":"post_tag","embeddable":true,"href":"https:\/\/investnews.com.br\/inv-api\/wp\/v2\/tags?post=687067"},{"taxonomy":"autor-wsj","embeddable":true,"href":"https:\/\/investnews.com.br\/inv-api\/wp\/v2\/autor-wsj?post=687067"},{"taxonomy":"author","embeddable":true,"href":"https:\/\/investnews.com.br\/inv-api\/wp\/v2\/coauthors?post=687067"}],"curies":[{"name":"wp","href":"https:\/\/api.w.org\/{rel}","templated":true}]}}