{"id":687371,"date":"2025-07-09T18:11:52","date_gmt":"2025-07-09T21:11:52","guid":{"rendered":"https:\/\/investnews.com.br\/?p=687371"},"modified":"2025-07-09T18:17:21","modified_gmt":"2025-07-09T21:17:21","slug":"tarifas-de-trump-selam-terceira-queda-seguida-do-ibovespa-e-volta-do-dolar-para-a-casa-de-r-550","status":"publish","type":"post","link":"https:\/\/investnews.com.br\/financas\/tarifas-de-trump-selam-terceira-queda-seguida-do-ibovespa-e-volta-do-dolar-para-a-casa-de-r-550\/","title":{"rendered":"Tarifas de Trump selam terceira queda do Ibovespa e volta do d\u00f3lar para a casa de R$ 5,50"},"content":{"rendered":"\n<p>O Ibovespa fechou em queda nesta quarta-feira um pouco antes de o presidente dos Estados Unidos, Donald Trump, confirmar a aplica\u00e7\u00e3o de tarifas de 50% sobre produtos brasileiros. O principal \u00edndice da bolsa, por\u00e9m, reagiu \u00e0s amea\u00e7as feitas mais cedo pelo mandat\u00e1rio americano de que iria elevar as taxa\u00e7\u00f5es sobre produtos vindos do pa\u00eds.<\/p>\n\n\n\n<p>\u00cdndice de refer\u00eancia do mercado acion\u00e1rio brasileiro recuou 1,31%, a 137.480,79 pontos. Foi a terceira queda seguida do Ibovespa, um ajuste que vem ap\u00f3s o referencial renovar m\u00e1ximas hist\u00f3ricas no \u00faltimo dia 4, quando fechou acima dos 141 mil pontos pela primeira vez.<\/p>\n\n\n\n<p>O volume financeiro no preg\u00e3o desta quarta-feira somou R$ 22,2 bilh\u00f5es, em sess\u00e3o com feriado no Estado de S\u00e3o Paulo, embora a B3 tenha funcionado normalmente.<\/p>\n\n\n<section class=\"recirculation-area\">\n    <div class=\"container\">\n                <p class=\"title\">LEIA MAIS<\/p>\n     \n            <ul class=\"recirculation-list\" data-tracking-position=\"Leia mais\">\n                            <li class=\"list-item\">\n                    <a \n                        href=\"https:\/\/investnews.com.br\/economia\/trump-impoe-tarifa-de-50-contra-o-brasil-e-cita-bolsonaro\/\" \n                        title=\"Trump imp\u00f5e tarifa de 50% contra o Brasil e cita Bolsonaro\" \n                        class=\"item-title recirculation-link\"\n                        data-btn-name=\"Trump imp\u00f5e tarifa de 50% contra o Brasil e cita Bolsonaro\"\n                        data-posicao=\"Leia mais\"\n                        data-click-url=\"https:\/\/investnews.com.br\/economia\/trump-impoe-tarifa-de-50-contra-o-brasil-e-cita-bolsonaro\/\"\n                    >\n                        Trump imp\u00f5e tarifa de 50% contra o Brasil e cita Bolsonaro                    <\/a>\n                <\/li>\n                    <\/ul>\n    <\/div><\/section>\n\n\n\n<p>O d\u00f3lar \u00e0 vista subiu ante o real nesta quarta-feira, ultrapassando os R$ 5,50, conforme os investidores mostraram avers\u00e3o \u00e0 moeda brasileira diante das amea\u00e7as tarif\u00e1rias. O d\u00f3lar \u00e0 vista fechou com alta de 1,05%, a R$ 5,50359.<\/p>\n\n\n\n<p>De acordo com o analista Arthur Barbosa, da Aware Investments, a bolsa brasileira refletiu incertezas externas decorrentes do an\u00fancio de novas tarifas comerciais por Trump.<\/p>\n\n\n\n<p>Ele explicou que as tarifas t\u00eam potencial para pressionar os pre\u00e7os nos EUA, reduzindo as chances de cortes adicionais nas taxas de juros ainda este ano pelo Federal Reserve, o que pode afetar os fluxos de recursos para mercados emergentes.<\/p>\n\n\n<section class=\"recirculation-area\">\n    <div class=\"container\">\n                <p class=\"title\">LEIA MAIS<\/p>\n     \n            <ul class=\"recirculation-list\" data-tracking-position=\"Leia mais\">\n                            <li class=\"list-item\">\n                    <a \n                        href=\"https:\/\/investnews.com.br\/economia\/ata-do-fed-junho-2\/\" \n                        title=\"Ata do Fed mostra pouco apoio ao corte de juros\" \n                        class=\"item-title recirculation-link\"\n                        data-btn-name=\"Ata do Fed mostra pouco apoio ao corte de juros\"\n                        data-posicao=\"Leia mais\"\n                        data-click-url=\"https:\/\/investnews.com.br\/economia\/ata-do-fed-junho-2\/\"\n                    >\n                        Ata do Fed mostra pouco apoio ao corte de juros                    <\/a>\n                <\/li>\n                    <\/ul>\n    <\/div><\/section>\n\n\n\n<p>A rep\u00f3rteres em um evento com l\u00edderes da \u00c1frica Ocidental na Casa Branca, Trump afirmou que o Brasil &#8220;n\u00e3o tem sido bom&#8221; para os EUA. <\/p>\n\n\n\n<p>A ata da \u00faltima reuni\u00e3o de pol\u00edtica monet\u00e1ria do banco central norte-americano tamb\u00e9m ocupou as aten\u00e7\u00f5es. E, na vis\u00e3o de Barbosa, da Aware, refor\u00e7ou a postura cautelosa do Fed.<\/p>\n\n\n\n<p>O documento mostrou que &#8220;alguns&#8221; membros do Fed achavam que a taxa de juros poderia cair j\u00e1 neste m\u00eas, mas que a maioria continua preocupada, at\u00e9 certo ponto, com a press\u00e3o inflacion\u00e1ria oriunda das tarifas .<\/p>\n\n\n\n<p>Em Nova York, o S&amp;P 500, uma das refer\u00eancias do mercado acion\u00e1rio norte-americano, fechou em alta de 0,61%.<\/p>\n\n\n<section class=\"recirculation-area\">\n    <div class=\"container\">\n                <p class=\"title\">LEIA MAIS<\/p>\n     \n            <ul class=\"recirculation-list\" data-tracking-position=\"Leia mais\">\n                            <li class=\"list-item\">\n                    <a \n                        href=\"https:\/\/investnews.com.br\/financas\/iof-stf\/\" \n                        title=\"STF barra decis\u00f5es sobre o IOF tomadas por governo e Congresso; Moraes prop\u00f5e acordo\" \n                        class=\"item-title recirculation-link\"\n                        data-btn-name=\"STF barra decis\u00f5es sobre o IOF tomadas por governo e Congresso; Moraes prop\u00f5e acordo\"\n                        data-posicao=\"Leia mais\"\n                        data-click-url=\"https:\/\/investnews.com.br\/financas\/iof-stf\/\"\n                    >\n                        STF barra decis\u00f5es sobre o IOF tomadas por governo e Congresso; Moraes prop\u00f5e acordo                    <\/a>\n                <\/li>\n                    <\/ul>\n    <\/div><\/section>\n\n\n\n<p>A corre\u00e7\u00e3o na B3 tamb\u00e9m tem como pano de fundo eventos dom\u00e9sticos, em particular o clima menos amistoso entre governo e Congresso Nacional, com o Executivo insistindo no aumento de al\u00edquotas do Imposto sobre Opera\u00e7\u00f5es Financeiras (<a href=\"https:\/\/investnews.com.br\/guias\/iof\/\">IOF<\/a>).<\/p>\n\n\n\n<p>O analista da Aware tamb\u00e9m destacou coment\u00e1rio do presidente do BC brasileiro, Gabriel Gal\u00edpolo, de que a institui\u00e7\u00e3o seguir\u00e1 mantendo a pol\u00edtica monet\u00e1ria restritiva pelo tempo necess\u00e1rio para assegurar a converg\u00eancia da infla\u00e7\u00e3o \u00e0 meta.<\/p>\n\n\n\n<p>Gal\u00edpolo reafirmou que todos os membros do Comit\u00ea de Pol\u00edtica Monet\u00e1ria (<a href=\"https:\/\/investnews.com.br\/guias\/copom-taxa-selic\/\">Copom<\/a>) est\u00e3o &#8220;bastante incomodados&#8221; com a desancoragem das expectativas de mercado para a infla\u00e7\u00e3o e enfatizou que o BC persegue o centro da <a href=\"https:\/\/investnews.com.br\/guias\/meta-de-inflacao\/\">meta de infla\u00e7\u00e3o<\/a>, de 3%.<\/p>\n\n\n\n<p><\/p>\n","protected":false},"excerpt":{"rendered":"<p>\u00cdndice de refer\u00eancia do mercado acion\u00e1rio brasileiro recuou 1,31%, a 137.480,79 pontos<\/p>\n","protected":false},"author":61,"featured_media":582024,"comment_status":"closed","ping_status":"closed","sticky":false,"template":"","format":"standard","meta":{"_acf_changed":false,"inline_featured_image":false,"footnotes":""},"categories":[4],"tags":[26,102288],"autor-wsj":[],"coauthors":[2494],"class_list":["post-687371","post","type-post","status-publish","format-standard","has-post-thumbnail","hentry","category-financas","tag-dolar","tag-reuters"],"acf":[],"amp_enabled":true,"_links":{"self":[{"href":"https:\/\/investnews.com.br\/inv-api\/wp\/v2\/posts\/687371","targetHints":{"allow":["GET"]}}],"collection":[{"href":"https:\/\/investnews.com.br\/inv-api\/wp\/v2\/posts"}],"about":[{"href":"https:\/\/investnews.com.br\/inv-api\/wp\/v2\/types\/post"}],"author":[{"embeddable":true,"href":"https:\/\/investnews.com.br\/inv-api\/wp\/v2\/users\/61"}],"replies":[{"embeddable":true,"href":"https:\/\/investnews.com.br\/inv-api\/wp\/v2\/comments?post=687371"}],"version-history":[{"count":5,"href":"https:\/\/investnews.com.br\/inv-api\/wp\/v2\/posts\/687371\/revisions"}],"predecessor-version":[{"id":687403,"href":"https:\/\/investnews.com.br\/inv-api\/wp\/v2\/posts\/687371\/revisions\/687403"}],"wp:featuredmedia":[{"embeddable":true,"href":"https:\/\/investnews.com.br\/inv-api\/wp\/v2\/media\/582024"}],"wp:attachment":[{"href":"https:\/\/investnews.com.br\/inv-api\/wp\/v2\/media?parent=687371"}],"wp:term":[{"taxonomy":"category","embeddable":true,"href":"https:\/\/investnews.com.br\/inv-api\/wp\/v2\/categories?post=687371"},{"taxonomy":"post_tag","embeddable":true,"href":"https:\/\/investnews.com.br\/inv-api\/wp\/v2\/tags?post=687371"},{"taxonomy":"autor-wsj","embeddable":true,"href":"https:\/\/investnews.com.br\/inv-api\/wp\/v2\/autor-wsj?post=687371"},{"taxonomy":"author","embeddable":true,"href":"https:\/\/investnews.com.br\/inv-api\/wp\/v2\/coauthors?post=687371"}],"curies":[{"name":"wp","href":"https:\/\/api.w.org\/{rel}","templated":true}]}}