{"id":687405,"date":"2025-07-09T18:34:37","date_gmt":"2025-07-09T21:34:37","guid":{"rendered":"https:\/\/investnews.com.br\/?p=687405"},"modified":"2026-03-25T10:58:36","modified_gmt":"2026-03-25T13:58:36","slug":"tarifa-de-50-imposta-por-trump-ao-brasil-leva-dolar-futuro-a-alta-de-quase-3","status":"publish","type":"post","link":"https:\/\/investnews.com.br\/financas\/tarifa-de-50-imposta-por-trump-ao-brasil-leva-dolar-futuro-a-alta-de-quase-3\/","title":{"rendered":"Tarifa de 50% imposta por Trump ao Brasil leva  d\u00f3lar futuro a alta de quase 3%"},"content":{"rendered":"\n<p>O an\u00fancio do presidente dos Estados Unidos, Donald Trump, de que pretende impor tarifas de <strong>50% sobre produtos brasileiros<\/strong> causou forte impacto nas negocia\u00e7\u00f5es do chamado &#8220;after market&#8221;, que ocorrem ap\u00f3s o fechamento das bolsas. <\/p>\n\n\n\n<p>O <a href=\"https:\/\/investnews.com.br\/guias\/tipos-de-dolar\/\">d\u00f3lar futuro<\/a> teve um ganho de <strong>at\u00e9 2,9% frente ao <\/strong>real. As a\u00e7\u00f5es da <strong>Embraer (<a href=\"https:\/\/investnews.com.br\/guias\/adrs-o-que-sao\/\">ADR<\/a>)<\/strong>, uma das principais exportadoras brasileiras para os EUA, <strong>despencaram at\u00e9 9% no after market<\/strong>. O fundo <strong>iShares MSCI Brazil <a href=\"https:\/\/investnews.com.br\/guias\/etfs-o-que-sao-como-funcionam\/\">ETF<\/a><\/strong>, que rastreia a\u00e7\u00f5es brasileiras negociadas em bolsa americana, caiu at\u00e9 1,9%.<\/p>\n\n\n<section class=\"recirculation-area\">\n    <div class=\"container\">\n                <p class=\"title\">LEIA MAIS<\/p>\n     \n            <ul class=\"recirculation-list\" data-tracking-position=\"Leia mais\">\n                            <li class=\"list-item\">\n                    <a \n                        href=\"https:\/\/investnews.com.br\/economia\/real-fraco-embraer-e-aco-como-o-brasil-quase-zerou-o-deficit-comercial-com-os-eua\/\" \n                        title=\"Embraer,  a\u00e7o e real fraco: como o Brasil quase zerou o d\u00e9ficit comercial com os EUA\" \n                        class=\"item-title recirculation-link\"\n                        data-btn-name=\"Embraer,  a\u00e7o e real fraco: como o Brasil quase zerou o d\u00e9ficit comercial com os EUA\"\n                        data-posicao=\"Leia mais\"\n                        data-click-url=\"https:\/\/investnews.com.br\/economia\/real-fraco-embraer-e-aco-como-o-brasil-quase-zerou-o-deficit-comercial-com-os-eua\/\"\n                    >\n                        Embraer,  a\u00e7o e real fraco: como o Brasil quase zerou o d\u00e9ficit comercial com os EUA                    <\/a>\n                <\/li>\n                    <\/ul>\n    <\/div><\/section>\n\n\n\n<p>Trump justificou a medida alegando que o Brasil estaria promovendo \u201c<strong>ataques insidiosos contra elei\u00e7\u00f5es livres<\/strong>\u201d e contra os \u201c<strong>direitos fundamentais de liberdade de express\u00e3o dos americanos<\/strong>\u201d. A declara\u00e7\u00e3o marca uma escalada ret\u00f3rica contra o presidente Luiz In\u00e1cio Lula da Silva e sinaliza uma reaproxima\u00e7\u00e3o pol\u00edtica com o ex-presidente Jair Bolsonaro, que enfrenta julgamento por tentativa de golpe.<\/p>\n\n\n<section class=\"recirculation-area\">\n    <div class=\"container\">\n                <p class=\"title\">LEIA MAIS<\/p>\n     \n            <ul class=\"recirculation-list\" data-tracking-position=\"Leia mais\">\n                            <li class=\"list-item\">\n                    <a \n                        href=\"https:\/\/investnews.com.br\/financas\/tarifas-de-trump-selam-terceira-queda-seguida-do-ibovespa-e-volta-do-dolar-para-a-casa-de-r-550\/\" \n                        title=\"Tarifas de Trump selam terceira queda do Ibovespa e volta do d\u00f3lar para a casa de R$ 5,50\" \n                        class=\"item-title recirculation-link\"\n                        data-btn-name=\"Tarifas de Trump selam terceira queda do Ibovespa e volta do d\u00f3lar para a casa de R$ 5,50\"\n                        data-posicao=\"Leia mais\"\n                        data-click-url=\"https:\/\/investnews.com.br\/financas\/tarifas-de-trump-selam-terceira-queda-seguida-do-ibovespa-e-volta-do-dolar-para-a-casa-de-r-550\/\"\n                    >\n                        Tarifas de Trump selam terceira queda do Ibovespa e volta do d\u00f3lar para a casa de R$ 5,50                    <\/a>\n                <\/li>\n                            <li class=\"list-item\">\n                    <a \n                        href=\"https:\/\/investnews.com.br\/economia\/trump-impoe-tarifa-de-50-contra-o-brasil-e-cita-bolsonaro\/\" \n                        title=\"Trump imp\u00f5e tarifa de 50% contra o Brasil e cita Bolsonaro\" \n                        class=\"item-title recirculation-link\"\n                        data-btn-name=\"Trump imp\u00f5e tarifa de 50% contra o Brasil e cita Bolsonaro\"\n                        data-posicao=\"Leia mais\"\n                        data-click-url=\"https:\/\/investnews.com.br\/economia\/trump-impoe-tarifa-de-50-contra-o-brasil-e-cita-bolsonaro\/\"\n                    >\n                        Trump imp\u00f5e tarifa de 50% contra o Brasil e cita Bolsonaro                    <\/a>\n                <\/li>\n                    <\/ul>\n    <\/div><\/section>\n\n\n\n<h2 class=\"wp-block-heading\">Brasil sai de tarifa m\u00ednima para alvo priorit\u00e1rio<\/h2>\n\n\n\n<p>Inicialmente, o Brasil enfrentaria apenas a al\u00edquota m\u00ednima de <strong>10%<\/strong> dentro do pacote de tarifas rec\u00edprocas anunciado por Trump em abril. No entanto, a nova carta foi a primeira grande revis\u00e3o para cima nas taxas e o primeiro caso de um pa\u00eds n\u00e3o previamente sinalizado para aumento \u2014 evid\u00eancia, segundo analistas, de uma frustra\u00e7\u00e3o pessoal crescente por parte do presidente americano.<\/p>\n\n\n\n<p>\u201cProdutos sider\u00fargicos, equipamentos de transporte (especialmente aeronaves), m\u00e1quinas especializadas e minerais n\u00e3o met\u00e1licos representam parcela significativa das exporta\u00e7\u00f5es brasileiras aos EUA,\u201d explicou <strong>Felipe Arslan<\/strong>, CEO da Morada Capital.<\/p>\n\n\n\n<h2 class=\"wp-block-heading\">Trump cita Bolsonaro e ataca julgamento no Brasil<\/h2>\n\n\n\n<p>Durante um evento na Casa Branca, Trump afirmou que o Brasil \u201c<strong>n\u00e3o tem sido bom conosco<\/strong>\u201d e que sua decis\u00e3o foi \u201c<strong>baseada em fatos muito substanciais e no hist\u00f3rico passado<\/strong>\u201d.<\/p>\n\n\n\n<p>Em outro trecho da carta, o ex-presidente norte-americano <strong>pediu o fim do julgamento de Jair Bolsonaro<\/strong>, classificando o processo como uma \u201cca\u00e7a \u00e0s bruxas\u201d e dizendo que \u201c<strong>esse julgamento n\u00e3o deveria estar acontecendo. Deveria acabar IMEDIATAMENTE<\/strong>\u201d.<\/p>\n\n\n\n<p>A rea\u00e7\u00e3o do governo brasileiro veio rapidamente. No encerramento da <strong>c\u00fapula dos BRICS no Rio de Janeiro<\/strong>, Lula rebateu com firmeza: \u201c<strong>Trump deveria cuidar dos assuntos dele<\/strong>\u201d, disse, chamando a amea\u00e7a tarif\u00e1ria feita por redes sociais de \u201c<strong>irrespons\u00e1vel<\/strong>\u201d.<\/p>\n\n\n\n<p>O <strong>Itamaraty convocou o encarregado de neg\u00f3cios dos EUA em Bras\u00edlia<\/strong> para prestar esclarecimentos. J\u00e1 o Supremo Tribunal Federal, que conduz o processo contra Bolsonaro, optou por n\u00e3o comentar.<\/p>\n\n\n\n<h2 class=\"wp-block-heading\">Tens\u00e3o em meio \u00e0 c\u00fapula dos BRICS<\/h2>\n\n\n\n<p>A escalada ocorre poucos dias ap\u00f3s Trump amea\u00e7ar os pa\u00edses do BRICS por supostas pol\u00edticas \u201c<strong>antiamericanas<\/strong>\u201d. Na declara\u00e7\u00e3o oficial da c\u00fapula, os l\u00edderes \u2014 entre eles Lula \u2014 criticaram tarifas distorcivas e ataques militares ao Ir\u00e3, sem citar diretamente os EUA, mas contrariando posi\u00e7\u00f5es defendidas por Trump.<\/p>\n\n\n\n<p>Apesar do tom duro, o vice-presidente e ministro da Ind\u00fastria, <strong>Geraldo Alckmin<\/strong>, buscou manter a diplomacia: \u201c<strong>Qualquer medida contra o Brasil seria injusta e prejudicaria tamb\u00e9m a economia americana<\/strong>,\u201d disse. Ele ainda destacou que o Brasil mant\u00e9m super\u00e1vit dos EUA na balan\u00e7a comercial \u2014 importando <strong>US$ 44 bilh\u00f5es<\/strong> em 2024, contra <strong>US$ 42 bilh\u00f5es<\/strong> em exporta\u00e7\u00f5es brasileiras para os EUA, segundo o Censo dos EUA.<\/p>\n\n\n\n<p>Diferentemente de outros pa\u00edses citados por Trump \u2014 como Iraque, Filipinas e na\u00e7\u00f5es africanas \u2014 o Brasil est\u00e1 entre os <strong>20 principais parceiros comerciais dos EUA<\/strong>, e <strong>n\u00e3o possui super\u00e1vit comercial<\/strong> frente aos americanos. Isso torna a amea\u00e7a tarif\u00e1ria ainda mais incomum e potencialmente danosa para ambos os lados.<\/p>\n\n\n\n<p>Trump manteve inalteradas as tarifas sobre a \u00c1frica do Sul, outro membro do BRICS. O bloco foi ampliado recentemente com a entrada de <strong>Eti\u00f3pia, Egito, Ir\u00e3, Indon\u00e9sia<\/strong> e <strong>Emirados \u00c1rabes Unidos<\/strong>.<\/p>\n\n\n\n<p><\/p>\n","protected":false},"excerpt":{"rendered":"<p>ADRs da Embraer tiveram queda de 9% no after market<\/p>\n","protected":false},"author":76,"featured_media":666131,"comment_status":"closed","ping_status":"closed","sticky":false,"template":"","format":"standard","meta":{"_acf_changed":false,"inline_featured_image":false,"footnotes":""},"categories":[4],"tags":[236,234],"autor-wsj":[],"coauthors":[101325],"class_list":["post-687405","post","type-post","status-publish","format-standard","has-post-thumbnail","hentry","category-financas","tag-eua","tag-jair-bolsonaro"],"acf":[],"amp_enabled":true,"_links":{"self":[{"href":"https:\/\/investnews.com.br\/inv-api\/wp\/v2\/posts\/687405","targetHints":{"allow":["GET"]}}],"collection":[{"href":"https:\/\/investnews.com.br\/inv-api\/wp\/v2\/posts"}],"about":[{"href":"https:\/\/investnews.com.br\/inv-api\/wp\/v2\/types\/post"}],"author":[{"embeddable":true,"href":"https:\/\/investnews.com.br\/inv-api\/wp\/v2\/users\/76"}],"replies":[{"embeddable":true,"href":"https:\/\/investnews.com.br\/inv-api\/wp\/v2\/comments?post=687405"}],"version-history":[{"count":5,"href":"https:\/\/investnews.com.br\/inv-api\/wp\/v2\/posts\/687405\/revisions"}],"predecessor-version":[{"id":773314,"href":"https:\/\/investnews.com.br\/inv-api\/wp\/v2\/posts\/687405\/revisions\/773314"}],"wp:featuredmedia":[{"embeddable":true,"href":"https:\/\/investnews.com.br\/inv-api\/wp\/v2\/media\/666131"}],"wp:attachment":[{"href":"https:\/\/investnews.com.br\/inv-api\/wp\/v2\/media?parent=687405"}],"wp:term":[{"taxonomy":"category","embeddable":true,"href":"https:\/\/investnews.com.br\/inv-api\/wp\/v2\/categories?post=687405"},{"taxonomy":"post_tag","embeddable":true,"href":"https:\/\/investnews.com.br\/inv-api\/wp\/v2\/tags?post=687405"},{"taxonomy":"autor-wsj","embeddable":true,"href":"https:\/\/investnews.com.br\/inv-api\/wp\/v2\/autor-wsj?post=687405"},{"taxonomy":"author","embeddable":true,"href":"https:\/\/investnews.com.br\/inv-api\/wp\/v2\/coauthors?post=687405"}],"curies":[{"name":"wp","href":"https:\/\/api.w.org\/{rel}","templated":true}]}}