{"id":687430,"date":"2025-07-09T20:08:04","date_gmt":"2025-07-09T23:08:04","guid":{"rendered":"https:\/\/investnews.com.br\/?p=687430"},"modified":"2025-07-09T20:08:11","modified_gmt":"2025-07-09T23:08:11","slug":"consumidor-de-cafe-dos-eua-vai-ser-onerado-com-tarifa-de-50","status":"publish","type":"post","link":"https:\/\/investnews.com.br\/negocios\/consumidor-de-cafe-dos-eua-vai-ser-onerado-com-tarifa-de-50\/","title":{"rendered":"Consumidor de caf\u00e9 dos EUA vai ser onerado com tarifa de 50%"},"content":{"rendered":"\n<p>O consumidor de caf\u00e9 dos EUA ser\u00e1 onerado com a tarifa de 50% anunciada pelo presidente norte-americano, Donald Trump, ao Brasil. O pa\u00eds \u00e9 o principal fornecedor do gr\u00e3o ao mercado americano, disse nesta quarta-feira o diretor-geral do Conselho dos Exportadores de Caf\u00e9 do Brasil (Cecaf\u00e9), Marcos Matos.<\/p>\n\n\n\n<p>Matos afirmou que a entidade acompanha com muita aten\u00e7\u00e3o a discuss\u00e3o sobre tarifas dos EUA, j\u00e1 que o pa\u00eds \u00e9 o maior consumidor mundial de caf\u00e9, enquanto o Brasil \u00e9 o principal produtor e exportador.<\/p>\n\n\n<section class=\"recirculation-area\">\n    <div class=\"container\">\n                <p class=\"title\">LEIA MAIS<\/p>\n     \n            <ul class=\"recirculation-list\" data-tracking-position=\"Leia mais\">\n                            <li class=\"list-item\">\n                    <a \n                        href=\"https:\/\/investnews.com.br\/economia\/802-em-12-meses-preco-do-cafe-moido-tem-maior-alta-desde-o-inicio-do-plano-real\/\" \n                        title=\"80,2% em 12 meses: pre\u00e7o do caf\u00e9 mo\u00eddo tem maior alta desde o in\u00edcio do Plano Real\" \n                        class=\"item-title recirculation-link\"\n                        data-btn-name=\"80,2% em 12 meses: pre\u00e7o do caf\u00e9 mo\u00eddo tem maior alta desde o in\u00edcio do Plano Real\"\n                        data-posicao=\"Leia mais\"\n                        data-click-url=\"https:\/\/investnews.com.br\/economia\/802-em-12-meses-preco-do-cafe-moido-tem-maior-alta-desde-o-inicio-do-plano-real\/\"\n                    >\n                        80,2% em 12 meses: pre\u00e7o do caf\u00e9 mo\u00eddo tem maior alta desde o in\u00edcio do Plano Real                    <\/a>\n                <\/li>\n                            <li class=\"list-item\">\n                    <a \n                        href=\"https:\/\/investnews.com.br\/negocios\/cafe-cacau-volatilidade\/\" \n                        title=\"Como a volatilidade mudou completamente o com\u00e9rcio de caf\u00e9 e cacau no mundo\" \n                        class=\"item-title recirculation-link\"\n                        data-btn-name=\"Como a volatilidade mudou completamente o com\u00e9rcio de caf\u00e9 e cacau no mundo\"\n                        data-posicao=\"Leia mais\"\n                        data-click-url=\"https:\/\/investnews.com.br\/negocios\/cafe-cacau-volatilidade\/\"\n                    >\n                        Como a volatilidade mudou completamente o com\u00e9rcio de caf\u00e9 e cacau no mundo                    <\/a>\n                <\/li>\n                    <\/ul>\n    <\/div><\/section>\n\n\n\n<p>Ele afirmou ainda que os exportadores de caf\u00e9 t\u00eam esperan\u00e7a de que &#8220;bom senso e a previsibilidade de mercado&#8221; prevale\u00e7am, j\u00e1 que est\u00e3o trabalhando em &#8220;agenda positiva&#8221; junto a parceiros nos EUA.<\/p>\n\n\n\n<p>O setor tem defendido que o caf\u00e9 seja inclu\u00eddo em uma lista de exce\u00e7\u00f5es isenta de tarifas nos EUA, que j\u00e1 haviam taxado anteriormente os produtos do Brasil com uma tarifa b\u00e1sica de 10%.<\/p>\n\n\n\n<p>(Por Let\u00edcia Fucuchima)<\/p>\n","protected":false},"excerpt":{"rendered":"<p>O Brasil \u00e9 o principal fornecedor de gr\u00e3os de caf\u00e9 para os EUA<\/p>\n","protected":false},"author":61,"featured_media":582497,"comment_status":"closed","ping_status":"closed","sticky":false,"template":"","format":"standard","meta":{"_acf_changed":false,"inline_featured_image":false,"footnotes":""},"categories":[6],"tags":[236,102288],"autor-wsj":[],"coauthors":[2494],"class_list":["post-687430","post","type-post","status-publish","format-standard","has-post-thumbnail","hentry","category-negocios","tag-eua","tag-reuters"],"acf":[],"amp_enabled":true,"_links":{"self":[{"href":"https:\/\/investnews.com.br\/inv-api\/wp\/v2\/posts\/687430","targetHints":{"allow":["GET"]}}],"collection":[{"href":"https:\/\/investnews.com.br\/inv-api\/wp\/v2\/posts"}],"about":[{"href":"https:\/\/investnews.com.br\/inv-api\/wp\/v2\/types\/post"}],"author":[{"embeddable":true,"href":"https:\/\/investnews.com.br\/inv-api\/wp\/v2\/users\/61"}],"replies":[{"embeddable":true,"href":"https:\/\/investnews.com.br\/inv-api\/wp\/v2\/comments?post=687430"}],"version-history":[{"count":2,"href":"https:\/\/investnews.com.br\/inv-api\/wp\/v2\/posts\/687430\/revisions"}],"predecessor-version":[{"id":687444,"href":"https:\/\/investnews.com.br\/inv-api\/wp\/v2\/posts\/687430\/revisions\/687444"}],"wp:featuredmedia":[{"embeddable":true,"href":"https:\/\/investnews.com.br\/inv-api\/wp\/v2\/media\/582497"}],"wp:attachment":[{"href":"https:\/\/investnews.com.br\/inv-api\/wp\/v2\/media?parent=687430"}],"wp:term":[{"taxonomy":"category","embeddable":true,"href":"https:\/\/investnews.com.br\/inv-api\/wp\/v2\/categories?post=687430"},{"taxonomy":"post_tag","embeddable":true,"href":"https:\/\/investnews.com.br\/inv-api\/wp\/v2\/tags?post=687430"},{"taxonomy":"autor-wsj","embeddable":true,"href":"https:\/\/investnews.com.br\/inv-api\/wp\/v2\/autor-wsj?post=687430"},{"taxonomy":"author","embeddable":true,"href":"https:\/\/investnews.com.br\/inv-api\/wp\/v2\/coauthors?post=687430"}],"curies":[{"name":"wp","href":"https:\/\/api.w.org\/{rel}","templated":true}]}}