{"id":688834,"date":"2025-07-16T06:00:00","date_gmt":"2025-07-16T09:00:00","guid":{"rendered":"https:\/\/investnews.com.br\/?p=688834"},"modified":"2025-07-16T13:39:12","modified_gmt":"2025-07-16T16:39:12","slug":"do-fiado-ao-bilhao-como-a-varejista-mm-dominou-o-interior-do-pais-com-marketing-de-bairro","status":"publish","type":"post","link":"https:\/\/investnews.com.br\/negocios\/do-fiado-ao-bilhao-como-a-varejista-mm-dominou-o-interior-do-pais-com-marketing-de-bairro\/","title":{"rendered":"Do fiado ao bilh\u00e3o: como a varejista MM dominou o interior do pa\u00eds com marketing de bairro"},"content":{"rendered":"\n<p>A pris\u00e3o inusitada de um galo chocou os 32 mil habitantes da pequena cidade de Ivaipor\u00e3, no norte do Paran\u00e1, em<a href=\"https:\/\/g1.globo.com\/pr\/norte-noroeste\/noticia\/2021\/06\/07\/galo-e-apreendido-apos-cantar-durante-a-madrugada-em-ivaipora-diz-pm.ghtml\" target=\"_blank\" rel=\"noopener\"> 2021<\/a>. O perturbador da ordem cantava alto de madrugada e atrapalhava o sono dos vizinhos, que chamaram a pol\u00edcia.&nbsp;<\/p>\n\n\n\n<p>Levado de cambur\u00e3o para a cadeia, o bicho ficou preso por dois dias, virou meme, foi a leil\u00e3o e acabou garoto-propaganda do <strong>Grupo MM<\/strong>, uma rede de <strong>varejo<\/strong> paranaense. Com sua fama, ajudou a companhia a vender seus m\u00f3veis e eletrodom\u00e9sticos.&nbsp;<\/p>\n\n\n\n<p>Talvez voc\u00ea nunca tenha ouvido falar da MM \u2013 muito menos do galo. Mas \u00e9 assim que a varejista cresce: com muita publicidade local, voltada \u00e0 popula\u00e7\u00e3o das zonas rurais, e longe dos holofotes publicit\u00e1rios disputados por <strong>Magazine Luiza<\/strong> e <strong>Casas Bahia<\/strong>.&nbsp;<\/p>\n\n\n\n<p>Mesmo assim, essa companhia de Ponta Grossa (PR) faturou R$ 1,8 bilh\u00e3o em 2024, emprega 2,5 mil pessoas em 230 lojas \u2013 espalhadas por centenas de cidades do interior do Paran\u00e1, Santa Catarina, S\u00e3o Paulo e Mato Grosso do Sul. Cresce 15% ao ano em receita, mesmo ritmo do progresso econ\u00f4mico de seu p\u00fablico alvo, os agricultores \u2013&nbsp;mesmo sem nunca ter investido em propaganda na grande m\u00eddia.&nbsp;<\/p>\n\n\n\n<p>A tradi\u00e7\u00e3o na varejista, fundada em 1978, \u00e9 direcionar 1,5% do faturamento para a parte de marketing. Sempre em a\u00e7\u00f5es particularmente regionais. \u00c9 patroc\u00ednio de bingo, de festa da polenta, promo\u00e7\u00e3o em \u00e9poca de colheita, casamento coletivo\u2026<\/p>\n\n\n\n<p>\u201cAt\u00e9 corrida de tartaruga n\u00f3s j\u00e1 patrocinamos. Vale tudo o que aproxime a gente das pessoas do interior\u201d, conta <strong>M\u00e1rcio Pauliki, CEO da do Grupo MM,<\/strong> 52 anos. \u201cAl\u00e9m de mais em conta, \u00e9 mais certeiro para n\u00f3s\u201d.&nbsp;<\/p>\n\n\n\n<p>M\u00e1rcio \u00e9 o primog\u00eanito dos quatro herdeiros de <strong>Jeroslau Pauliki<\/strong>, fundador da rede que hoje, aos 82 anos, preside o conselho da empresa.\u00a0<\/p>\n\n\n\n<p>Filho de imigrantes ucranianos, Jeroslau nasceu na pequena Arapoti, interior do Paran\u00e1, e come\u00e7ou a trabalhar aos 8 anos para ajudar a fam\u00edlia. Vendeu pirulito, engraxou sapatos, foi cobrador de \u00f4nibus, barbeiro\u2026 At\u00e9 que, com um curso de datilografia e muito esfor\u00e7o, virou gerente de uma fornecedora de materiais para tape\u00e7arias, em Ponta Grossa.<\/p>\n\n\n\n<p>Um dia teve de cobrar um cliente caloteiro. Recebeu beliches mais alguns m\u00f3veis de madeira como pagamento. Mas o patr\u00e3o n\u00e3o gostou do escambo. Acabou deixando os m\u00f3veis com ele.<\/p>\n\n\n\n<p>Sem o que fazer com a tralha, Jeroslau levou para vender no bairro da Ronda, pr\u00f3ximo \u00e0 rodovi\u00e1ria da cidade. Ouviu que, ali, se ele vendesse, s\u00f3 se fosse para algum b\u00eabado que estivesse passando.&nbsp;<\/p>\n\n\n\n<p>Foi justamente o que aconteceu. Um sujeito que tinha tomado todas levou o estoque inteiro, na empolga\u00e7\u00e3o.<\/p>\n\n\n\n<p>A venda rel\u00e2mpago serviu de gatilho. Jeroslau decidiu, ent\u00e3o, vender o \u00fanico bem que tinha, uma Bras\u00edlia amarela, e investir na primeira loja do Mercado M\u00f3veis, nome original da rede.&nbsp;<\/p>\n\n\n\n<p>O crescimento foi naquele ritmo de <a href=\"https:\/\/investnews.com.br\/guias\/o-que-sao-juros-compostos\/\">juros compostos<\/a>. Devagar no come\u00e7o, exponencial depois. At\u00e9 1994, o empreendimento original tinha se transformado em quatro lojas no interior paranaense. Em 2004, depois de a segunda gera\u00e7\u00e3o ter entrado no neg\u00f3cio, o n\u00famero tinha saltado para 24, com faturamento de R$ 180 milh\u00f5es. Vinte anos depois, eram 230 endere\u00e7os, que multipliocaram o faturamento por 10: aquele R$ 1,8 bilh\u00e3o de 2024.&nbsp;<\/p>\n\n\n<section class=\"recirculation-area\">\n    <div class=\"container\">\n                <p class=\"title\">Leia tamb\u00e9m<\/p>\n     \n            <ul class=\"recirculation-list\" data-tracking-position=\"outros\">\n                            <li class=\"list-item\">\n                    <a href=\"https:\/\/investnews.com.br\/negocios\/do-basico-ao-brilho-o-que-explica-a-alta-de-178-da-ca-em-2025\/\" title=\"Do b\u00e1sico ao brilho: o que explica a alta de 178% da C&amp;A em 2025\" class=\"item-title recirculation-link\" data-btn-name=\"Do b\u00e1sico ao brilho: o que explica a alta de 178% da C&amp;A em 2025\" data-posicao=\"outros\" data-click-url=\"https:\/\/investnews.com.br\/negocios\/do-basico-ao-brilho-o-que-explica-a-alta-de-178-da-ca-em-2025\/\">\n                        Do b\u00e1sico ao brilho: o que explica a alta de 178% da C&amp;A em 2025                    <\/a>\n                <\/li>\n                    <\/ul>\n    <\/div><\/section>\n\n\n\n<p>\u201cNosso desafio \u00e9 crescer sem perder o jeit\u00e3o de interior. Atender bem quem as grandes redes n\u00e3o conseguem alcan\u00e7ar\u201d, conta M\u00e1rcio.&nbsp;<\/p>\n\n\n\n<h2 class=\"wp-block-heading\"><strong>Credi\u00e1rio e liqui<\/strong>dez<\/h2>\n\n\n\n<p>No come\u00e7o, o MM vendia fiado, com as d\u00edvidas dos clientes anotadas num caderninho. Era uma forma de financiar com capital pr\u00f3prio os clientes sem acesso a cr\u00e9dito.&nbsp;A pr\u00e1tica segue, em sua vers\u00e3o moderna: cerca de 70% das vendas s\u00e3o financiadas pelo credi\u00e1rio da casa.&nbsp;<\/p>\n\n\n\n<p>Outra estrat\u00e9gia \u00e9 recompensar os funcion\u00e1rios por desempenho. Gerentes de lojas ganham at\u00e9 40% a mais se atingirem metas de vendas, de limpeza e de gest\u00e3o de pessoas. Isso ajuda a manter a rotatividade baixa: em m\u00e9dia, os funcion\u00e1rios trabalham h\u00e1 15 anos na empresa.&nbsp;<\/p>\n\n\n\n<p>O MM usa o pr\u00f3prio caixa para financiar o grosso da opera\u00e7\u00e3o. A alavancagem, ent\u00e3o, \u00e9 diminuta: 0,85x o <a href=\"https:\/\/investnews.com.br\/guias\/ebitda-o-que-e-como-calcular\/\">ebitda<\/a> (lucro antes de impostos etc.) \u2013 lembrando que at\u00e9 2x j\u00e1 seria um patamar saud\u00e1vel, de boa liquidez. <\/p>\n\n\n\n<p>Outra vantagem da MM \u00e9 justamente contar com credi\u00e1rio pr\u00f3prio \u2013 \u00e0 exemplo das grandes varejistas, que acabam funcionando tamb\u00e9m como institui\u00e7\u00f5es financeiras.<\/p>\n\n\n\n<p>\u201cE no caso dela s\u00e3o produtos de margem maior (m\u00f3veis), e menos competi\u00e7\u00e3o de oferta. Tudo acaba servindo como uma prote\u00e7\u00e3o\u201d, diz <strong>Alberto Serrentino, <\/strong>s\u00f3cio da consultoria<strong> Varese Retail<\/strong>.<\/p>\n\n\n\n<h2 class=\"wp-block-heading\"><strong>Do varejo ao atacado<\/strong><\/h2>\n\n\n\n<p>Depois das vacas magras da pandemia, o grupo montou um centro de distribui\u00e7\u00e3o em <strong>Campina\u202fGrande<\/strong>, na Para\u00edba, para atender, no atacado, pequenas lojas de m\u00f3veis e de eletrodom\u00e9sticos do Nordeste. Trata-se de empreendimentos familiares, que acabam n\u00e3o conseguindo pre\u00e7os melhores diretamente com os fabricantes.&nbsp;<\/p>\n\n\n\n<p>Aberta h\u00e1 tr\u00eas anos, a opera\u00e7\u00e3o atende 2 mil lojistas e colhe vendas mensais 23% maiores a cada ano. A segunda unidade vai abrir em <strong>Feira de Santana<\/strong>, Bahia, no segundo semestre deste ano, como parte do plano de aumentar o faturamento para R$ 3,5 bilh\u00f5es at\u00e9 2031.<\/p>\n\n\n\n<p>\u201cDepois do caso Americanas, os fornecedores passaram a tratar melhor redes como a nossa.&nbsp; E queremos ajudar as menores a ofertar produtos de melhor qualidade e pre\u00e7o\u201d, diz Pauliki. Enquanto, o MM lucra junto, \u00e9 claro.&nbsp;&nbsp;&nbsp;<\/p>\n\n\n\n<p>A empresa estima que h\u00e1 mais de 50 mil lojistas de m\u00f3veis e eletrodom\u00e9sticos em cidades com menos de 40 mil habitantes \u2013&nbsp; onde as entregas das vendas online chegam com muito atraso e custo. \u201cNum pa\u00eds de dimens\u00f5es grandiosas como o\u202fnosso, por mais que as grandes redes marquem presen\u00e7a, sempre haver\u00e1 lacunas entre um p\u00f3lo urbano e outro; \u00e9 onde as redes regionais crescem\u201d, diz <strong>Eduardo\u202fYamashita<\/strong>, da consultoria <strong>Gouv\u00eaa\u202fEcosystem<\/strong>.&nbsp;<\/p>\n\n\n\n<p>O grande desafio vir\u00e1 quando as redes nacionais conseguirem igualar as regionais em pre\u00e7o e prazo de entrega \u2013 miss\u00e3o que deve ficar para a terceira gera\u00e7\u00e3o de netos e netas de Jeroslau Pauliki, que se preparam trabalhando na empresa da fam\u00edlia.\u00a0<\/p>\n\n\n\n<p>E o galo? N\u00e3o foi para a panela. Morreu por causas naturais e foi enterrado com carinho numa gruta \u2013perto do centro de distribui\u00e7\u00e3o de Ponta Grossa.<\/p>\n\n\n\n<hr class=\"wp-block-separator has-alpha-channel-opacity\"\/>\n\n\n\n<p><strong>VEJA MAIS<\/strong>:<\/p>\n\n\n\n<figure class=\"wp-block-embed is-type-video is-provider-youtube wp-block-embed-youtube wp-embed-aspect-16-9 wp-has-aspect-ratio\"><div class=\"wp-block-embed__wrapper\">\n<iframe loading=\"lazy\" title=\"A saga da Teka para reverter a fal\u00eancia e tentar resgatar o passado de gigante t\u00eaxtil\" width=\"500\" height=\"281\" src=\"https:\/\/www.youtube.com\/embed\/VsVGPrJj_OQ?feature=oembed\" frameborder=\"0\" allow=\"accelerometer; autoplay; clipboard-write; encrypted-media; gyroscope; picture-in-picture; web-share\" referrerpolicy=\"strict-origin-when-cross-origin\" allowfullscreen><\/iframe>\n<\/div><\/figure>\n","protected":false},"excerpt":{"rendered":"<p>Com 230 lojas fora dos grandes centros, a rede MM fatura R$\u202f1,8\u202fbilh\u00e3o apoiada na proximidade com seu p\u00fablico<\/p>\n","protected":false},"author":158,"featured_media":688954,"comment_status":"closed","ping_status":"closed","sticky":false,"template":"","format":"standard","meta":{"_acf_changed":false,"inline_featured_image":false,"footnotes":""},"categories":[6],"tags":[1266,190,376],"autor-wsj":[],"coauthors":[109318],"class_list":["post-688834","post","type-post","status-publish","format-standard","has-post-thumbnail","hentry","category-negocios","tag-casas-bahia","tag-magazine-luiza","tag-varejo"],"acf":[],"amp_enabled":true,"_links":{"self":[{"href":"https:\/\/investnews.com.br\/inv-api\/wp\/v2\/posts\/688834","targetHints":{"allow":["GET"]}}],"collection":[{"href":"https:\/\/investnews.com.br\/inv-api\/wp\/v2\/posts"}],"about":[{"href":"https:\/\/investnews.com.br\/inv-api\/wp\/v2\/types\/post"}],"author":[{"embeddable":true,"href":"https:\/\/investnews.com.br\/inv-api\/wp\/v2\/users\/158"}],"replies":[{"embeddable":true,"href":"https:\/\/investnews.com.br\/inv-api\/wp\/v2\/comments?post=688834"}],"version-history":[{"count":8,"href":"https:\/\/investnews.com.br\/inv-api\/wp\/v2\/posts\/688834\/revisions"}],"predecessor-version":[{"id":689207,"href":"https:\/\/investnews.com.br\/inv-api\/wp\/v2\/posts\/688834\/revisions\/689207"}],"wp:featuredmedia":[{"embeddable":true,"href":"https:\/\/investnews.com.br\/inv-api\/wp\/v2\/media\/688954"}],"wp:attachment":[{"href":"https:\/\/investnews.com.br\/inv-api\/wp\/v2\/media?parent=688834"}],"wp:term":[{"taxonomy":"category","embeddable":true,"href":"https:\/\/investnews.com.br\/inv-api\/wp\/v2\/categories?post=688834"},{"taxonomy":"post_tag","embeddable":true,"href":"https:\/\/investnews.com.br\/inv-api\/wp\/v2\/tags?post=688834"},{"taxonomy":"autor-wsj","embeddable":true,"href":"https:\/\/investnews.com.br\/inv-api\/wp\/v2\/autor-wsj?post=688834"},{"taxonomy":"author","embeddable":true,"href":"https:\/\/investnews.com.br\/inv-api\/wp\/v2\/coauthors?post=688834"}],"curies":[{"name":"wp","href":"https:\/\/api.w.org\/{rel}","templated":true}]}}