{"id":689099,"date":"2025-07-16T11:24:21","date_gmt":"2025-07-16T14:24:21","guid":{"rendered":"https:\/\/investnews.com.br\/?p=689099"},"modified":"2025-07-16T11:24:23","modified_gmt":"2025-07-16T14:24:23","slug":"trump-investigacao-governo-brasileiro","status":"publish","type":"post","link":"https:\/\/investnews.com.br\/economia\/trump-investigacao-governo-brasileiro\/","title":{"rendered":"EUA iniciam investiga\u00e7\u00e3o sobre pr\u00e1ticas comerciais do Brasil e dispara contra Pix e rua 25 de Mar\u00e7o"},"content":{"rendered":"\n<p>O representante de Com\u00e9rcio dos Estados Unidos, Jamieson Greer, disse que iniciou uma investiga\u00e7\u00e3o sobre pr\u00e1ticas comerciais &#8220;injustas&#8221; do Brasil, uma semana depois de o presidente Donald Trump amea\u00e7ar impor uma tarifa de <a href=\"https:\/\/investnews.com.br\/economia\/trump-impoe-tarifa-de-50-contra-o-brasil-e-cita-bolsonaro\/\" data-type=\"post\" data-id=\"687372\">50% sobre as importa\u00e7\u00f5es brasileiras<\/a>.<\/p>\n\n\n\n<p>A guerra comercial de Trump, lan\u00e7ada desde o in\u00edcio de seu segundo mandato em janeiro, estabelece tarifas sobre quase todos os parceiros comerciais dos EUA, com <strong>o objetivo de reordenar a economia global<\/strong> e acabar com d\u00e9cadas do que ele chama de discrimina\u00e7\u00e3o contra os Estados Unidos.<\/p>\n\n\n\n<p>A investiga\u00e7\u00e3o, anunciada na semana passada por Trump, decidir\u00e1 se o tratamento dado pelo Brasil ao com\u00e9rcio digital e servi\u00e7os de pagamento eletr\u00f4nico, al\u00e9m de tarifas preferenciais, entre outros, \u00e9 &#8220;insensato ou discriminat\u00f3rio e onera ou restringe&#8221; o com\u00e9rcio dos EUA, disse Greer.<\/p>\n\n\n\n<p>&#8220;Por orienta\u00e7\u00e3o do presidente Trump, estou iniciando uma investiga\u00e7\u00e3o da Se\u00e7\u00e3o 301 sobre os ataques do Brasil&#8221;, acrescentou ele em um comunicado.<\/p>\n\n\n\n<p>Entre as v\u00edtimas de tais ataques, ele citou as <strong>empresas de m\u00eddia social dos EUA <\/strong>e outras, bem como trabalhadores, agricultores e inovadores de tecnologia que ele descreveu como prejudicados pelas &#8220;pr\u00e1ticas comerciais injustas&#8221; do Brasil.<\/p>\n\n\n\n<p>O presidente dos EUA, Donald Trump, pediu uma investiga\u00e7\u00e3o para apurar se algumas medidas do governo brasileiro podem ser considerada desleais.<\/p>\n\n\n\n<figure class=\"wp-block-embed is-type-video is-provider-youtube wp-block-embed-youtube wp-embed-aspect-16-9 wp-has-aspect-ratio\"><div class=\"wp-block-embed__wrapper\">\n<iframe loading=\"lazy\" title=\"O Brasil \u00e9 injusto com os EUA? Veja o que os n\u00fameros dizem sobre as tarifas de Trump\" width=\"500\" height=\"281\" src=\"https:\/\/www.youtube.com\/embed\/m3bPEo5rwag?feature=oembed\" frameborder=\"0\" allow=\"accelerometer; autoplay; clipboard-write; encrypted-media; gyroscope; picture-in-picture; web-share\" referrerpolicy=\"strict-origin-when-cross-origin\" allowfullscreen><\/iframe>\n<\/div><\/figure>\n\n\n\n<p>A investiga\u00e7\u00e3o est\u00e1 sendo feita pelo Escrit\u00f3rio do Representante de Com\u00e9rcio dos EUA (USTR), com aparato na Section 301 da Lei Comercial de 1974 dos EUA. Al\u00e9m do documento, o governo dos EUA far\u00e1 consultas diplom\u00e1ticas e audi\u00eancia p\u00fablica em setembro.<\/p>\n\n\n\n<p>O representante do \u00f3rg\u00e3o afirma que teria <strong>documentado pr\u00e1ticas comerciais desleais do Brasil<\/strong>, e que isso estaria prejudicando os exportadores americanos.<\/p>\n\n\n\n<p>O documento cita, inclusive, a rua 25 de Mar\u00e7o, centro de com\u00e9rcio popular de S\u00e3o Paulo, como mercado  de produtos falsificados.<\/p>\n\n\n\n<p>Isso porque, segundo o que teria sido levantado pelos EUA, ao falhar em coibir essas situa\u00e7\u00f5es, os trabalhadores norte-americanos s\u00e3o afetados, j\u00e1 que dependem dessas ind\u00fastrias para sobreviver.<\/p>\n\n\n\n<p>O <a href=\"https:\/\/investnews.com.br\/financas\/pix-automatico-comeca-a-funcionar-hoje-veja-as-diferencas-para-o-debito-automatico\/\" data-type=\"post\" data-id=\"680568\">Pix<\/a> tamb\u00e9m \u00e9 citado, como &#8220;pr\u00e1tica desleal em rela\u00e7\u00e3o aos servi\u00e7os de pagamento eletr\u00f4nico&#8221;.<\/p>\n\n\n\n<p>O documento cita tamb\u00e9m que o Brasil teria reduzido tarifas menores para a \u00cdndia e o M\u00e9xico, o que poderia desfavorercer as exporta\u00e7\u00f5es para os EUA.<\/p>\n\n\n<section class=\"recirculation-area\">\n    <div class=\"container\">\n                <p class=\"title\">Leia mais <\/p>\n     \n            <ul class=\"recirculation-list\" data-tracking-position=\"Leia mais\">\n                            <li class=\"list-item\">\n                    <a \n                        href=\"https:\/\/investnews.com.br\/economia\/lei-de-reciprocidade-comercial-entenda-o-que-que-muda-no-brasil-apos-as-tarifas-de-trump\/\" \n                        title=\"Lei de Reciprocidade Comercial: entenda o que muda no Brasil ap\u00f3s as tarifas de Trump\" \n                        class=\"item-title recirculation-link\"\n                        data-btn-name=\"Lei de Reciprocidade Comercial: entenda o que muda no Brasil ap\u00f3s as tarifas de Trump\"\n                        data-posicao=\"Leia mais\"\n                        data-click-url=\"https:\/\/investnews.com.br\/economia\/lei-de-reciprocidade-comercial-entenda-o-que-que-muda-no-brasil-apos-as-tarifas-de-trump\/\"\n                    >\n                        Lei de Reciprocidade Comercial: entenda o que muda no Brasil ap\u00f3s as tarifas de Trump                    <\/a>\n                <\/li>\n                            <li class=\"list-item\">\n                    <a \n                        href=\"https:\/\/investnews.com.br\/economia\/trump-intensifica-guerra-comercial-com-tarifas-de-30-sobre-mexico-e-uniao-europeia\/\" \n                        title=\"Trump intensifica guerra comercial com tarifas de 30% sobre M\u00e9xico e Uni\u00e3o Europeia\" \n                        class=\"item-title recirculation-link\"\n                        data-btn-name=\"Trump intensifica guerra comercial com tarifas de 30% sobre M\u00e9xico e Uni\u00e3o Europeia\"\n                        data-posicao=\"Leia mais\"\n                        data-click-url=\"https:\/\/investnews.com.br\/economia\/trump-intensifica-guerra-comercial-com-tarifas-de-30-sobre-mexico-e-uniao-europeia\/\"\n                    >\n                        Trump intensifica guerra comercial com tarifas de 30% sobre M\u00e9xico e Uni\u00e3o Europeia                    <\/a>\n                <\/li>\n                    <\/ul>\n    <\/div><\/section>\n\n\n\n<h2 class=\"wp-block-heading\">Tarifas de Trump<\/h2>\n\n\n\n<p>Trump justificou sua <strong>tarifa de 50% a partir de 1\u00ba de agosto<\/strong>, bem acima da taxa de 10% inicialmente proposta, citando entre as raz\u00f5es decis\u00f5es judiciais brasileiras envolvendo o ex-presidente Jair Bolsonaro e empresas norte-americanas de tecnologia.<\/p>\n\n\n\n<p>A tarifa elevada para o Brasil <strong>surpreendeu muitos especialistas em com\u00e9rcio<\/strong>, uma vez que suas importa\u00e7\u00f5es de produtos dos EUA excedem as exporta\u00e7\u00f5es, e porque Trump vinculou a taxa t\u00e3o claramente ao julgamento de Bolsonaro.<\/p>\n\n\n\n<p>Na ter\u00e7a-feira (15), o governo brasileiro emitiu uma dura nota em que recha\u00e7a o que considerou uma &#8220;nova intromiss\u00e3o indevida e inaceit\u00e1vel&#8221; dos Estados Unidos em assuntos do Judici\u00e1rio brasileiro, depois que o Departamento de Estado norte-americano publicou texto em uma rede social acusando o presidente Luiz In\u00e1cio Lula da Silva e o STF de atacarem Bolsonaro e a liberdade de express\u00e3o.<\/p>\n\n\n\n<p>J\u00e1 o vice-presidente e ministro do Desenvolvimento, Ind\u00fastria, Com\u00e9rcio e Servi\u00e7os (MDIC), Geraldo Alckmin, disse que o governo brasileiro trabalhar\u00e1 para reverter &#8220;o mais r\u00e1pido poss\u00edvel&#8221; a tarifa de 50%, ponderando que o pa\u00eds poder\u00e1 pedir mais prazo para negociar se necess\u00e1rio.<\/p>\n\n\n<section class=\"recirculation-area\">\n    <div class=\"container\">\n                <p class=\"title\">Leia mais<\/p>\n     \n            <ul class=\"recirculation-list\" data-tracking-position=\"Leia mais\">\n                            <li class=\"list-item\">\n                    <a \n                        href=\"https:\/\/investnews.com.br\/investimentos\/nem-as-tarifas-de-trump-afugentam-os-investidores-gringos-do-brasil\/\" \n                        title=\"Nem as tarifas de Trump afugentam os investidores gringos do Brasil\" \n                        class=\"item-title recirculation-link\"\n                        data-btn-name=\"Nem as tarifas de Trump afugentam os investidores gringos do Brasil\"\n                        data-posicao=\"Leia mais\"\n                        data-click-url=\"https:\/\/investnews.com.br\/investimentos\/nem-as-tarifas-de-trump-afugentam-os-investidores-gringos-do-brasil\/\"\n                    >\n                        Nem as tarifas de Trump afugentam os investidores gringos do Brasil                    <\/a>\n                <\/li>\n                            <li class=\"list-item\">\n                    <a \n                        href=\"https:\/\/investnews.com.br\/economia\/por-que-as-tarifas-de-trump-contra-o-brasil-nao-fazem-sentido-economico\/\" \n                        title=\"Por que as tarifas de Trump contra o Brasil n\u00e3o fazem sentido econ\u00f4mico\" \n                        class=\"item-title recirculation-link\"\n                        data-btn-name=\"Por que as tarifas de Trump contra o Brasil n\u00e3o fazem sentido econ\u00f4mico\"\n                        data-posicao=\"Leia mais\"\n                        data-click-url=\"https:\/\/investnews.com.br\/economia\/por-que-as-tarifas-de-trump-contra-o-brasil-nao-fazem-sentido-economico\/\"\n                    >\n                        Por que as tarifas de Trump contra o Brasil n\u00e3o fazem sentido econ\u00f4mico                    <\/a>\n                <\/li>\n                    <\/ul>\n    <\/div><\/section>\n\n\n\n<p>Durante seu primeiro mandato, Trump usou a Se\u00e7\u00e3o 301 da Lei de Com\u00e9rcio de 1974 para justificar uma s\u00e9rie de tarifas contra a China. Ela tamb\u00e9m foi usada para investigar outros pa\u00edses por impostos sobre servi\u00e7os digitais cobrados de empresas de tecnologia dos EUA.<\/p>\n\n\n\n<p>Em comunicado, a representa\u00e7\u00e3o de Com\u00e9rcio dos EUA afirmou que o Brasil colocou as empresas norte-americanas em desvantagem ao estabelecer tarifas mais baixas sobre as exporta\u00e7\u00f5es de outros parceiros comerciais e acusou o pa\u00eds de n\u00e3o combater a corrup\u00e7\u00e3o.<\/p>\n\n\n\n<p>Ainda acrescentou que o Brasil tamb\u00e9m cobrou tarifas substancialmente mais altas sobre as exporta\u00e7\u00f5es de etanol dos EUA e &#8220;parece n\u00e3o estar conseguindo&#8221; fazer cumprir as leis contra o desmatamento ilegal, o que, segundo a representa\u00e7\u00e3o, prejudicou a competitividade dos produtores de madeira dos EUA.<\/p>\n\n\n\n<p><\/p>\n\n\n\n<p><\/p>\n","protected":false},"excerpt":{"rendered":"<p>Presidente dos EUA pediu uma investiga\u00e7\u00e3o para apurar se algumas medidas do governo brasileiro podem ser considerada desleais<\/p>\n","protected":false},"author":7,"featured_media":679542,"comment_status":"closed","ping_status":"closed","sticky":false,"template":"","format":"standard","meta":{"_acf_changed":false,"inline_featured_image":false,"footnotes":""},"categories":[5],"tags":[1744],"autor-wsj":[],"coauthors":[1494,2494],"class_list":["post-689099","post","type-post","status-publish","format-standard","has-post-thumbnail","hentry","category-economia","tag-pix"],"acf":[],"amp_enabled":true,"_links":{"self":[{"href":"https:\/\/investnews.com.br\/inv-api\/wp\/v2\/posts\/689099","targetHints":{"allow":["GET"]}}],"collection":[{"href":"https:\/\/investnews.com.br\/inv-api\/wp\/v2\/posts"}],"about":[{"href":"https:\/\/investnews.com.br\/inv-api\/wp\/v2\/types\/post"}],"author":[{"embeddable":true,"href":"https:\/\/investnews.com.br\/inv-api\/wp\/v2\/users\/7"}],"replies":[{"embeddable":true,"href":"https:\/\/investnews.com.br\/inv-api\/wp\/v2\/comments?post=689099"}],"version-history":[{"count":9,"href":"https:\/\/investnews.com.br\/inv-api\/wp\/v2\/posts\/689099\/revisions"}],"predecessor-version":[{"id":689144,"href":"https:\/\/investnews.com.br\/inv-api\/wp\/v2\/posts\/689099\/revisions\/689144"}],"wp:featuredmedia":[{"embeddable":true,"href":"https:\/\/investnews.com.br\/inv-api\/wp\/v2\/media\/679542"}],"wp:attachment":[{"href":"https:\/\/investnews.com.br\/inv-api\/wp\/v2\/media?parent=689099"}],"wp:term":[{"taxonomy":"category","embeddable":true,"href":"https:\/\/investnews.com.br\/inv-api\/wp\/v2\/categories?post=689099"},{"taxonomy":"post_tag","embeddable":true,"href":"https:\/\/investnews.com.br\/inv-api\/wp\/v2\/tags?post=689099"},{"taxonomy":"autor-wsj","embeddable":true,"href":"https:\/\/investnews.com.br\/inv-api\/wp\/v2\/autor-wsj?post=689099"},{"taxonomy":"author","embeddable":true,"href":"https:\/\/investnews.com.br\/inv-api\/wp\/v2\/coauthors?post=689099"}],"curies":[{"name":"wp","href":"https:\/\/api.w.org\/{rel}","templated":true}]}}