{"id":689733,"date":"2025-07-17T17:54:18","date_gmt":"2025-07-17T20:54:18","guid":{"rendered":"https:\/\/investnews.com.br\/?p=689733"},"modified":"2025-07-17T17:59:09","modified_gmt":"2025-07-17T20:59:09","slug":"petrobras-varejo-postos-vibra-queda-petr4-vbbr3","status":"publish","type":"post","link":"https:\/\/investnews.com.br\/negocios\/petrobras-varejo-postos-vibra-queda-petr4-vbbr3\/","title":{"rendered":"Petrobras ensaia retorno aos postos de combust\u00edveis; a\u00e7\u00f5es da Vibra Energia caem 2%"},"content":{"rendered":"\n<p>A <a href=\"https:\/\/investnews.com.br\/tag\/petrobras\/\"><strong>Petrobras<\/strong><\/a> estuda voltar a ter uma rede pr\u00f3pria de postos de combust\u00edveis e distribui\u00e7\u00e3o, quatro anos ap\u00f3s ter deixado o setor com a privatiza\u00e7\u00e3o da antiga <strong>BR Distribuidora<\/strong>, hoje <strong>Vibra Energia<\/strong>. A possibilidade, revelada pela <em>Bloomberg<\/em>, ser\u00e1 discutida pelo conselho de administra\u00e7\u00e3o da estatal nesta semana, como parte da revis\u00e3o do plano estrat\u00e9gico 2026\u20132030.<\/p>\n\n\n\n<p>O movimento \u00e9 impulsionado por cr\u00edticas do presidente <strong>Luiz In\u00e1cio Lula da Silva<\/strong> e da CEO da companhia, <strong>Magda Chambriard<\/strong>, sobre o repasse insuficiente dos descontos feitos pela Petrobras nas refinarias aos consumidores finais. \u201cN\u00e3o \u00e9 poss\u00edvel a Petrobras anunciar um desconto enorme no diesel e isso n\u00e3o chegar ao povo\u201d, disse Lula neste m\u00eas, durante o an\u00fancio de novos investimentos em refinarias. Ele tamb\u00e9m afirmou que a privatiza\u00e7\u00e3o criou camadas que encarecem os pre\u00e7os ao consumidor.<\/p>\n\n\n<section class=\"recirculation-area\">\n    <div class=\"container\">\n                <p class=\"title\">Leia tamb\u00e9m:<\/p>\n     \n            <ul class=\"recirculation-list\" data-tracking-position=\"outros\">\n                            <li class=\"list-item\">\n                    <a \n                        href=\"https:\/\/investnews.com.br\/negocios\/petrobras-petroleo-asia-tarifa\/\" \n                        title=\"Tarifas sobre petr\u00f3leo podem levar a Petrobras a redirecionar a produ\u00e7\u00e3o dos EUA para \u00c1sia\" \n                        class=\"item-title recirculation-link\"\n                        data-btn-name=\"Tarifas sobre petr\u00f3leo podem levar a Petrobras a redirecionar a produ\u00e7\u00e3o dos EUA para \u00c1sia\"\n                        data-posicao=\"outros\"\n                        data-click-url=\"https:\/\/investnews.com.br\/negocios\/petrobras-petroleo-asia-tarifa\/\"\n                    >\n                        Tarifas sobre petr\u00f3leo podem levar a Petrobras a redirecionar a produ\u00e7\u00e3o dos EUA para \u00c1sia                    <\/a>\n                <\/li>\n                            <li class=\"list-item\">\n                    <a \n                        href=\"https:\/\/investnews.com.br\/the-wall-street-journal\/petroleo-america-do-sul\/\" \n                        title=\"Brasil, Argentina e Guiana: o trio que move o petr\u00f3leo fora da Opep\" \n                        class=\"item-title recirculation-link\"\n                        data-btn-name=\"Brasil, Argentina e Guiana: o trio que move o petr\u00f3leo fora da Opep\"\n                        data-posicao=\"outros\"\n                        data-click-url=\"https:\/\/investnews.com.br\/the-wall-street-journal\/petroleo-america-do-sul\/\"\n                    >\n                        Brasil, Argentina e Guiana: o trio que move o petr\u00f3leo fora da Opep                    <\/a>\n                <\/li>\n                    <\/ul>\n    <\/div><\/section>\n\n\n\n<p>Com a sinaliza\u00e7\u00e3o de que a Petrobras pode voltar a atuar diretamente no varejo \u2014 seja por meio da recompra da Vibra, de uma nova opera\u00e7\u00e3o ou outra alternativa \u2014, os investidores reagiram com cautela. As a\u00e7\u00f5es da Vibra ca\u00edram 2,22% nesta quinta-feira (17), a R$ 21,11, representando a terceira maior queda do Ibovespa, que encerrou o dia com leve alta de 0,04%, aos 135.565 pontos. Os pap\u00e9is da Petrobras fecharam com baixa de 1%.<\/p>\n\n\n\n<p>A ideia da companhia, segundo fontes ouvidas pela <em>Bloomberg<\/em>, seria refor\u00e7ar sua posi\u00e7\u00e3o como uma empresa integrada e diversificada de energia, com mais controle sobre a cadeia de combust\u00edveis at\u00e9 o consumidor final. A Petrobras, por ora, n\u00e3o comentou oficialmente o assunto.<\/p>\n\n\n\n<p>A Vibra tem direito de uso da marca Petrobras at\u00e9 meados de 2029, mas foi notificada pela estatal no ano passado de que o contrato n\u00e3o ser\u00e1 renovado nos termos atuais. A possibilidade de reestatiza\u00e7\u00e3o do setor de distribui\u00e7\u00e3o tamb\u00e9m tem apoio de sindicatos ligados aos petroleiros \u2014 que apoiaram a elei\u00e7\u00e3o de Lula.<\/p>\n\n\n\n<p><em>Com informa\u00e7\u00f5es da Bloomberg<\/em><\/p>\n","protected":false},"excerpt":{"rendered":"<p>Estatal avalia rever seu plano estrat\u00e9gico para retomar atua\u00e7\u00e3o direta no varejo. A\u00e7\u00f5es da Vibra recuaram 2,2% nesta quinta-feira, na contram\u00e3o do Ibovespa<\/p>\n","protected":false},"author":7,"featured_media":689736,"comment_status":"closed","ping_status":"closed","sticky":false,"template":"","format":"standard","meta":{"_acf_changed":false,"inline_featured_image":false,"footnotes":""},"categories":[6],"tags":[21,159],"autor-wsj":[],"coauthors":[1494],"class_list":["post-689733","post","type-post","status-publish","format-standard","has-post-thumbnail","hentry","category-negocios","tag-petrobras","tag-vibra"],"acf":[],"amp_enabled":true,"_links":{"self":[{"href":"https:\/\/investnews.com.br\/inv-api\/wp\/v2\/posts\/689733","targetHints":{"allow":["GET"]}}],"collection":[{"href":"https:\/\/investnews.com.br\/inv-api\/wp\/v2\/posts"}],"about":[{"href":"https:\/\/investnews.com.br\/inv-api\/wp\/v2\/types\/post"}],"author":[{"embeddable":true,"href":"https:\/\/investnews.com.br\/inv-api\/wp\/v2\/users\/7"}],"replies":[{"embeddable":true,"href":"https:\/\/investnews.com.br\/inv-api\/wp\/v2\/comments?post=689733"}],"version-history":[{"count":3,"href":"https:\/\/investnews.com.br\/inv-api\/wp\/v2\/posts\/689733\/revisions"}],"predecessor-version":[{"id":689742,"href":"https:\/\/investnews.com.br\/inv-api\/wp\/v2\/posts\/689733\/revisions\/689742"}],"wp:featuredmedia":[{"embeddable":true,"href":"https:\/\/investnews.com.br\/inv-api\/wp\/v2\/media\/689736"}],"wp:attachment":[{"href":"https:\/\/investnews.com.br\/inv-api\/wp\/v2\/media?parent=689733"}],"wp:term":[{"taxonomy":"category","embeddable":true,"href":"https:\/\/investnews.com.br\/inv-api\/wp\/v2\/categories?post=689733"},{"taxonomy":"post_tag","embeddable":true,"href":"https:\/\/investnews.com.br\/inv-api\/wp\/v2\/tags?post=689733"},{"taxonomy":"autor-wsj","embeddable":true,"href":"https:\/\/investnews.com.br\/inv-api\/wp\/v2\/autor-wsj?post=689733"},{"taxonomy":"author","embeddable":true,"href":"https:\/\/investnews.com.br\/inv-api\/wp\/v2\/coauthors?post=689733"}],"curies":[{"name":"wp","href":"https:\/\/api.w.org\/{rel}","templated":true}]}}