{"id":690067,"date":"2025-07-18T18:27:06","date_gmt":"2025-07-18T21:27:06","guid":{"rendered":"https:\/\/investnews.com.br\/?p=690067"},"modified":"2025-07-21T10:56:29","modified_gmt":"2025-07-21T13:56:29","slug":"na-vivara-novas-mudancas-no-conselho-sai-kauffman-e-volta-kruglensky","status":"publish","type":"post","link":"https:\/\/investnews.com.br\/negocios\/na-vivara-novas-mudancas-no-conselho-sai-kauffman-e-volta-kruglensky\/","title":{"rendered":"Na Vivara, novas mudan\u00e7as no conselho: sai Kaufman e volta Kruglensky"},"content":{"rendered":"\n<p>Na <strong>Vivara<\/strong>, uma nova mudan\u00e7a no conselho deve acontecer em breve. Com problemas de sa\u00fade, o fundador da marca, <strong>Nelson Kaufman<\/strong>, vai renunciar \u00e0 presid\u00eancia do conselho, sendo substitu\u00eddo por sua filha, <strong>Marina Kaufman<\/strong>, atual vice-presidente. A informa\u00e7\u00e3o foi antecipada pelo <em>Valor Econ\u00f4mico<\/em> e confirmada pelo <strong>InvestNews<\/strong>.\u00a0<\/p>\n\n\n\n<p>A ren\u00fancia de Nelson Kaufman e as mudan\u00e7as previstas que est\u00e3o em an\u00e1lise do conselho ser\u00e3o aprovadas em assembleia geral extraordin\u00e1ria (AGE), a ser convocada. O empres\u00e1rio continuar\u00e1 como <a href=\"https:\/\/investnews.com.br\/guias\/acionista-o-que-e-e-como-funciona\/\">acionista<\/a> relevante, mas se dedicar\u00e1 a assuntos pessoais. Atualmente ele det\u00e9m 27,6% do capital social da joalheria na pessoa f\u00edsica e 5,72% por meio da NKaufman Empreendimentos Imobili\u00e1rios.\u00a0<\/p>\n\n\n\n<p>Com a sa\u00edda de cena do fundador, o entendimento de integrantes do conselho e da fam\u00edlia \u00e9 de que a ascens\u00e3o de Marina ao comando do <em>board<\/em> \u00e9 um movimento estrat\u00e9gico que \u201cfaz parte de um processo natural de sucess\u00e3o\u201d. Ela comp\u00f5e o conselho desde 2007 e tem mais de 20 anos de experi\u00eancia no setor.<\/p>\n\n\n<section class=\"recirculation-area\">\n    <div class=\"container\">\n                <p class=\"title\">Leia mais:<\/p>\n     \n            <ul class=\"recirculation-list\" data-tracking-position=\"Leia mais\">\n                            <li class=\"list-item\">\n                    <a \n                        href=\"https:\/\/investnews.com.br\/negocios\/joia-rara-no-varejo-a-meta-ambiciosa-da-vivara-para-brilhar-mais-em-2024\/\" \n                        title=\"&#8216;Joia rara&#8217; no varejo? A meta ambiciosa da Vivara para brilhar mais em 2024\" \n                        class=\"item-title recirculation-link\"\n                        data-btn-name=\"&#8216;Joia rara&#8217; no varejo? A meta ambiciosa da Vivara para brilhar mais em 2024\"\n                        data-posicao=\"Leia mais\"\n                        data-click-url=\"https:\/\/investnews.com.br\/negocios\/joia-rara-no-varejo-a-meta-ambiciosa-da-vivara-para-brilhar-mais-em-2024\/\"\n                    >\n                        &#8216;Joia rara&#8217; no varejo? A meta ambiciosa da Vivara para brilhar mais em 2024                    <\/a>\n                <\/li>\n                            <li class=\"list-item\">\n                    <a \n                        href=\"https:\/\/investnews.com.br\/negocios\/o-deja-vu-dos-dubrule-a-persistenca-dos-fundadores-da-tokstok-em-reaver-o-negocio\/\" \n                        title=\"O d\u00e9j\u00e0-vu dos Dubrule: a persist\u00eanca dos fundadores da Tok&amp;Stok em reaver o neg\u00f3cio\" \n                        class=\"item-title recirculation-link\"\n                        data-btn-name=\"O d\u00e9j\u00e0-vu dos Dubrule: a persist\u00eanca dos fundadores da Tok&amp;Stok em reaver o neg\u00f3cio\"\n                        data-posicao=\"Leia mais\"\n                        data-click-url=\"https:\/\/investnews.com.br\/negocios\/o-deja-vu-dos-dubrule-a-persistenca-dos-fundadores-da-tokstok-em-reaver-o-negocio\/\"\n                    >\n                        O d\u00e9j\u00e0-vu dos Dubrule: a persist\u00eanca dos fundadores da Tok&amp;Stok em reaver o neg\u00f3cio                    <\/a>\n                <\/li>\n                            <li class=\"list-item\">\n                    <a \n                        href=\"https:\/\/investnews.com.br\/negocios\/reorganizacao-azzas2154-conselho-azza3\/\" \n                        title=\"Birman e Jatahy baixam as armas e redesenham comando do Azzas 2154\" \n                        class=\"item-title recirculation-link\"\n                        data-btn-name=\"Birman e Jatahy baixam as armas e redesenham comando do Azzas 2154\"\n                        data-posicao=\"Leia mais\"\n                        data-click-url=\"https:\/\/investnews.com.br\/negocios\/reorganizacao-azzas2154-conselho-azza3\/\"\n                    >\n                        Birman e Jatahy baixam as armas e redesenham comando do Azzas 2154                    <\/a>\n                <\/li>\n                    <\/ul>\n    <\/div><\/section>\n\n\n\n<p>Tamb\u00e9m em comum acordo, os acionistas de refer\u00eancia decidiram repor a cadeira da fam\u00edlia com&nbsp;um velho conhecido: <strong>Paulo Kruglensky<\/strong>, sobrinho de Nelson e que foi CEO da Vivara de 2021 at\u00e9 mar\u00e7o de 2024, quando o fundador fez sua volta repentina aos neg\u00f3cios.&nbsp;<\/p>\n\n\n\n<p>Kruglensky tamb\u00e9m era conselheiro. Al\u00e9m disso, foi acionista da companhia at\u00e9 o come\u00e7o deste ano, quando vendeu sua fatia de 4% para o tio. Antes disso, em 2024, ele chegou \u00e0 <strong>Azzas 2154<\/strong> para liderar a integra\u00e7\u00e3o entre Arezzo e Soma, mas saiu pouco depois, em outubro.&nbsp;<\/p>\n\n\n\n<h2 class=\"wp-block-heading\">Entre idas e vindas<\/h2>\n\n\n\n<p>Kaufman voltou a comandar a Vivara em mar\u00e7o de 2024, depois de mais de uma d\u00e9cada longe da gest\u00e3o da companhia. A volta, por\u00e9m, causou uma reviravolta na trajet\u00f3ria da Vivara.\u00a0<\/p>\n\n\n\n<p>Ao contr\u00e1rio das hist\u00f3rias mais comuns em que o fundador volta para colocar a companhia de novo nos trilhos, Kaufman voltou para a Vivara quando a joalheira vivia bom momento, com a a\u00e7\u00e3o acumulando alta e recomenda\u00e7\u00f5es de compras pelos analistas dos bancos de investimento.<\/p>\n\n\n\n<p>A volta inesperada n\u00e3o s\u00f3 pegou o mercado de surpresa como teve sabor amargo, deixando sinais de problemas de governan\u00e7a na companhia. A decis\u00e3o, por exemplo, levou a conflitos no conselho.&nbsp;<\/p>\n\n\n\n<p>Tamb\u00e9m tirou do comando Kruglensky, que tinha confian\u00e7a do mercado ap\u00f3s entregar trimestres de crescimento da joalheria e acertos com a expans\u00e3o acelerada da Life, linha de joias de prata. Nos dias subsequentes ao an\u00fancio, as a\u00e7\u00f5es da Vivara ca\u00edram mais de 20%.<\/p>\n\n\n\n<h2 class=\"wp-block-heading\">Sem mudan\u00e7as no comando\u2026 ao menos por enquanto<\/h2>\n\n\n\n<p>A rea\u00e7\u00e3o do mercado foi t\u00e3o sonora que Kaufman saiu da gest\u00e3o dias depois e ficou presidindo o conselho. A cadeira de CEO chegou a ser ocupada por Otavio Lyra, ent\u00e3o CFO, mas o executivo deixou a empresa em novembro do ano passado.\u00a0<\/p>\n\n\n\n<p>Como CEO, a Vivara anunciou Icaro Borello, homem de confian\u00e7a de Kaufman e, at\u00e9 ent\u00e3o, diretor de opera\u00e7\u00f5es. Como CFO, a empresa elegeu no come\u00e7o deste ano Elias Leal Lima, antes diretor de rela\u00e7\u00f5es com investidores da Kora.\u00a0<\/p>\n\n\n\n<p>Agora, essa atual forma\u00e7\u00e3o na dire\u00e7\u00e3o executiva n\u00e3o deve mudar. Segundo pessoas pr\u00f3ximas \u00e0 companhia, tamb\u00e9m n\u00e3o est\u00e3o previstas mudan\u00e7as na estrat\u00e9gia da companhia. A preocupa\u00e7\u00e3o da Vivara \u00e9 fazer as altera\u00e7\u00f5es sem gerar mais ru\u00eddos de governan\u00e7a \u2013 o que ainda \u00e9 um ponto de aten\u00e7\u00e3o do mercado.&nbsp;<\/p>\n\n\n\n<p>Para o time do Citi, a sinaliza\u00e7\u00e3o de manuten\u00e7\u00e3o da diretoria \u201cmostra a clara inten\u00e7\u00e3o da Vivara de melhorar as pr\u00e1ticas de governan\u00e7a corporativa \u2014 algo que tem sido uma preocupa\u00e7\u00e3o cont\u00ednua e com resist\u00eancia do mercado. Isso favorece uma percep\u00e7\u00e3o de risco menor e pode, eventualmente, se traduzir em uma expans\u00e3o de m\u00faltiplos.\u201d<\/p>\n\n\n\n<p>O banco inicou um monitoramento da a\u00e7\u00e3o apostando que o papel tem, al\u00e9m das movimenta\u00e7\u00f5es de governan\u00e7a corporativa, raz\u00f5es operacionais para se valorizar. A aposta da equipe do citi \u00e9 de que o segundo trimestre de 2025 mostrar\u00e1 uma melhora em diversas m\u00e9tricas-chave, incluindo: acelera\u00e7\u00e3o de vendas em mesmas lojas na marca Life; melhora da margem bruta e estoques \u201cpelo menos estabilizados\u201d.<\/p>\n\n\n\n<p>No ano, a a\u00e7\u00e3o da Vivara sobe 37,90%.&nbsp;<\/p>\n","protected":false},"excerpt":{"rendered":"<p>Com problemas de sa\u00fade, Nelson Kauffman deve renunciar \u00e0 presid\u00eancia do conselho, sendo sucedido pela filha, Marina Kauffman<\/p>\n","protected":false},"author":161,"featured_media":690082,"comment_status":"closed","ping_status":"closed","sticky":false,"template":"","format":"standard","meta":{"_acf_changed":false,"inline_featured_image":false,"footnotes":""},"categories":[6],"tags":[],"autor-wsj":[],"coauthors":[109595],"class_list":["post-690067","post","type-post","status-publish","format-standard","has-post-thumbnail","hentry","category-negocios"],"acf":[],"amp_enabled":true,"_links":{"self":[{"href":"https:\/\/investnews.com.br\/inv-api\/wp\/v2\/posts\/690067","targetHints":{"allow":["GET"]}}],"collection":[{"href":"https:\/\/investnews.com.br\/inv-api\/wp\/v2\/posts"}],"about":[{"href":"https:\/\/investnews.com.br\/inv-api\/wp\/v2\/types\/post"}],"author":[{"embeddable":true,"href":"https:\/\/investnews.com.br\/inv-api\/wp\/v2\/users\/161"}],"replies":[{"embeddable":true,"href":"https:\/\/investnews.com.br\/inv-api\/wp\/v2\/comments?post=690067"}],"version-history":[{"count":4,"href":"https:\/\/investnews.com.br\/inv-api\/wp\/v2\/posts\/690067\/revisions"}],"predecessor-version":[{"id":690292,"href":"https:\/\/investnews.com.br\/inv-api\/wp\/v2\/posts\/690067\/revisions\/690292"}],"wp:featuredmedia":[{"embeddable":true,"href":"https:\/\/investnews.com.br\/inv-api\/wp\/v2\/media\/690082"}],"wp:attachment":[{"href":"https:\/\/investnews.com.br\/inv-api\/wp\/v2\/media?parent=690067"}],"wp:term":[{"taxonomy":"category","embeddable":true,"href":"https:\/\/investnews.com.br\/inv-api\/wp\/v2\/categories?post=690067"},{"taxonomy":"post_tag","embeddable":true,"href":"https:\/\/investnews.com.br\/inv-api\/wp\/v2\/tags?post=690067"},{"taxonomy":"autor-wsj","embeddable":true,"href":"https:\/\/investnews.com.br\/inv-api\/wp\/v2\/autor-wsj?post=690067"},{"taxonomy":"author","embeddable":true,"href":"https:\/\/investnews.com.br\/inv-api\/wp\/v2\/coauthors?post=690067"}],"curies":[{"name":"wp","href":"https:\/\/api.w.org\/{rel}","templated":true}]}}