{"id":690506,"date":"2025-07-21T16:06:08","date_gmt":"2025-07-21T19:06:08","guid":{"rendered":"https:\/\/investnews.com.br\/?p=690506"},"modified":"2025-07-21T19:19:32","modified_gmt":"2025-07-21T22:19:32","slug":"tarifas-trump-laranja","status":"publish","type":"post","link":"https:\/\/investnews.com.br\/negocios\/tarifas-trump-laranja\/","title":{"rendered":"Empresa dos EUA processa governo americano por tarifa de Trump sobre suco de laranja do Brasil"},"content":{"rendered":"\n<p>A distribuidora norte-americana de suco de laranja Johanna Foods entrou com um processo contra a decis\u00e3o do ex-presidente Donald Trump de impor uma <a href=\"https:\/\/investnews.com.br\/negocios\/suco-de-laranja-atinge-maxima\/\" data-type=\"post\" data-id=\"688592\">tarifa de 50% ao Brasil <\/a> sobre o produto importado do Brasil, medida que deve entrar em vigor no pr\u00f3ximo m\u00eas.<\/p>\n\n\n\n<p>A empresa argumenta que os motivos apresentados por Trump para justificar o aumento da tarifa \u2014 incluindo seu apoio ao ex-presidente brasileiro Jair Bolsonaro \u2014 n\u00e3o configuram amea\u00e7as \u201cincomuns e extraordin\u00e1rias\u201d que permitiriam ao ex-presidente acionar poderes emergenciais e contornar o Congresso no uso da autoridade tribut\u00e1ria.<\/p>\n\n\n\n<p id=\"tw-target-text\">A empresa sediada em Nova Jersey estima que as tarifas ao Brasil aumentariam seus custos com suco de laranja n\u00e3o concentrado em US$ 68 milh\u00f5es nos pr\u00f3ximos 12 meses e <strong>elevariam os custos de varejo para os consumidores entre 20% e 25%<\/strong>. De acordo com a den\u00fancia, o Brasil fornece mais da metade de todo o suco de laranja vendido nos EUA.<\/p>\n\n\n<section class=\"recirculation-area\">\n    <div class=\"container\">\n                <p class=\"title\">Leia mais<\/p>\n     \n            <ul class=\"recirculation-list\" data-tracking-position=\"Leia mais\">\n                            <li class=\"list-item\">\n                    <a \n                        href=\"https:\/\/investnews.com.br\/negocios\/suco-de-laranja-atinge-maxima\/\" \n                        title=\"Azedou: suco de laranja tem a maior alta em tr\u00eas meses ap\u00f3s Trump anunciar tarifas sobre o Brasil\" \n                        class=\"item-title recirculation-link\"\n                        data-btn-name=\"Azedou: suco de laranja tem a maior alta em tr\u00eas meses ap\u00f3s Trump anunciar tarifas sobre o Brasil\"\n                        data-posicao=\"Leia mais\"\n                        data-click-url=\"https:\/\/investnews.com.br\/negocios\/suco-de-laranja-atinge-maxima\/\"\n                    >\n                        Azedou: suco de laranja tem a maior alta em tr\u00eas meses ap\u00f3s Trump anunciar tarifas sobre o Brasil                    <\/a>\n                <\/li>\n                    <\/ul>\n    <\/div><\/section>\n\n\n\n<h2 class=\"wp-block-heading\">Tarifas contestadas<\/h2>\n\n\n\n<p id=\"tw-target-text\">O caso, aberto na sexta-feira (18) no Tribunal de Com\u00e9rcio Internacional dos EUA, soma-se \u00e0 s\u00e9rie de contesta\u00e7\u00f5es legais sobre as pol\u00edticas tarif\u00e1rias de Trump.<\/p>\n\n\n\n<p id=\"tw-target-text\">Um tribunal federal de apela\u00e7\u00f5es permitiu, por enquanto, que o governo aplicasse as tarifas globais que Trump ordenou usando poderes de emerg\u00eancia econ\u00f4mica e deve ouvir os argumentos ainda este m\u00eas. O tribunal comercial tamb\u00e9m est\u00e1 avaliando um caso sobre o fim da isen\u00e7\u00e3o tarif\u00e1ria de Trump para produtos de baixo valor da China.<\/p>\n\n\n\n<p id=\"tw-target-text\">O porta-voz da Casa Branca, Kush Desai, afirmou em um comunicado que &#8220;o governo est\u00e1 usando de <strong>forma legal e justa<\/strong> os poderes tarif\u00e1rios que foram concedidos ao poder executivo pela Constitui\u00e7\u00e3o e pelo Congresso para nivelar o campo de atua\u00e7\u00e3o para os trabalhadores americanos e salvaguardar nossa seguran\u00e7a nacional&#8221;.<\/p>\n\n\n\n<figure class=\"wp-block-embed is-type-video is-provider-youtube wp-block-embed-youtube wp-embed-aspect-16-9 wp-has-aspect-ratio\"><div class=\"wp-block-embed__wrapper\">\n<iframe loading=\"lazy\" title=\"O Brasil \u00e9 injusto com os EUA? Veja o que os n\u00fameros dizem sobre as tarifas de Trump\" width=\"500\" height=\"281\" src=\"https:\/\/www.youtube.com\/embed\/m3bPEo5rwag?feature=oembed\" frameborder=\"0\" allow=\"accelerometer; autoplay; clipboard-write; encrypted-media; gyroscope; picture-in-picture; web-share\" referrerpolicy=\"strict-origin-when-cross-origin\" allowfullscreen><\/iframe>\n<\/div><\/figure>\n\n\n\n<p id=\"tw-target-text\">A a\u00e7\u00e3o judicial da Johanna Foods gira em torno de uma carta enviada por Trump em 9 de julho ao presidente brasileiro Luiz In\u00e1cio Lula da Silva e divulgada nas redes sociais, <a href=\"https:\/\/investnews.com.br\/economia\/trump-impoe-tarifa-de-50-contra-o-brasil-e-cita-bolsonaro\/\" data-type=\"post\" data-id=\"687372\">anunciando a amea\u00e7a de tarifa de 50%<\/a>. Na carta, Trump escreveu que as tarifas est\u00e3o vinculadas \u00e0 forma como Bolsonaro foi &#8220;tratado&#8221;, aos &#8220;ataques insidiosos \u00e0s elei\u00e7\u00f5es livres&#8221; e \u00e0 &#8220;rela\u00e7\u00e3o comercial de longa data e muito injusta&#8221; entre os dois pa\u00edses.<\/p>\n\n\n\n<p id=\"tw-target-text\">A Johanna Foods argumentou que a carta de Trump n\u00e3o \u00e9 uma ordem executiva formal e n\u00e3o declarou uma emerg\u00eancia nacional, nem identificou novas amea\u00e7as.<\/p>\n\n\n<section class=\"recirculation-area\">\n    <div class=\"container\">\n                <p class=\"title\">Leia mais<\/p>\n     \n            <ul class=\"recirculation-list\" data-tracking-position=\"Leia mais\">\n                            <li class=\"list-item\">\n                    <a \n                        href=\"https:\/\/investnews.com.br\/economia\/tarifa-de-50-dos-eua-ao-brasil-e-pessima-para-exportadores-de-suco-de-laranja\/\" \n                        title=\"Tarifa de 50% dos EUA ao Brasil \u00e9 p\u00e9ssima para exportadores de suco de laranja\" \n                        class=\"item-title recirculation-link\"\n                        data-btn-name=\"Tarifa de 50% dos EUA ao Brasil \u00e9 p\u00e9ssima para exportadores de suco de laranja\"\n                        data-posicao=\"Leia mais\"\n                        data-click-url=\"https:\/\/investnews.com.br\/economia\/tarifa-de-50-dos-eua-ao-brasil-e-pessima-para-exportadores-de-suco-de-laranja\/\"\n                    >\n                        Tarifa de 50% dos EUA ao Brasil \u00e9 p\u00e9ssima para exportadores de suco de laranja                    <\/a>\n                <\/li>\n                    <\/ul>\n    <\/div><\/section>\n\n\n\n<p id=\"tw-target-text\">A empresa afirmou que a carta de Trump se referia a quest\u00f5es de longa data em <strong>oposi\u00e7\u00e3o a uma amea\u00e7a econ\u00f4mica emergente<\/strong>. Ao contr\u00e1rio das ordens executivas tarif\u00e1rias anteriores de Trump, a carta n\u00e3o fazia refer\u00eancia direta \u00e0 Lei de Poderes Econ\u00f4micos de Emerg\u00eancia Internacional.<\/p>\n\n\n\n<p id=\"tw-target-text\">A tarifa de Trump representava uma <strong>amea\u00e7a existencial<\/strong> aos neg\u00f3cios da Johanna Foods, afirmaram seus advogados na den\u00fancia. O caso tamb\u00e9m foi movido em nome da Johanna Beverage, sediada no estado de Washington.<\/p>\n\n\n\n<p id=\"tw-target-text\">Um porta-voz da Casa Branca n\u00e3o retornou imediatamente um pedido de coment\u00e1rio. Um advogado da Johanna Foods se recusou a comentar.<\/p>\n","protected":false},"excerpt":{"rendered":"<p>Custos para o consumidor nos EUA aumentaria entre 20% e 25%, alega importadora Johanna Foods<\/p>\n","protected":false},"author":76,"featured_media":504039,"comment_status":"closed","ping_status":"closed","sticky":false,"template":"","format":"standard","meta":{"_acf_changed":false,"inline_featured_image":false,"footnotes":""},"categories":[6],"tags":[],"autor-wsj":[],"coauthors":[101325],"class_list":["post-690506","post","type-post","status-publish","format-standard","has-post-thumbnail","hentry","category-negocios"],"acf":[],"amp_enabled":true,"_links":{"self":[{"href":"https:\/\/investnews.com.br\/inv-api\/wp\/v2\/posts\/690506","targetHints":{"allow":["GET"]}}],"collection":[{"href":"https:\/\/investnews.com.br\/inv-api\/wp\/v2\/posts"}],"about":[{"href":"https:\/\/investnews.com.br\/inv-api\/wp\/v2\/types\/post"}],"author":[{"embeddable":true,"href":"https:\/\/investnews.com.br\/inv-api\/wp\/v2\/users\/76"}],"replies":[{"embeddable":true,"href":"https:\/\/investnews.com.br\/inv-api\/wp\/v2\/comments?post=690506"}],"version-history":[{"count":6,"href":"https:\/\/investnews.com.br\/inv-api\/wp\/v2\/posts\/690506\/revisions"}],"predecessor-version":[{"id":690594,"href":"https:\/\/investnews.com.br\/inv-api\/wp\/v2\/posts\/690506\/revisions\/690594"}],"wp:featuredmedia":[{"embeddable":true,"href":"https:\/\/investnews.com.br\/inv-api\/wp\/v2\/media\/504039"}],"wp:attachment":[{"href":"https:\/\/investnews.com.br\/inv-api\/wp\/v2\/media?parent=690506"}],"wp:term":[{"taxonomy":"category","embeddable":true,"href":"https:\/\/investnews.com.br\/inv-api\/wp\/v2\/categories?post=690506"},{"taxonomy":"post_tag","embeddable":true,"href":"https:\/\/investnews.com.br\/inv-api\/wp\/v2\/tags?post=690506"},{"taxonomy":"autor-wsj","embeddable":true,"href":"https:\/\/investnews.com.br\/inv-api\/wp\/v2\/autor-wsj?post=690506"},{"taxonomy":"author","embeddable":true,"href":"https:\/\/investnews.com.br\/inv-api\/wp\/v2\/coauthors?post=690506"}],"curies":[{"name":"wp","href":"https:\/\/api.w.org\/{rel}","templated":true}]}}