{"id":691059,"date":"2025-07-22T21:48:46","date_gmt":"2025-07-23T00:48:46","guid":{"rendered":"https:\/\/investnews.com.br\/?p=691059"},"modified":"2025-12-18T11:16:18","modified_gmt":"2025-12-18T14:16:18","slug":"cade-marfrig-minerva-brf-brfs3-mrfg3-beef3","status":"publish","type":"post","link":"https:\/\/investnews.com.br\/negocios\/cade-marfrig-minerva-brf-brfs3-mrfg3-beef3\/","title":{"rendered":"Breaking: Briga no Cade esquenta, e Marfrig acusa Minerva de boicote na venda de carne"},"content":{"rendered":"\n<p>A briga pela cria\u00e7\u00e3o da <strong>MBRF Global Foods<\/strong> esquentou. Na disputa para aprovar sua fus\u00e3o com a <strong>BRF<\/strong>, a <strong>Marfrig<\/strong> partiu para o contragolpe no Conselho Administrativo de Defesa Econ\u00f4mica (<strong>Cade<\/strong>) contra a concorrente <strong>Minerva Foods<\/strong>.&nbsp;<\/p>\n\n\n\n<p>Em resposta ao <a href=\"https:\/\/investnews.com.br\/negocios\/minerva-beef3-entra-recurso-cade-contra-fusao-brf-marfrig-brfs3-mrfg3\/\">recurso apresentado pela Minerva<\/a>, que tenta barrar a opera\u00e7\u00e3o alegando riscos \u00e0 concorr\u00eancia, a Marfrig acusou a rival de recusar, \u201cde forma reiterada e injustificada\u201d, o fornecimento de cortes bovinos essenciais \u2014 como dianteiro sem osso e recortes industriais usados na produ\u00e7\u00e3o de hamb\u00fargueres, salsichas e lingui\u00e7as.<\/p>\n\n\n\n<p>Segundo a companhia, a interrup\u00e7\u00e3o nas entregas come\u00e7ou em novembro de 2024 e violaria contratos com cl\u00e1usulas de prefer\u00eancia firmadas entre as partes. Isso porque, em meados de 2023, a Minerva comprou 15 plantas frigor\u00edficas da Marfrig por R$ 7,5 bilh\u00f5es \u2014 e, como parte do acordo, a Marfrig teria prefer\u00eancia na compra das carnes produzidas nessas unidades.<\/p>\n\n\n\n<p>A Marfrig alega que h\u00e1 nove meses a Minerva promove uma recusa \u201cil\u00edcita e injustificada\u201d de fornecimento, mesmo com contratos em vigor. A pr\u00e1tica, de acordo com a empresa, desmontaria a tese de que a Minerva estaria em posi\u00e7\u00e3o de vulnerabilidade frente \u00e0 fus\u00e3o com a BRF, uma vez que demonstraria ter acesso a canais suficientes para operar com autonomia.<\/p>\n\n\n<section class=\"recirculation-area\">\n    <div class=\"container\">\n                <p class=\"title\">Leia tamb\u00e9m:<\/p>\n     \n            <ul class=\"recirculation-list\" data-tracking-position=\"outros\">\n                            <li class=\"list-item\">\n                    <a \n                        href=\"https:\/\/investnews.com.br\/negocios\/previ-zera-posicao-na-brf-fusao-marfrig-brfs3-mrfg3\/\" \n                        title=\"Exclusivo: Em meio \u00e0 disputa sobre fus\u00e3o, Previ zera posi\u00e7\u00e3o na BRF\" \n                        class=\"item-title recirculation-link\"\n                        data-btn-name=\"Exclusivo: Em meio \u00e0 disputa sobre fus\u00e3o, Previ zera posi\u00e7\u00e3o na BRF\"\n                        data-posicao=\"outros\"\n                        data-click-url=\"https:\/\/investnews.com.br\/negocios\/previ-zera-posicao-na-brf-fusao-marfrig-brfs3-mrfg3\/\"\n                    >\n                        Exclusivo: Em meio \u00e0 disputa sobre fus\u00e3o, Previ zera posi\u00e7\u00e3o na BRF                    <\/a>\n                <\/li>\n                            <li class=\"list-item\">\n                    <a \n                        href=\"https:\/\/investnews.com.br\/the-wall-street-journal\/wesley-filho-comando-jbs\/\" \n                        title=\"A nova cara da JBS: aos 33 anos, Wesley Batista Filho se prepara para assumir o comando da empresa\" \n                        class=\"item-title recirculation-link\"\n                        data-btn-name=\"A nova cara da JBS: aos 33 anos, Wesley Batista Filho se prepara para assumir o comando da empresa\"\n                        data-posicao=\"outros\"\n                        data-click-url=\"https:\/\/investnews.com.br\/the-wall-street-journal\/wesley-filho-comando-jbs\/\"\n                    >\n                        A nova cara da JBS: aos 33 anos, Wesley Batista Filho se prepara para assumir o comando da empresa                    <\/a>\n                <\/li>\n                    <\/ul>\n    <\/div><\/section>\n\n\n\n<p>A empresa de <strong>Marcos Molina<\/strong> afirma que essa conduta motivou a abertura de um procedimento preparat\u00f3rio no Cade \u2014 mecanismo utilizado pelo \u00f3rg\u00e3o para investigar ind\u00edcios iniciais de condutas anticompetitivas antes de decidir se abre um processo formal.<\/p>\n\n\n\n<p>\u201cA Minerva tenta se apresentar como vulner\u00e1vel, mas \u00e9 alvo de procedimento no Cade por conduta que amea\u00e7a a concorr\u00eancia e o consumidor\u201d, afirmou a Marfrig no documento assinado pelo escrit\u00f3rio Mudrovitsch Advogados.<\/p>\n\n\n\n<h2 class=\"wp-block-heading\">Salic, Marfrig, BRF e Minerva<\/h2>\n\n\n\n<p>A empresa tamb\u00e9m rebateu a preocupa\u00e7\u00e3o levantada pela Minerva sobre a participa\u00e7\u00e3o cruzada do fundo soberano saudita para seguran\u00e7a alimentar (<strong>Salic<\/strong>, em ingl\u00eas) nas duas companhias, o que poderia facilitar alinhamento entre concorrentes. Segundo a Marfrig, esse eventual aumento de participa\u00e7\u00e3o do fundo na companhia, via convers\u00e3o de a\u00e7\u00f5es da BRF, \u00e9 \u201cmeramente hipot\u00e9tico\u201d e teria de ser analisado em um processo separado, caso se concretize.<\/p>\n\n\n\n<p>Do outro lado, a Minerva sustenta que a atua\u00e7\u00e3o cruzada da Salic nas duas companhias pode reduzir os incentivos \u00e0 rivalidade entre os grupos e defende que o caso representa um risco de \u201ccoordena\u00e7\u00e3o branda\u201d \u2014 um tipo de alinhamento estrat\u00e9gico impl\u00edcito entre empresas concorrentes com o mesmo <a href=\"https:\/\/investnews.com.br\/guias\/acionista-o-que-e-e-como-funciona\/\">acionista<\/a> relevante. O argumento se baseia na tese de <em>common ownership<\/em>, ou propriedade cruzada, cada vez mais debatida no direito concorrencial internacional.<\/p>\n\n\n\n<p>Al\u00e9m disso, a Minerva tamb\u00e9m questiona o fato de a opera\u00e7\u00e3o ter sido aprovada em rito sum\u00e1rio, modelo reservado a fus\u00f5es consideradas de baixo impacto concorrencial. Para a companhia, os efeitos combinados no mercado de alimentos processados e no canal <em>foodservice<\/em> \u2014 incluindo riscos de contratos de exclusividade \u2014 justificariam uma an\u00e1lise aprofundada por parte do Cade.<\/p>\n\n\n\n<figure class=\"wp-block-image size-large\"><img loading=\"lazy\" decoding=\"async\" width=\"1024\" height=\"682\" src=\"https:\/\/media.investnews.com.br\/uploads\/2025\/03\/Molina-Gularte-1024x682.webp\" alt=\"Marcos Molina, controlador da BRF, e Miguel Gularte, CEO da BRF\" class=\"wp-image-659449\" srcset=\"https:\/\/media.investnews.com.br\/uploads\/2025\/03\/Molina-Gularte-1024x682.webp 1024w, https:\/\/media.investnews.com.br\/uploads\/2025\/03\/Molina-Gularte-300x200.webp 300w, https:\/\/media.investnews.com.br\/uploads\/2025\/03\/Molina-Gularte-768x512.webp 768w, https:\/\/media.investnews.com.br\/uploads\/2025\/03\/Molina-Gularte-1536x1023.webp 1536w, https:\/\/media.investnews.com.br\/uploads\/2025\/03\/Molina-Gularte-1256x837.webp 1256w, https:\/\/media.investnews.com.br\/uploads\/2025\/03\/Molina-Gularte-172x115.webp 172w, https:\/\/media.investnews.com.br\/uploads\/2025\/03\/Molina-Gularte-150x100.webp 150w, https:\/\/media.investnews.com.br\/uploads\/2025\/03\/Molina-Gularte.webp 1600w\" sizes=\"auto, (max-width: 1024px) 100vw, 1024px\" \/><figcaption class=\"wp-element-caption\">Marcos Molina, controlador da BRF, e Miguel Gularte, CEO da BRF (Divulga\u00e7\u00e3o)<\/figcaption><\/figure>\n\n\n\n<p>A Marfrig sustenta que a incorpora\u00e7\u00e3o das a\u00e7\u00f5es remanescentes da BRF n\u00e3o altera o controle da empresa \u2014 que j\u00e1 estava sob seu comando \u2014 e n\u00e3o representa novos riscos de concentra\u00e7\u00e3o de mercado.<\/p>\n\n\n\n<p>O caso ser\u00e1 julgado pelo Tribunal do Cade, ainda sem data marcada. Procurada, a Minerva n\u00e3o respondeu at\u00e9 a publica\u00e7\u00e3o deste texto.<\/p>\n\n\n\n<figure class=\"wp-block-embed is-type-video is-provider-youtube wp-block-embed-youtube wp-embed-aspect-16-9 wp-has-aspect-ratio\"><div class=\"wp-block-embed__wrapper\">\n<iframe loading=\"lazy\" title=\"Como um CADERNINHO resgatou a Sadia e a Perdig\u00e3o\" width=\"500\" height=\"281\" src=\"https:\/\/www.youtube.com\/embed\/9XnuvnHacEE?feature=oembed\" frameborder=\"0\" allow=\"accelerometer; autoplay; clipboard-write; encrypted-media; gyroscope; picture-in-picture; web-share\" referrerpolicy=\"strict-origin-when-cross-origin\" allowfullscreen><\/iframe>\n<\/div><\/figure>\n","protected":false},"excerpt":{"rendered":"<p>Em resposta ao recurso da rival para evitar fus\u00e3o com a BRF, Marfrig afirma que Minerva n\u00e3o respeitou contratos de fornecimento<\/p>\n","protected":false},"author":123,"featured_media":691071,"comment_status":"closed","ping_status":"closed","sticky":false,"template":"","format":"standard","meta":{"_acf_changed":false,"inline_featured_image":false,"footnotes":""},"categories":[6],"tags":[160,191,474],"autor-wsj":[],"coauthors":[102704],"class_list":["post-691059","post","type-post","status-publish","format-standard","has-post-thumbnail","hentry","category-negocios","tag-brf","tag-marfrig","tag-beef3"],"acf":[],"amp_enabled":true,"_links":{"self":[{"href":"https:\/\/investnews.com.br\/inv-api\/wp\/v2\/posts\/691059","targetHints":{"allow":["GET"]}}],"collection":[{"href":"https:\/\/investnews.com.br\/inv-api\/wp\/v2\/posts"}],"about":[{"href":"https:\/\/investnews.com.br\/inv-api\/wp\/v2\/types\/post"}],"author":[{"embeddable":true,"href":"https:\/\/investnews.com.br\/inv-api\/wp\/v2\/users\/123"}],"replies":[{"embeddable":true,"href":"https:\/\/investnews.com.br\/inv-api\/wp\/v2\/comments?post=691059"}],"version-history":[{"count":15,"href":"https:\/\/investnews.com.br\/inv-api\/wp\/v2\/posts\/691059\/revisions"}],"predecessor-version":[{"id":743203,"href":"https:\/\/investnews.com.br\/inv-api\/wp\/v2\/posts\/691059\/revisions\/743203"}],"wp:featuredmedia":[{"embeddable":true,"href":"https:\/\/investnews.com.br\/inv-api\/wp\/v2\/media\/691071"}],"wp:attachment":[{"href":"https:\/\/investnews.com.br\/inv-api\/wp\/v2\/media?parent=691059"}],"wp:term":[{"taxonomy":"category","embeddable":true,"href":"https:\/\/investnews.com.br\/inv-api\/wp\/v2\/categories?post=691059"},{"taxonomy":"post_tag","embeddable":true,"href":"https:\/\/investnews.com.br\/inv-api\/wp\/v2\/tags?post=691059"},{"taxonomy":"autor-wsj","embeddable":true,"href":"https:\/\/investnews.com.br\/inv-api\/wp\/v2\/autor-wsj?post=691059"},{"taxonomy":"author","embeddable":true,"href":"https:\/\/investnews.com.br\/inv-api\/wp\/v2\/coauthors?post=691059"}],"curies":[{"name":"wp","href":"https:\/\/api.w.org\/{rel}","templated":true}]}}