{"id":691241,"date":"2025-07-23T14:15:27","date_gmt":"2025-07-23T17:15:27","guid":{"rendered":"https:\/\/investnews.com.br\/?p=691241"},"modified":"2025-07-29T16:33:06","modified_gmt":"2025-07-29T19:33:06","slug":"argentina-milei","status":"publish","type":"post","link":"https:\/\/investnews.com.br\/economia\/argentina-milei\/","title":{"rendered":"O de cima sobe e o de baixo desce: Argentina vive dualidade na era Milei"},"content":{"rendered":"\n<p id=\"tw-target-text\">O mercado imobili\u00e1rio est\u00e1 prosperando na <strong>Argentina <\/strong>de Javier Milei. A venda de carros est\u00e1 em alta e as principais companhias a\u00e9reas est\u00e3o adicionando voos para Buenos Aires para atender \u00e0 crescente demanda por viagens.<\/p>\n\n\n\n<p id=\"tw-target-text\">No entanto, os <strong>restaurantes est\u00e3o cada vez mais vazios<\/strong>, os hot\u00e9is est\u00e3o, na melhor das hip\u00f3teses, com <strong>metade da capacidade ocupada<\/strong> e o n\u00famero de lojas vazias aumenta, \u00e0 medida que a recupera\u00e7\u00e3o econ\u00f4mica come\u00e7a a perder for\u00e7a, pelo menos para as massas.<\/p>\n\n\n\n<p id=\"tw-target-text\">Duas realidades contrastantes est\u00e3o emergindo na Argentina tr\u00eas meses antes das elei\u00e7\u00f5es de meio de mandato, nas quais a percep\u00e7\u00e3o dos eleitores sobre a economia determinar\u00e1 o sucesso do partido de Milei em conquistar mais apoio para sua austeridade e sua abordagem pr\u00f3-mercado.<\/p>\n\n\n\n<p id=\"tw-target-text\">A desigualdade de renda n\u00e3o \u00e9 novidade na Argentina. Mas uma moeda forte \u00e9 tanto um pilar das primeiras conquistas de Milei \u2014 infla\u00e7\u00e3o e pobreza mais baixas \u2014 quanto um motor da recupera\u00e7\u00e3o desigual do pa\u00eds, liderada pelo libert\u00e1rio, que est\u00e1 abrindo uma economia protecionista e pouco acostumada \u00e0 concorr\u00eancia estrangeira.<\/p>\n\n\n\n<p id=\"tw-target-text\">Por um lado, os argentinos ricos e com alto n\u00edvel educacional est\u00e3o <strong>aproveitando as pol\u00edticas econ\u00f4micas<\/strong> de Milei, que se traduziram em <strong>maior poder de compra<\/strong>, o que, por sua vez, levou a mais viagens ao exterior e compras de alto valor no pa\u00eds.<\/p>\n\n\n\n<figure class=\"wp-block-embed is-type-video is-provider-youtube wp-block-embed-youtube wp-embed-aspect-16-9 wp-has-aspect-ratio\"><div class=\"wp-block-embed__wrapper\">\n<iframe loading=\"lazy\" title=\"A economia argentina d\u00e1 sinais de recupera\u00e7\u00e3o, mas  n\u00e3o chegam para toda a popula\u00e7\u00e3o\" width=\"500\" height=\"281\" src=\"https:\/\/www.youtube.com\/embed\/WYRyDNMwqMo?feature=oembed\" frameborder=\"0\" allow=\"accelerometer; autoplay; clipboard-write; encrypted-media; gyroscope; picture-in-picture; web-share\" referrerpolicy=\"strict-origin-when-cross-origin\" allowfullscreen><\/iframe>\n<\/div><\/figure>\n\n\n\n<p id=\"tw-target-text\">Para outros, a hist\u00f3ria \u00e9 bem diferente: os gastos com alimenta\u00e7\u00e3o, vestu\u00e1rio e restaurantes est\u00e3o diminuindo. E <strong>60% dos argentinos<\/strong> preveem fazer menos compras nos pr\u00f3ximos meses, de acordo com o LatAm Pulse, uma pesquisa realizada pela AtlasIntel para a Bloomberg News.<\/p>\n\n\n\n<p id=\"tw-target-text\">Essas preocupa\u00e7\u00f5es surgem em um momento em que o <strong>desemprego atingiu o maior n\u00edvel em quatro anos<\/strong>, e os sal\u00e1rios ajustados pela infla\u00e7\u00e3o ca\u00edram nos \u00faltimos meses.<\/p>\n\n\n\n<p id=\"tw-target-text\">&#8220;Mal consigo chegar ao fim do m\u00eas&#8221;, diz Valeria Ruiz, uma m\u00e3e solteira de 44 anos com dois filhos, que limpa casas e recentemente come\u00e7ou a trabalhar em uma ag\u00eancia de viagens para aumentar sua renda mensal para 600 mil pesos (algo como US$ 465), menos do que ganhava anteriormente no varejo com apenas um sal\u00e1rio.<\/p>\n\n\n\n<p id=\"tw-target-text\">No \u00faltimo ano, Valeria cortou restaurantes. Agora, ela procura as marcas mais baratas de leite, macarr\u00e3o e iogurte no supermercado. &#8220;As coisas est\u00e3o mais dif\u00edceis agora porque o mercado de trabalho n\u00e3o \u00e9 mais como antes: eu sempre tive muito trabalho, mas tudo parou completamente.&#8221;<\/p>\n\n\n\n<h2 class=\"wp-block-heading\">Pessimismo na Argentina<\/h2>\n\n\n\n<p id=\"tw-target-text\">Valeria n\u00e3o est\u00e1 sozinha: <strong>84% dos argentinos<\/strong> afirmam ter mudado seus h\u00e1bitos de consumo devido \u00e0 economia, incluindo a redu\u00e7\u00e3o nas compras de roupas e a redu\u00e7\u00e3o no consumo de refei\u00e7\u00f5es fora de casa, de acordo com uma pesquisa da Management &amp; Fit.<\/p>\n\n\n\n<p id=\"tw-target-text\">J\u00e1 <strong>67% deles t\u00eam uma vis\u00e3o negativa da economia<\/strong>, segundo a AtlasIntel. Uma pesquisa da ag\u00eancia argentina de estat\u00edsticas de supermercados e atacadistas revelou que <strong>27% dos lojistas t\u00eam uma vis\u00e3o negativa<\/strong> da situa\u00e7\u00e3o dos neg\u00f3cios, contra apenas <strong>7% que a consideram positiva<\/strong>.<\/p>\n\n\n<section class=\"recirculation-area\">\n    <div class=\"container\">\n                <p class=\"title\">Leia mais<\/p>\n     \n            <ul class=\"recirculation-list\" data-tracking-position=\"Leia mais\">\n                            <li class=\"list-item\">\n                    <a \n                        href=\"https:\/\/investnews.com.br\/economia\/em-meio-ao-milagre-economico-na-argentina-nem-todos-estao-ganhando\/\" \n                        title=\"Por que nem todo mundo est\u00e1 ganhando com o &#8216;milagre econ\u00f4mico&#8217; da Argentina\" \n                        class=\"item-title recirculation-link\"\n                        data-btn-name=\"Por que nem todo mundo est\u00e1 ganhando com o &#8216;milagre econ\u00f4mico&#8217; da Argentina\"\n                        data-posicao=\"Leia mais\"\n                        data-click-url=\"https:\/\/investnews.com.br\/economia\/em-meio-ao-milagre-economico-na-argentina-nem-todos-estao-ganhando\/\"\n                    >\n                        Por que nem todo mundo est\u00e1 ganhando com o &#8216;milagre econ\u00f4mico&#8217; da Argentina                    <\/a>\n                <\/li>\n                    <\/ul>\n    <\/div><\/section>\n\n\n\n<p id=\"tw-target-text\">At\u00e9 agora, o pessimismo econ\u00f4mico dos eleitores n\u00e3o prejudicou os <strong>altos \u00edndices de aprova\u00e7\u00e3o de Milei<\/strong>. Ele conseguiu <strong>reduzir a infla\u00e7\u00e3o<\/strong>, <strong>reativar o cr\u00e9dito imobili\u00e1rio<\/strong> e <strong>suspender os controles cambiais <\/strong>para pessoas f\u00edsicas \u2014 todas medidas populares em toda a sociedade.<\/p>\n\n\n\n<p id=\"tw-target-text\">Mas, para conter a infla\u00e7\u00e3o, Milei se apoiou em uma taxa de c\u00e2mbio mais forte, que alimenta a demanda por bens dur\u00e1veis e favorece os argentinos mais ricos, enquanto torna restaurantes, f\u00e9rias locais e compras de fim de semana cada vez mais caros para muitos outros.<\/p>\n\n\n\n<p id=\"tw-target-text\">Os n\u00fameros est\u00e3o impactando as perspectivas para a Argentina: em junho, os economistas reduziram as proje\u00e7\u00f5es para este ano para um <strong>crescimento de 5%<\/strong>, ap\u00f3s aumentarem as proje\u00e7\u00f5es de forma constante nos cinco meses anteriores \u2014 uma recupera\u00e7\u00e3o s\u00f3lida ap\u00f3s dois anos de contra\u00e7\u00e3o. A atividade econ\u00f4mica em maio, por\u00e9m, apresentou um desempenho inst\u00e1vel, registrando o terceiro m\u00eas negativo do ano, embora moderado.<\/p>\n\n\n\n<p id=\"tw-target-text\">As <strong>vendas de autom\u00f3veis aumentaram 78%<\/strong> nos primeiros seis meses do ano em compara\u00e7\u00e3o com o mesmo per\u00edodo de 2024, com as compras de Porsche, Audi e BMW mais que dobrando, com Toyota e Volkswagen vendendo o maior n\u00famero de unidades.<\/p>\n\n\n\n<p id=\"tw-target-text\">As vendas de im\u00f3veis residenciais na cidade e na prov\u00edncia de Buenos Aires <strong>aumentaram cerca de 50%<\/strong> at\u00e9 maio, e o n\u00famero de <strong>argentinos viajando para o exterior aumentou 64%<\/strong>, de acordo com relat\u00f3rios do setor e estat\u00edsticas governamentais. Delta, American, Latam Airlines e Aerol\u00edneas Argentinas adicionaram ou planejam lan\u00e7ar voos para a Argentina para atender \u00e0 crescente demanda ainda este ano.<\/p>\n\n\n\n<p id=\"tw-target-text\">Enquanto isso, os <strong>gastos em restaurantes na cidade de Buenos Aires ca\u00edram<\/strong> em cinco dos \u00faltimos seis meses, e os supermercados ainda n\u00e3o viram a atividade retornar aos n\u00edveis pr\u00e9-Milei.<\/p>\n\n\n\n<p id=\"tw-target-text\">O n\u00famero de <strong>lojas vazias<\/strong> na cidade aumentou nos primeiros quatro meses deste ano, atingindo o n\u00edvel mais alto, 896, desde pelo menos 2022.<\/p>\n\n\n\n<p id=\"tw-target-text\">Em m\u00e9dia, apenas 43% dos quartos de hotel em todo o pa\u00eds estavam ocupados neste ano at\u00e9 maio, uma queda consistente em rela\u00e7\u00e3o ao mesmo per\u00edodo dos anos anteriores e ainda menor do que os n\u00edveis pr\u00e9-pandemia.<\/p>\n\n\n\n<p id=\"tw-target-text\">\u201c\u00c9 o que acontece com <strong>regimes de c\u00e2mbio fixo<\/strong> \u2014 eles impulsionam o consumo de bens dur\u00e1veis, valorizam a moeda e reduzem a infla\u00e7\u00e3o rapidamente\u201d, disse Marcos Buscaglia, cofundador da consultoria Alberdi Partners, sediada em Buenos Aires.<\/p>\n\n\n\n<figure class=\"wp-block-embed is-type-video is-provider-youtube wp-block-embed-youtube wp-embed-aspect-16-9 wp-has-aspect-ratio\"><div class=\"wp-block-embed__wrapper\">\n<iframe loading=\"lazy\" title=\"Como o governo Milei domou a hiperinfla\u00e7\u00e3o na Argentina\" width=\"500\" height=\"281\" src=\"https:\/\/www.youtube.com\/embed\/8xvLJSP3_Vc?feature=oembed\" frameborder=\"0\" allow=\"accelerometer; autoplay; clipboard-write; encrypted-media; gyroscope; picture-in-picture; web-share\" referrerpolicy=\"strict-origin-when-cross-origin\" allowfullscreen><\/iframe>\n<\/div><\/figure>\n\n\n\n<p id=\"tw-target-text\">O <strong>peso no mercado paralelo se valorizou 57%<\/strong> em termos reais desde que Milei assumiu o cargo, h\u00e1 18 meses. \u201cAl\u00e9m disso, a liberaliza\u00e7\u00e3o comercial est\u00e1 pressionando ainda mais os pre\u00e7os do d\u00f3lar.\u201d<\/p>\n\n\n\n<p id=\"tw-target-text\">A reabertura da economia argentina permitiu que Flavio Ortega, vendedor de uma concession\u00e1ria de ve\u00edculos no bairro de elite de Puerto Madero, enchesse sua concession\u00e1ria com carros importados e come\u00e7asse a vender volumes que n\u00e3o movimentava desde 2018.<\/p>\n\n\n\n<p id=\"tw-target-text\">Nos \u00faltimos cinco anos, as r\u00edgidas restri\u00e7\u00f5es \u00e0 importa\u00e7\u00e3o fizeram com que Ortega, de 45 anos, mal conseguisse exibir dois carros ao mesmo tempo \u2014 uma situa\u00e7\u00e3o que desencorajava os compradores.<\/p>\n\n\n\n<p id=\"tw-target-text\">Mas as importa\u00e7\u00f5es de autom\u00f3veis s\u00f3 em junho aumentaram quase 250% em rela\u00e7\u00e3o ao ano anterior. \u201cEm 2025, com a retomada das importa\u00e7\u00f5es, poderemos expor at\u00e9 13 ve\u00edculos avaliados em at\u00e9 US$ 80.000 cada \u2014 e j\u00e1 dobramos as vendas do ano passado\u201d, disse ele.<\/p>\n\n\n<section class=\"recirculation-area\">\n    <div class=\"container\">\n                <p class=\"title\">Leia mais<\/p>\n     \n            <ul class=\"recirculation-list\" data-tracking-position=\"Leia mais\">\n                            <li class=\"list-item\">\n                    <a \n                        href=\"https:\/\/investnews.com.br\/economia\/argentina-libera-flutuacao-do-cambio-depois-de-fechar-emprestimo-de-us-20-bi-com-fmi\/\" \n                        title=\"Argentina libera flutua\u00e7\u00e3o do c\u00e2mbio e fecha empr\u00e9stimo de US$ 20 bi com FMI\" \n                        class=\"item-title recirculation-link\"\n                        data-btn-name=\"Argentina libera flutua\u00e7\u00e3o do c\u00e2mbio e fecha empr\u00e9stimo de US$ 20 bi com FMI\"\n                        data-posicao=\"Leia mais\"\n                        data-click-url=\"https:\/\/investnews.com.br\/economia\/argentina-libera-flutuacao-do-cambio-depois-de-fechar-emprestimo-de-us-20-bi-com-fmi\/\"\n                    >\n                        Argentina libera flutua\u00e7\u00e3o do c\u00e2mbio e fecha empr\u00e9stimo de US$ 20 bi com FMI                    <\/a>\n                <\/li>\n                    <\/ul>\n    <\/div><\/section>\n\n\n\n<p id=\"tw-target-text\">Gaston Aybar fechou 40% mais transa\u00e7\u00f5es imobili\u00e1rias no primeiro semestre do ano em compara\u00e7\u00e3o com o mesmo per\u00edodo de 2024.<\/p>\n\n\n\n<p id=\"tw-target-text\">Um peso mais forte, taxas de juros mais baixas que tornaram o financiamento imobili\u00e1rio mais acess\u00edvel e o programa de anistia fiscal de Milei, que convenceu os argentinos a declarar ativos denominados em d\u00f3lar no final do ano passado, est\u00e3o impulsionando as vendas.<\/p>\n\n\n\n<p id=\"tw-target-text\">O corretor imobili\u00e1rio afirma que o financiamento imobili\u00e1rio est\u00e1 possibilitando que a classe m\u00e9dia argentina compre ou reforme suas casas, mesmo com or\u00e7amentos mensais mais apertados.<\/p>\n\n\n\n<p id=\"tw-target-text\">\u201cHoje \u00e9 um momento em que as pessoas est\u00e3o tentando investir em algo duradouro\u201d, diz Aybar, 49 anos. \u201cPessoas com algumas economias b\u00e1sicas est\u00e3o se perguntando: \u2018Gasto com um carro, f\u00e9rias ou corto gastos e fa\u00e7o um financiamento imobili\u00e1rio?\u2019 H\u00e1 uma mudan\u00e7a na mentalidade das pessoas para apostar em im\u00f3veis.\u201d<\/p>\n","protected":false},"excerpt":{"rendered":"<p>A demanda por im\u00f3veis e viagens cresce. Enquanto isso, o grosso da popula\u00e7\u00e3o aperta o cinto<\/p>\n","protected":false},"author":76,"featured_media":658108,"comment_status":"closed","ping_status":"closed","sticky":false,"template":"","format":"standard","meta":{"_acf_changed":false,"inline_featured_image":false,"footnotes":""},"categories":[5],"tags":[109771,52,103092],"autor-wsj":[],"coauthors":[101325],"class_list":["post-691241","post","type-post","status-publish","format-standard","has-post-thumbnail","hentry","category-economia","tag-argentina","tag-inflacao","tag-javier-milei"],"acf":[],"amp_enabled":true,"_links":{"self":[{"href":"https:\/\/investnews.com.br\/inv-api\/wp\/v2\/posts\/691241","targetHints":{"allow":["GET"]}}],"collection":[{"href":"https:\/\/investnews.com.br\/inv-api\/wp\/v2\/posts"}],"about":[{"href":"https:\/\/investnews.com.br\/inv-api\/wp\/v2\/types\/post"}],"author":[{"embeddable":true,"href":"https:\/\/investnews.com.br\/inv-api\/wp\/v2\/users\/76"}],"replies":[{"embeddable":true,"href":"https:\/\/investnews.com.br\/inv-api\/wp\/v2\/comments?post=691241"}],"version-history":[{"count":10,"href":"https:\/\/investnews.com.br\/inv-api\/wp\/v2\/posts\/691241\/revisions"}],"predecessor-version":[{"id":691308,"href":"https:\/\/investnews.com.br\/inv-api\/wp\/v2\/posts\/691241\/revisions\/691308"}],"wp:featuredmedia":[{"embeddable":true,"href":"https:\/\/investnews.com.br\/inv-api\/wp\/v2\/media\/658108"}],"wp:attachment":[{"href":"https:\/\/investnews.com.br\/inv-api\/wp\/v2\/media?parent=691241"}],"wp:term":[{"taxonomy":"category","embeddable":true,"href":"https:\/\/investnews.com.br\/inv-api\/wp\/v2\/categories?post=691241"},{"taxonomy":"post_tag","embeddable":true,"href":"https:\/\/investnews.com.br\/inv-api\/wp\/v2\/tags?post=691241"},{"taxonomy":"autor-wsj","embeddable":true,"href":"https:\/\/investnews.com.br\/inv-api\/wp\/v2\/autor-wsj?post=691241"},{"taxonomy":"author","embeddable":true,"href":"https:\/\/investnews.com.br\/inv-api\/wp\/v2\/coauthors?post=691241"}],"curies":[{"name":"wp","href":"https:\/\/api.w.org\/{rel}","templated":true}]}}