{"id":691443,"date":"2025-07-23T18:21:33","date_gmt":"2025-07-23T21:21:33","guid":{"rendered":"https:\/\/investnews.com.br\/?p=691443"},"modified":"2025-10-23T11:37:37","modified_gmt":"2025-10-23T14:37:37","slug":"perdeu-o-encanto-weg-desacelera-e-frustra-investidores-acao-cai-8","status":"publish","type":"post","link":"https:\/\/investnews.com.br\/investimentos\/perdeu-o-encanto-weg-desacelera-e-frustra-investidores-acao-cai-8\/","title":{"rendered":"Perdeu o encanto? WEG desacelera e frustra investidores; a\u00e7\u00e3o cai 8%"},"content":{"rendered":"\n<p>Por anos, a <strong>WEG<\/strong> foi vista como uma das a\u00e7\u00f5es mais consistentes da B3. Resiliente mesmo em ciclos dif\u00edceis, com margens est\u00e1veis, presen\u00e7a global e uma execu\u00e7\u00e3o admirada no mercado, a companhia catarinense virou sin\u00f4nimo de \u201cficha azul\u201d. Mas nesta quarta-feira (23), a empresa teve de lidar com as dores de crescer em ritmo mais lento: em rea\u00e7\u00e3o aos resultados, as a\u00e7\u00f5es desabaram mais de 8%, liderando as quedas no Ibovespa.<\/p>\n\n\n\n<p>No segundo trimestre, a WEG reportou um <a href=\"https:\/\/investnews.com.br\/guias\/lucro-liquido\/\">lucro l\u00edquido<\/a> de R$ 1,6 bilh\u00e3o \u2014 crescimento de 10% sobre o ano anterior, mas 7% abaixo do consenso do mercado. A <a href=\"https:\/\/investnews.com.br\/guias\/receita-liquida-o-que-e\/\">receita l\u00edquida<\/a> subiu 10% na compara\u00e7\u00e3o anual, para R$ 10,2 bilh\u00f5es, enquanto o EBITDA avan\u00e7ou 6,5%, com margem de 22,1%.<\/p>\n\n\n\n<p>Embora os n\u00fameros ainda indiquem crescimento e <a href=\"https:\/\/investnews.com.br\/guias\/rentabilidade\/\">rentabilidade<\/a> saud\u00e1veis, o que pesou foi a mudan\u00e7a de ritmo \u2014 e, sobretudo, de percep\u00e7\u00e3o. O crescimento org\u00e2nico foi de apenas 1,2% em rela\u00e7\u00e3o ao segundo trimestre do ano passado, quando exclu\u00eddos efeitos cambiais e aquisi\u00e7\u00f5es. \u201cVemos a desacelera\u00e7\u00e3o do crescimento como a principal preocupa\u00e7\u00e3o neste resultado\u201d, escreveu a XP. \u201cN\u00e3o h\u00e1 sinais claros de acelera\u00e7\u00e3o da receita a partir do terceiro trimestre.\u201d<\/p>\n\n\n<section class=\"recirculation-area\">\n    <div class=\"container\">\n                <p class=\"title\">LEIA MAIS:<\/p>\n     \n            <ul class=\"recirculation-list\" data-tracking-position=\"Leia mais\">\n                            <li class=\"list-item\">\n                    <a \n                        href=\"https:\/\/investnews.com.br\/investimentos\/o-brasil-na-mira-de-trump-a-nova-onda-de-incertezas-para-balancar-o-dolar\/\" \n                        title=\"O Brasil na mira de Trump: crise pol\u00edtica joga d\u00favidas sobre o futuro do d\u00f3lar\" \n                        class=\"item-title recirculation-link\"\n                        data-btn-name=\"O Brasil na mira de Trump: crise pol\u00edtica joga d\u00favidas sobre o futuro do d\u00f3lar\"\n                        data-posicao=\"Leia mais\"\n                        data-click-url=\"https:\/\/investnews.com.br\/investimentos\/o-brasil-na-mira-de-trump-a-nova-onda-de-incertezas-para-balancar-o-dolar\/\"\n                    >\n                        O Brasil na mira de Trump: crise pol\u00edtica joga d\u00favidas sobre o futuro do d\u00f3lar                    <\/a>\n                <\/li>\n                            <li class=\"list-item\">\n                    <a \n                        href=\"https:\/\/investnews.com.br\/negocios\/como-a-tarifa-de-50-impacta-a-embraer-e-quais-argumentos-ela-tem-para-conseguir-uma-isencao\/\" \n                        title=\"Tarifas de 50%: como a Embraer pode buscar uma isen\u00e7\u00e3o\" \n                        class=\"item-title recirculation-link\"\n                        data-btn-name=\"Tarifas de 50%: como a Embraer pode buscar uma isen\u00e7\u00e3o\"\n                        data-posicao=\"Leia mais\"\n                        data-click-url=\"https:\/\/investnews.com.br\/negocios\/como-a-tarifa-de-50-impacta-a-embraer-e-quais-argumentos-ela-tem-para-conseguir-uma-isencao\/\"\n                    >\n                        Tarifas de 50%: como a Embraer pode buscar uma isen\u00e7\u00e3o                    <\/a>\n                <\/li>\n                    <\/ul>\n    <\/div><\/section>\n\n\n\n<p>O Ita\u00fa BBA tamb\u00e9m esperava um trimestre fraco, mas os n\u00fameros vieram ainda piores que o previsto. \u201cAs receitas e o EBITDA ficaram cerca de 6% abaixo do consenso, puxados por uma performance dom\u00e9stica mais fraca em Gera\u00e7\u00e3o, Transmiss\u00e3o e Distribui\u00e7\u00e3o de Energia (que s\u00e3o transformadores e pain\u00e9is de distribui\u00e7\u00e3o, por exemplo) e Equipamentos Eletroeletr\u00f4nicos Industriais (como motores el\u00e9tricos e equipamentos de automa\u00e7\u00e3o industrial), especialmente com menos projetos solares\u201d, escreveram os analistas. O banco ainda destacou que o resultado s\u00f3 n\u00e3o foi mais abaixo por conta da al\u00edquota de imposto menor do que o normal (17%, contra 23% no mesmo per\u00edodo de 2024).<\/p>\n\n\n\n<p>No Brasil, o desempenho foi limitado pela aus\u00eancia de novos projetos de gera\u00e7\u00e3o e\u00f3lica \u2014 destaque do mesmo trimestre do ano passado \u2014 e pela demanda mais fraca em equipamentos de ciclo longo, como motores de alta tens\u00e3o e automa\u00e7\u00e3o. J\u00e1 os produtos de ciclo curto, ligados \u00e0 manuten\u00e7\u00e3o e reposi\u00e7\u00e3o, tiveram demanda mais est\u00e1vel.<\/p>\n\n\n\n<p>No exterior, a receita cresceu 17%, com forte atua\u00e7\u00e3o em automa\u00e7\u00e3o e motores de baixa tens\u00e3o, puxada por China, Am\u00e9rica do Norte e Am\u00e9rica Latina. Mas a demanda por grandes projetos continua pressionada. A pr\u00f3pria empresa reconheceu no release que \u201ca pouca previsibilidade de longo prazo, em virtude das incertezas geopol\u00edticas, est\u00e1 levando ao adiamento da decis\u00e3o de investimentos de projetos de grande porte\u201d.<\/p>\n\n\n\n<h2 class=\"wp-block-heading\">O risco das tarifas<\/h2>\n\n\n\n<p>Com o an\u00fancio de tarifas de 50% dos EUA sobre produtos brasileiros cuja a expectativa  1\u00ba de agosto, o cen\u00e1rio se torna ainda mais desafiador para a WEG. A companhia n\u00e3o mencionou diretamente a palavra \u201ctarifas\u201d em seu release de resultados, mas em entrevista ao<strong> Valor <\/strong>o CFO, Andr\u00e9 Rodrigues, indicou que a empresa estuda formas de mitigar os potenciais impactos, considerando a presen\u00e7a global de suas plantas industriais. \u201cEntendemos que podemos realocar rotas de exporta\u00e7\u00e3o utilizando a produ\u00e7\u00e3o do Brasil para atender M\u00e9xico e \u00cdndia, e usar a produ\u00e7\u00e3o desses pa\u00edses para atender o mercado americano\u201d, afirmou.<\/p>\n\n\n\n<p>A empresa j\u00e1 vinha fortalecendo sua presen\u00e7a industrial global \u2014 hoje com 66 f\u00e1bricas em 18 pa\u00edses \u2014 e vem acelerando o capex: s\u00f3 no segundo trimestre foram R$ 583 milh\u00f5es, parte do plano recorde de R$ 2,6 bilh\u00f5es para o ano. Mesmo assim, a realoca\u00e7\u00e3o de produ\u00e7\u00e3o n\u00e3o \u00e9 trivial e deve levar tempo. Cerca de 22% das receitas da companhia v\u00eam dos EUA, e, segundo a WEG, a capacidade de produ\u00e7\u00e3o local americana s\u00f3 supre 40% da demanda por motores e menos de 30% dos transformadores.<\/p>\n\n\n\n<p>As incertezas comerciais n\u00e3o passaram despercebidas pelos analistas. \u201cAs incertezas macroecon\u00f4micas \u2014 incluindo tarifas \u2014 est\u00e3o postergando decis\u00f5es de investimento e impactando a demanda por produtos industriais\u201d, escreveu a XP. O BTG refor\u00e7ou que o tema deve dominar as pr\u00f3ximas conversas com o mercado, sobretudo em rela\u00e7\u00e3o ao impacto potencial nas margens e no posicionamento competitivo da companhia.<\/p>\n\n\n\n<h2 class=\"wp-block-heading\">Resili\u00eancia aos ventos contr\u00e1rios <\/h2>\n\n\n\n<p>A WEG ainda exibe n\u00fameros robustos: retorno sobre o capital investido (ROIC) de 32,9%, gera\u00e7\u00e3o de caixa de R$ 2 bilh\u00f5es e uma estrutura de capital leve. Mas os analistas j\u00e1 veem press\u00e3o sobre as estimativas futuras. <\/p>\n\n\n\n<p>O Ita\u00fa BBA avalia que os n\u00fameros do trimestre \u201cd\u00e3o suporte a revis\u00f5es para baixo no consenso de 2025 e 2026\u201d. Ainda assim, pondera que, com a queda recente, o <em>valuation<\/em> pode atrair investidores de longo prazo.<\/p>\n\n\n\n<p>Na rea\u00e7\u00e3o de hoje, o recado do mercado ficou dado: a WEG continua bem, mas o ciclo de crescimento f\u00e1cil ficou para tr\u00e1s \u2014 sobretudo com o ambiente mais complexo.<\/p>\n","protected":false},"excerpt":{"rendered":"<p>Resultado abaixo do esperado, sinal de desacelera\u00e7\u00e3o e risco de tarifas de 50% dos EUA viraram a mar\u00e9 para a WEG \u2014 que agora precisa mostrar resili\u00eancia num cen\u00e1rio global mais hostil.<\/p>\n","protected":false},"author":161,"featured_media":8528,"comment_status":"closed","ping_status":"closed","sticky":false,"template":"","format":"standard","meta":{"_acf_changed":false,"inline_featured_image":false,"footnotes":""},"categories":[102718,6],"tags":[110337],"autor-wsj":[],"coauthors":[109595],"class_list":["post-691443","post","type-post","status-publish","format-standard","has-post-thumbnail","hentry","category-investimentos","category-negocios","tag-weg"],"acf":[],"amp_enabled":true,"_links":{"self":[{"href":"https:\/\/investnews.com.br\/inv-api\/wp\/v2\/posts\/691443","targetHints":{"allow":["GET"]}}],"collection":[{"href":"https:\/\/investnews.com.br\/inv-api\/wp\/v2\/posts"}],"about":[{"href":"https:\/\/investnews.com.br\/inv-api\/wp\/v2\/types\/post"}],"author":[{"embeddable":true,"href":"https:\/\/investnews.com.br\/inv-api\/wp\/v2\/users\/161"}],"replies":[{"embeddable":true,"href":"https:\/\/investnews.com.br\/inv-api\/wp\/v2\/comments?post=691443"}],"version-history":[{"count":5,"href":"https:\/\/investnews.com.br\/inv-api\/wp\/v2\/posts\/691443\/revisions"}],"predecessor-version":[{"id":691471,"href":"https:\/\/investnews.com.br\/inv-api\/wp\/v2\/posts\/691443\/revisions\/691471"}],"wp:featuredmedia":[{"embeddable":true,"href":"https:\/\/investnews.com.br\/inv-api\/wp\/v2\/media\/8528"}],"wp:attachment":[{"href":"https:\/\/investnews.com.br\/inv-api\/wp\/v2\/media?parent=691443"}],"wp:term":[{"taxonomy":"category","embeddable":true,"href":"https:\/\/investnews.com.br\/inv-api\/wp\/v2\/categories?post=691443"},{"taxonomy":"post_tag","embeddable":true,"href":"https:\/\/investnews.com.br\/inv-api\/wp\/v2\/tags?post=691443"},{"taxonomy":"autor-wsj","embeddable":true,"href":"https:\/\/investnews.com.br\/inv-api\/wp\/v2\/autor-wsj?post=691443"},{"taxonomy":"author","embeddable":true,"href":"https:\/\/investnews.com.br\/inv-api\/wp\/v2\/coauthors?post=691443"}],"curies":[{"name":"wp","href":"https:\/\/api.w.org\/{rel}","templated":true}]}}