{"id":692214,"date":"2025-07-28T06:00:00","date_gmt":"2025-07-28T09:00:00","guid":{"rendered":"https:\/\/investnews.com.br\/?p=692214"},"modified":"2025-12-18T11:25:54","modified_gmt":"2025-12-18T14:25:54","slug":"exclusivo-racionalidade-economica-vai-prevalecer-diz-ceo-da-embraer","status":"publish","type":"post","link":"https:\/\/investnews.com.br\/negocios\/exclusivo-racionalidade-economica-vai-prevalecer-diz-ceo-da-embraer\/","title":{"rendered":"Exclusivo: pressionada pelas tarifas, Embraer analisa fabricar cargueiro nos EUA, diz CEO"},"content":{"rendered":"\n<p>T\u00e3o logo a carta de <strong>Donald Trump<\/strong> anunciando a <a href=\"https:\/\/investnews.com.br\/negocios\/tarifas-trump-exportadores-brasileiros-reacao\/\" data-type=\"link\" data-id=\"https:\/\/investnews.com.br\/negocios\/tarifas-trump-exportadores-brasileiros-reacao\/\">tarifa de 50% para produtos brasileiros<\/a> se tornou p\u00fablica, empres\u00e1rios, investidores e analistas come\u00e7aram a calcular o tamanho do estrago e identificar quem seria o mais afetado \u2013 o que colocou a Embraer sob escrut\u00ednio, contrastando com o destaque que tinha ganhado recentemente por viver seu melhor momento operacional. No segundo trimestre, por exemplo, bateu recorde de carteira de pedidos: <strong>US$ 29,7 bilh\u00f5es <\/strong>no total, somando as 180 encomendas de aeronaves que fabricante tem a entregar nos pr\u00f3ximos anos. <\/p>\n\n\n\n<p>As ang\u00fastias de agora t\u00eam raz\u00e3o de ser. Cerca de 30% da receita de exporta\u00e7\u00f5es da companhia v\u00eam dos EUA. Considerando tamb\u00e9m as opera\u00e7\u00f5es que a Embraer tem por l\u00e1, o mercado americano responde por mais da metade da receita da fabricante.&nbsp;<\/p>\n\n\n\n<p>Em 15 de julho, numa esp\u00e9cie de coletiva de emerg\u00eancia, o CEO da Embraer foi categ\u00f3rico: <a href=\"https:\/\/exame.com\/insight\/embraer-tarifaco-traria-impacto-semelhante-ao-da-covid-para-a-companhia-diz-ceo\/p\" target=\"_blank\" rel=\"noopener\">o efeito de um tarifa\u00e7o seria similar ao da <strong>Covid<\/strong><\/a> para a empresa. Foi l\u00e1 em 2020 que a Embraer teve de lidar com as consequ\u00eancias do v\u00edrus para o setor aeron\u00e1utico e com a desist\u00eancia da <strong>Boeing<\/strong> de comprar sua \u00e1rea comercial. Durante a pandemia, a produ\u00e7\u00e3o de aeronaves comerciais caiu de 100 unidades anuais para 50.<\/p>\n\n\n\n<p>A Embraer tem f\u00e1bricas nos EUA, mas o best seller da empresa ali \u00e9 <strong>o jato regional E-175<\/strong>, feito em S\u00e3o Jos\u00e9 dos Campos (SP). Caso uma realidade assim perdure, \u00e9 poss\u00edvel que boa parte das encomendas acabem canceladas.<\/p>\n\n\n\n<p>Isso exigiria repensar os planos de produ\u00e7\u00e3o e mesmo o tamanho da sua for\u00e7a de trabalho, num corte que pode ser da ordem de 20% do quadro de funcion\u00e1rios. A proje\u00e7\u00e3o da Embraer era aumentar o faturamento em mais de 50% em cinco anos, para US$ 10 bilh\u00f5es. Agora esse cen\u00e1rio est\u00e1 nublado.<\/p>\n\n\n\n<p>Apesar da preocupa\u00e7\u00e3o, <strong>Francisco Gomes Neto<\/strong>, o CEO, mant\u00e9m um olhar esperan\u00e7oso \u2013 em grande parte, por causa das li\u00e7\u00f5es aprendidas com o inferno astral de 2020. \u201cNossa tese \u00e9 de que a relev\u00e2ncia econ\u00f4mica da Embraer, tanto para o Brasil como para os Estados Unidos, \u00e9 t\u00e3o grande que podemos ser otimistas de chegar a uma solu\u00e7\u00e3o. A racionalidade econ\u00f4mica vai prevalecer\u201d, diz o executivo em entrevista exclusiva ao <strong>InvestNews.<\/strong><\/p>\n\n\n<section class=\"recirculation-area\">\n    <div class=\"container\">\n                <p class=\"title\">LEIA MAIS:<\/p>\n     \n            <ul class=\"recirculation-list\" data-tracking-position=\"Leia mais\">\n                            <li class=\"list-item\">\n                    <a href=\"https:\/\/investnews.com.br\/negocios\/tarifas-trump-exportadores-brasileiros-reacao\/\" title=\"Lobby, log\u00edstica e estoques: a corrida contra o tempo do Brasil antes do tarifa\u00e7o de Trump\" class=\"item-title recirculation-link\" data-btn-name=\"Lobby, log\u00edstica e estoques: a corrida contra o tempo do Brasil antes do tarifa\u00e7o de Trump\" data-posicao=\"Leia mais\" data-click-url=\"https:\/\/investnews.com.br\/negocios\/tarifas-trump-exportadores-brasileiros-reacao\/\">\n                        Lobby, log\u00edstica e estoques: a corrida contra o tempo do Brasil antes do tarifa\u00e7o de Trump                    <\/a>\n                <\/li>\n                            <li class=\"list-item\">\n                    <a href=\"https:\/\/investnews.com.br\/negocios\/como-a-tarifa-de-50-impacta-a-embraer-e-quais-argumentos-ela-tem-para-conseguir-uma-isencao\/\" title=\"Tarifas de 50%: como a Embraer pode buscar uma isen\u00e7\u00e3o\" class=\"item-title recirculation-link\" data-btn-name=\"Tarifas de 50%: como a Embraer pode buscar uma isen\u00e7\u00e3o\" data-posicao=\"Leia mais\" data-click-url=\"https:\/\/investnews.com.br\/negocios\/como-a-tarifa-de-50-impacta-a-embraer-e-quais-argumentos-ela-tem-para-conseguir-uma-isencao\/\">\n                        Tarifas de 50%: como a Embraer pode buscar uma isen\u00e7\u00e3o                    <\/a>\n                <\/li>\n                            <li class=\"list-item\">\n                    <a href=\"https:\/\/investnews.com.br\/economia\/lei-de-reciprocidade-comercial-entenda-o-que-que-muda-no-brasil-apos-as-tarifas-de-trump\/\" title=\"Lei de Reciprocidade Comercial: entenda o que muda no Brasil ap\u00f3s as tarifas de Trump\" class=\"item-title recirculation-link\" data-btn-name=\"Lei de Reciprocidade Comercial: entenda o que muda no Brasil ap\u00f3s as tarifas de Trump\" data-posicao=\"Leia mais\" data-click-url=\"https:\/\/investnews.com.br\/economia\/lei-de-reciprocidade-comercial-entenda-o-que-que-muda-no-brasil-apos-as-tarifas-de-trump\/\">\n                        Lei de Reciprocidade Comercial: entenda o que muda no Brasil ap\u00f3s as tarifas de Trump                    <\/a>\n                <\/li>\n                    <\/ul>\n    <\/div><\/section>\n\n\n\n<p>A entrevista aconteceu na manh\u00e3 de sexta-feira, 25, a poucos dias de 1\u00b0 de agosto, previs\u00e3o para as tarifas entrarem em vigor. Nessa corrida contra o rel\u00f3gio, Gomes Neto acredita que, mesmo que a desejada solu\u00e7\u00e3o n\u00e3o venha dia 31, acabe chegando pouco depois. <\/p>\n\n\n\n<p>Nos \u00faltimos dias, o executivo intensificou a agenda de reuni\u00f5es para falar com autoridades brasileiras e americanas, al\u00e9m de parceiros locais, de companhias a\u00e9reas a fornecedores de componentes. \u201cTenho recebido feedbacks positivos dos dois lados [autoridades brasileiras e americanas].\u201d<\/p>\n\n\n\n<p>Nesta semana, na teleconfer\u00eancia de resultados do segundo trimestre, o CEO da <strong>American Airlines<\/strong>, Robert D. Isom, <a href=\"https:\/\/uk.investing.com\/news\/transcripts\/earnings-call-transcript-american-airlines-q2-2025-beats-eps-forecast-stock-dips-93CH-4183464\" target=\"_blank\" rel=\"noopener\">se declarou pronto para auxiliar nas negocia\u00e7\u00f5es.<\/a> A companhia a\u00e9rea \u00e9 a maior operadora das aeronaves E175 no mundo. \u201c\u00c9 uma parceira excelente&#8221;, disse Isom.&nbsp;<\/p>\n\n\n\n<h2 class=\"wp-block-heading\"><strong>Made in Brazil?<\/strong><\/h2>\n\n\n\n<p>Os avi\u00f5es da Embraer podem at\u00e9 ser brasileiros, mas t\u00eam DNA global \u2013 incluindo um percentual significativo de componentes americanos. No caso do E175, os motores v\u00eam dos EUA (GE), e outros componentes fundamentais chegam da Alemanha (trem de pouso), da Fran\u00e7a (ar condicionado), da Espanha (estabilizadores), do Jap\u00e3o (partes das asas)&#8230;<\/p>\n\n\n\n<p>Cada aeronave \u00e9 uma confer\u00eancia da ONU. Justamente por isso o setor a\u00e9reo goza de isen\u00e7\u00e3o tarif\u00e1ria global h\u00e1 praticamente meio s\u00e9culo. \u00c9 basicamente invi\u00e1vel produzir um debaixo de um corredor polon\u00eas de tarifas. Mas essa \u00e9 s\u00f3 mais uma das verdades que o segundo mandato de Trump n\u00e3o considera.&nbsp;<\/p>\n\n\n\n<p>Desde abril, a Embraer j\u00e1 vinha lidando com a al\u00edquota de 10% imposta pela Casa Branca aos produtos brasileiros \u2013 um percentual at\u00e9 celebrado pelo mercado por ter sido uma mordida bem menos feroz do que a anunciada a diversos pa\u00edses at\u00e9 ent\u00e3o. O impacto para a Embraer foi de 0,9 ponto percentual na <a href=\"https:\/\/investnews.com.br\/guias\/ebitda-o-que-e-como-calcular\/\">margem Ebitda<\/a>, algo \u201cbem equacionado\u201d, segundo o CEO.&nbsp;<\/p>\n\n\n\n<p>Agora, com os 50% surgindo no horizonte, tudo muda de figura. A expectativa de Gomes Neto, de qualquer forma, \u00e9 que a situa\u00e7\u00e3o seja resolvida de maneira semelhante ao que ocorreu com o Reino Unido. Na negocia\u00e7\u00e3o, o governo brit\u00e2nico se comprometeu a comprar aeronaves Boeing. Ele acredita que uma solu\u00e7\u00e3o semelhante possa ser alcan\u00e7ada aqui, beneficiando a Embraer.&nbsp;<\/p>\n\n\n\n<figure class=\"wp-block-image size-large\"><img loading=\"lazy\" decoding=\"async\" width=\"1024\" height=\"575\" src=\"https:\/\/media.investnews.com.br\/uploads\/2025\/07\/Embraer-E175-E1-22081501-1024x575.webp\" alt=\"\" class=\"wp-image-687810\" srcset=\"https:\/\/media.investnews.com.br\/uploads\/2025\/07\/Embraer-E175-E1-22081501-1024x575.webp 1024w, https:\/\/media.investnews.com.br\/uploads\/2025\/07\/Embraer-E175-E1-22081501-300x169.webp 300w, https:\/\/media.investnews.com.br\/uploads\/2025\/07\/Embraer-E175-E1-22081501-768x432.webp 768w, https:\/\/media.investnews.com.br\/uploads\/2025\/07\/Embraer-E175-E1-22081501-1256x706.webp 1256w, https:\/\/media.investnews.com.br\/uploads\/2025\/07\/Embraer-E175-E1-22081501-172x97.webp 172w, https:\/\/media.investnews.com.br\/uploads\/2025\/07\/Embraer-E175-E1-22081501-150x84.webp 150w, https:\/\/media.investnews.com.br\/uploads\/2025\/07\/Embraer-E175-E1-22081501.webp 1500w\" sizes=\"auto, (max-width: 1024px) 100vw, 1024px\" \/><figcaption class=\"wp-element-caption\">E-175, aeronave tem 88% do mercado de pequeno porte nos EUA. Foto: Divulga\u00e7\u00e3o<\/figcaption><\/figure>\n\n\n\n<h2 class=\"wp-block-heading\"><strong>A depend\u00eancia dos EUA<\/strong><\/h2>\n\n\n\n<p>A Embraer \u00e9 extremamente exposta ao mercado americano, tanto na <a href=\"https:\/\/investnews.com.br\/?s=embraer#:~:text=Tarifas%20de%2050,julho%20de%202025\" data-type=\"link\" data-id=\"https:\/\/investnews.com.br\/?s=embraer#:~:text=Tarifas%20de%2050,julho%20de%202025\">avia\u00e7\u00e3o executiva como na avia\u00e7\u00e3o comercial.<\/a>&nbsp;<\/p>\n\n\n\n<p>Os EUA s\u00e3o o maior mercado dos jatinhos da companhia, com 70% das vendas dessa aeronaves s\u00e3o destinadas a clientes americanos. H\u00e1 mais de 1.100 jatos executivos Embraer voando por l\u00e1 (7% da frota americana). Os jatos executivos em produ\u00e7\u00e3o hoje s\u00e3o o Phenom, jato leve mais vendido do mundo h\u00e1 13 anos, e o Praetor, mais parrudo, sucessor do Legacy. Ambos s\u00e3o produzidos nos EUA, mas tamb\u00e9m n\u00e3o est\u00e3o imunes a tarifas.&nbsp;<\/p>\n\n\n\n<p>A montagem dos dois ocorre na cidade de Melbourne, Fl\u00f3rida. Mas h\u00e1 componentes que chegam do Brasil, e de outros pa\u00edses tarifados. No caso do Phenom, 40% \u00e9 conte\u00fado n\u00e3o-americano. No do Praetor, 60%.<\/p>\n\n\n\n<p>Na avia\u00e7\u00e3o comercial, a das aeronaves vendidas para cias a\u00e9reas, a Embraer tamb\u00e9m \u00e9 um player de destaque nos Estados Unidos. S\u00e3o quase 1.000 aeronaves operando no pa\u00eds, a maior parte delas E175. Com ele, a Embraer det\u00e9m 88% de market share entre os jatos comerciais de pequeno porte.<\/p>\n\n\n\n<p>Tem mais. De todos os jatos comerciais produzidos hoje no mundo, ele \u00e9 o \u00fanico autorizado a operar em aeroportos regionais americanos devido \u00e0 &#8220;cl\u00e1usula de escopo&#8221;, uma regulamenta\u00e7\u00e3o que limita o peso m\u00e1ximo de decolagem para aeronaves que operam em rotas regionais nos EUA.<\/p>\n\n\n\n<figure class=\"wp-block-image\"><img decoding=\"async\" src=\"https:\/\/public.flourish.studio\/visualisation\/24186507\/thumbnail\" alt=\"chart visualization\"\/><\/figure>\n\n\n\n<p>Gomes Neto lembra que &#8220;fazer um novo avi\u00e3o para esse segmento nos Estados Unidos [<em>pelas m\u00e3os da Boeing, por exemplo]<\/em> n\u00e3o \u00e9 algo que acontece rapidamente. Demora anos.&#8221; Ele refor\u00e7a que a Embraer est\u00e1 em uma posi\u00e7\u00e3o \u00fanica, porque, enquanto a cl\u00e1usula de escopo permanecer, o E175 ser\u00e1 insubstitu\u00edvel.<\/p>\n\n\n\n<p>&#8220;Se eles precisarem desse avi\u00e3o l\u00e1, \u00e9 nosso. E a\u00ed paga-se essa tarifa, que \u00e9 muito pesada&#8221;, afirma Gomes Neto. &#8220;Ou tem outro jeito de resolver. E a\u00ed voltamos \u00e0 racionalidade econ\u00f4mica&#8221;, completa.<\/p>\n\n\n\n<figure class=\"wp-block-embed is-type-video is-provider-youtube wp-block-embed-youtube wp-embed-aspect-16-9 wp-has-aspect-ratio\"><div class=\"wp-block-embed__wrapper\">\n<iframe loading=\"lazy\" title=\"O Brasil \u00e9 injusto com os EUA? Veja o que os n\u00fameros dizem sobre as tarifas de Trump\" width=\"500\" height=\"281\" src=\"https:\/\/www.youtube.com\/embed\/m3bPEo5rwag?feature=oembed\" frameborder=\"0\" allow=\"accelerometer; autoplay; clipboard-write; encrypted-media; gyroscope; picture-in-picture; web-share\" referrerpolicy=\"strict-origin-when-cross-origin\" allowfullscreen><\/iframe>\n<\/div><\/figure>\n\n\n\n<h2 class=\"wp-block-heading\"><strong>A presen\u00e7a nos Estados Unidos<\/strong><\/h2>\n\n\n\n<p>Uma das possibilidades analisadas pela Embraer seria ampliar ainda mais a produ\u00e7\u00e3o em territ\u00f3rio americano. Hoje, ela emprega diretamente quase 3 mil pessoas nos Estados Unidos, al\u00e9m de criar outras 10 mil vagas de empregos indiretos, em fornecedores e prestadores de servi\u00e7os.&nbsp;<\/p>\n\n\n\n<p>Com 45 anos de presen\u00e7a nos EUA, a Embraer possui f\u00e1bricas em Melbourne e em Jacksonville, na Fl\u00f3rida, al\u00e9m de centros de servi\u00e7os em v\u00e1rios Estados, como Texas, Arizona e Tennessee. Ao todo, s\u00e3o US$ 3 bilh\u00f5es em ativos nos Estados Unidos.<\/p>\n\n\n\n<p>E a rela\u00e7\u00e3o comercial \u00e9 favor\u00e1vel aos EUA. A Embraer planeja comprar mais de US$ 20 bilh\u00f5es em componentes dos Estados Unidos nos pr\u00f3ximos cinco anos, enquanto exportar\u00e1 US$ 13 bilh\u00f5es, segundo o executivo.&nbsp;<\/p>\n\n\n\n<p>Ou seja: a companhia tem um po\u00e7o de argumentos para tirar aeronaves e pe\u00e7as de avi\u00e3o do balaio tarif\u00e1rio.<\/p>\n\n\n\n<figure class=\"wp-block-image size-large\"><img loading=\"lazy\" decoding=\"async\" width=\"1024\" height=\"576\" src=\"https:\/\/media.investnews.com.br\/uploads\/2024\/11\/Embraer_KC-390_Paris_Air_Show_2019_Le_Bourget_SIAE0824-1024x576.webp\" alt=\"\" class=\"wp-image-630892\" srcset=\"https:\/\/media.investnews.com.br\/uploads\/2024\/11\/Embraer_KC-390_Paris_Air_Show_2019_Le_Bourget_SIAE0824-1024x576.webp 1024w, https:\/\/media.investnews.com.br\/uploads\/2024\/11\/Embraer_KC-390_Paris_Air_Show_2019_Le_Bourget_SIAE0824-300x169.webp 300w, https:\/\/media.investnews.com.br\/uploads\/2024\/11\/Embraer_KC-390_Paris_Air_Show_2019_Le_Bourget_SIAE0824-768x432.webp 768w, https:\/\/media.investnews.com.br\/uploads\/2024\/11\/Embraer_KC-390_Paris_Air_Show_2019_Le_Bourget_SIAE0824-1256x707.webp 1256w, https:\/\/media.investnews.com.br\/uploads\/2024\/11\/Embraer_KC-390_Paris_Air_Show_2019_Le_Bourget_SIAE0824-172x97.webp 172w, https:\/\/media.investnews.com.br\/uploads\/2024\/11\/Embraer_KC-390_Paris_Air_Show_2019_Le_Bourget_SIAE0824-150x84.webp 150w, https:\/\/media.investnews.com.br\/uploads\/2024\/11\/Embraer_KC-390_Paris_Air_Show_2019_Le_Bourget_SIAE0824.webp 1422w\" sizes=\"auto, (max-width: 1024px) 100vw, 1024px\" \/><figcaption class=\"wp-element-caption\">KC-390, maior sucesso comercial da unidade militar da Embraer<\/figcaption><\/figure>\n\n\n\n<h2 class=\"wp-block-heading\"><strong>KC-390<\/strong> made in USA<\/h2>\n\n\n\n<p>Outro caminho estudado pela companhia tem a ver com o potencial do <strong>KC-390,<\/strong> aeronave de transporte militar.&nbsp;J\u00e1 s\u00e3o mais de 40 unidades vendidas para for\u00e7as a\u00e9reas mundo afora (bastante para um avi\u00e3o do tipo; e a \u00cdndia, sozinha, avalia a compra de <strong>80 unidades<\/strong>.<\/p>\n\n\n\n<p>O modelo \u00e9 visto como uma pe\u00e7a-chave para o futuro da empresa. Segundo o executivo, caso a demanda pelo KC-390 cres\u00e7a de maneira substancial, a Embraer considerar\u00e1 a produ\u00e7\u00e3o do avi\u00e3o nos Estados Unidos, dado o volume adicional que seria necess\u00e1rio.<\/p>\n\n\n\n<p>&#8220;\u00c9 um neg\u00f3cio novo. Se tivermos sucesso em introduzir, n\u00e3o teremos capacidade instalada somemte no Brasil para atender \u00e0 demanda. Ent\u00e3o podemos ter f\u00e1brica l\u00e1 e gerar empregos l\u00e1\u201d, diz o CEO.&nbsp; <\/p>\n","protected":false},"excerpt":{"rendered":"<p>Francisco Gomes Neto busca um acordo que livre aeronaves das tarifas, e coloca na mesa a possibilidade de produzir mais aeronaves nos EUA<\/p>\n","protected":false},"author":161,"featured_media":692218,"comment_status":"closed","ping_status":"closed","sticky":false,"template":"post-template-special.php","format":"standard","meta":{"_acf_changed":false,"inline_featured_image":false,"footnotes":""},"categories":[6],"tags":[792,155,499,78],"autor-wsj":[],"coauthors":[109595],"class_list":["post-692214","post","type-post","status-publish","format-standard","has-post-thumbnail","hentry","category-negocios","tag-aviacao","tag-brasil","tag-economia","tag-estados-unidos"],"acf":[],"amp_enabled":true,"_links":{"self":[{"href":"https:\/\/investnews.com.br\/inv-api\/wp\/v2\/posts\/692214","targetHints":{"allow":["GET"]}}],"collection":[{"href":"https:\/\/investnews.com.br\/inv-api\/wp\/v2\/posts"}],"about":[{"href":"https:\/\/investnews.com.br\/inv-api\/wp\/v2\/types\/post"}],"author":[{"embeddable":true,"href":"https:\/\/investnews.com.br\/inv-api\/wp\/v2\/users\/161"}],"replies":[{"embeddable":true,"href":"https:\/\/investnews.com.br\/inv-api\/wp\/v2\/comments?post=692214"}],"version-history":[{"count":18,"href":"https:\/\/investnews.com.br\/inv-api\/wp\/v2\/posts\/692214\/revisions"}],"predecessor-version":[{"id":743223,"href":"https:\/\/investnews.com.br\/inv-api\/wp\/v2\/posts\/692214\/revisions\/743223"}],"wp:featuredmedia":[{"embeddable":true,"href":"https:\/\/investnews.com.br\/inv-api\/wp\/v2\/media\/692218"}],"wp:attachment":[{"href":"https:\/\/investnews.com.br\/inv-api\/wp\/v2\/media?parent=692214"}],"wp:term":[{"taxonomy":"category","embeddable":true,"href":"https:\/\/investnews.com.br\/inv-api\/wp\/v2\/categories?post=692214"},{"taxonomy":"post_tag","embeddable":true,"href":"https:\/\/investnews.com.br\/inv-api\/wp\/v2\/tags?post=692214"},{"taxonomy":"autor-wsj","embeddable":true,"href":"https:\/\/investnews.com.br\/inv-api\/wp\/v2\/autor-wsj?post=692214"},{"taxonomy":"author","embeddable":true,"href":"https:\/\/investnews.com.br\/inv-api\/wp\/v2\/coauthors?post=692214"}],"curies":[{"name":"wp","href":"https:\/\/api.w.org\/{rel}","templated":true}]}}