{"id":693694,"date":"2025-07-31T06:00:00","date_gmt":"2025-07-31T09:00:00","guid":{"rendered":"https:\/\/investnews.com.br\/?p=693694"},"modified":"2025-07-31T15:20:35","modified_gmt":"2025-07-31T18:20:35","slug":"cafe-brasil-precos-eua","status":"publish","type":"post","link":"https:\/\/investnews.com.br\/the-wall-street-journal\/cafe-brasil-precos-eua\/","title":{"rendered":"Ele n\u00e3o escapou do tarifa\u00e7o, mas pode rolar uma virada: os EUA n\u00e3o t\u00eam alternativa ao caf\u00e9 brasileiro"},"content":{"rendered":"\n<p>A <a href=\"https:\/\/investnews.com.br\/economia\/trump-ordem-executiva-tarifa-50-exportacoes-brasil\/\" data-type=\"post\" data-id=\"693746\">tarifa de 50%<\/a> sobre produtos brasileiros provavelmente elevar\u00e1 o <strong>pre\u00e7o do caf\u00e9<\/strong> preferido pela maioria dos consumidores americanos.<\/p>\n\n\n\n<p>Os gr\u00e3os de ar\u00e1bica brasileiros s\u00e3o a fonte de cerca de <strong>35% a 40% do caf\u00e9 consumido nos EUA<\/strong>, e uma taxa sobre importa\u00e7\u00f5es aguardada a partir de <strong>6\u00ba de agosto<\/strong> aumentaria o pre\u00e7o em cafeterias e supermercados.<\/p>\n\n\n\n<p>O Brasil \u00e9 de longe o maior produtor mundial de caf\u00e9 e deve produzir um total de <strong>65 milh\u00f5es de sacas de gr\u00e3os entre 2025 e 2026<\/strong> \u2014 mais que o dobro do segundo maior produtor, o <strong>Vietn\u00e3 <\/strong>\u2014 de acorod com estimativas do Departamento de Agricultura.<\/p>\n\n\n\n<p>De fato, com mais de <strong>40 milh\u00f5es de sacas<\/strong>, o Brasil produz mais caf\u00e9 ar\u00e1bica do que os cinco maiores produtores mundiais juntos. Isso inclui pa\u00edses como Col\u00f4mbia e Honduras, onde os fabricantes de caf\u00e9 americanos j\u00e1 compram grande parte de sua produ\u00e7\u00e3o.<\/p>\n\n\n\n<p>&#8220;N\u00e3o temos condi\u00e7\u00f5es de substituir facilmente o caf\u00e9 brasileiro&#8221;, disse James Watson, analista s\u00eanior de bebidas do Rabobank. &#8220;Na maior parte, o caf\u00e9 que \u00e9 consumido \u00e9 ar\u00e1bica.&#8221;<\/p>\n\n\n<section class=\"recirculation-area\">\n    <div class=\"container\">\n                <p class=\"title\">Leia mais<\/p>\n     \n            <ul class=\"recirculation-list\" data-tracking-position=\"Leia mais\">\n                            <li class=\"list-item\">\n                    <a \n                        href=\"https:\/\/investnews.com.br\/negocios\/eua-isenta-suco-celulose-e-avioes-da-tarifa-de-50\/\" \n                        title=\"Breaking: Tarifa\u00e7o de Trump sobre o Brasil poupa suco de laranja, avi\u00f5es e celulose; veja lista\" \n                        class=\"item-title recirculation-link\"\n                        data-btn-name=\"Breaking: Tarifa\u00e7o de Trump sobre o Brasil poupa suco de laranja, avi\u00f5es e celulose; veja lista\"\n                        data-posicao=\"Leia mais\"\n                        data-click-url=\"https:\/\/investnews.com.br\/negocios\/eua-isenta-suco-celulose-e-avioes-da-tarifa-de-50\/\"\n                    >\n                        Breaking: Tarifa\u00e7o de Trump sobre o Brasil poupa suco de laranja, avi\u00f5es e celulose; veja lista                    <\/a>\n                <\/li>\n                            <li class=\"list-item\">\n                    <a \n                        href=\"https:\/\/investnews.com.br\/economia\/trump-ordem-executiva-tarifa-50-exportacoes-brasil\/\" \n                        title=\"Trump assina decreto e oficializa tarifa\u00e7o de 50% sobre produtos do Brasil; veja detalhes\" \n                        class=\"item-title recirculation-link\"\n                        data-btn-name=\"Trump assina decreto e oficializa tarifa\u00e7o de 50% sobre produtos do Brasil; veja detalhes\"\n                        data-posicao=\"Leia mais\"\n                        data-click-url=\"https:\/\/investnews.com.br\/economia\/trump-ordem-executiva-tarifa-50-exportacoes-brasil\/\"\n                    >\n                        Trump assina decreto e oficializa tarifa\u00e7o de 50% sobre produtos do Brasil; veja detalhes                    <\/a>\n                <\/li>\n                    <\/ul>\n    <\/div><\/section>\n\n\n\n<h2 class=\"wp-block-heading\">Vietn\u00e3<\/h2>\n\n\n\n<p>O Vietn\u00e3 \u00e9 o segundo maior produtor de caf\u00e9 do mundo, mas praticamente n\u00e3o produz caf\u00e9 ar\u00e1bica. A previs\u00e3o \u00e9 que o pa\u00eds produza <strong>30 milh\u00f5es de sacas de caf\u00e9 robusta em 2025 e 2026<\/strong>, sendo o robusta um tipo de caf\u00e9 mais barato e mais comumente usado em caf\u00e9s instant\u00e2neos. Diversas marcas vendidas em supermercados s\u00e3o feitas com uma mistura de ar\u00e1bica e robusta.<\/p>\n\n\n\n<p>A capacidade das torrefadoras americanas \u2014 algumas pertencentes a empresas como <a href=\"https:\/\/www.jmsmucker.com\/\" data-type=\"link\" data-id=\"https:\/\/www.jmsmucker.com\/\" target=\"_blank\" rel=\"noopener\">JM Smucker<\/a> e <a href=\"https:\/\/investnews.com.br\/negocios\/kraft-heinz-separacao\/\" data-type=\"post\" data-id=\"690343\">Kraft Heinz<\/a> \u2014 de trocar o caf\u00e9 brasileiro por um exportador diferente \u00e9 limitada. A produ\u00e7\u00e3o dom\u00e9stica \u00e9 pequena e os EUA importaram 99% de suas necessidades de caf\u00e9 at\u00e9 2024. Hava\u00ed, Calif\u00f3rnia e Porto Rico s\u00e3o os \u00fanicos territ\u00f3rios americanos que produzem alguma quantidade de caf\u00e9.<\/p>\n\n\n\n<p>Isso deixa poucas op\u00e7\u00f5es para as torrefadoras de caf\u00e9. As empresas podem procurar alterar suas receitas para os blends que produzem ou simplesmente aceitar pre\u00e7os mais altos devido \u00e0s tarifas.<\/p>\n\n\n\n<p>No m\u00eas passado, a JM Smucker \u2014 cujas marcas incluem <strong>Folgers, Dunkin&#8217; e Caf\u00e9 Bustelo<\/strong> \u2014 anunciou que aumentou os pre\u00e7os de seu caf\u00e9 em maio e que far\u00e1 o mesmo novamente em agosto. Esse comunicado foi divulgado antes do an\u00fancio da <a href=\"https:\/\/investnews.com.br\/economia\/por-que-as-tarifas-de-trump-contra-o-brasil-nao-fazem-sentido-economico\/\" data-type=\"post\" data-id=\"687664\">tarifa sobre o Brasil por Trump<\/a>.<\/p>\n\n\n\n<p>Os envolvidos na cadeia de suprimentos de caf\u00e9 hesitam em fazer neg\u00f3cios <strong>sem saber ao certo se a tarifa de 50% ser\u00e1 implementada<\/strong>. Os comerciantes se apressaram para trazer mais caf\u00e9 para os EUA antes da tarifa, desviando-o de outros pa\u00edses, afirmou a Citi Research em nota.<\/p>\n\n\n\n<p>&#8220;O efeito real que estamos vendo \u00e9 que as cadeias de suprimentos est\u00e3o travando&#8221;, disse Tomas Araujo, associado comercial do StoneX Group.<\/p>\n\n\n\n<p>Em uma publica\u00e7\u00e3o no Truth Social nesta quarta-feira (30), Trump se gabou do prazo de 1\u00ba de agosto para a imposi\u00e7\u00e3o de tarifas como sendo &#8220;s\u00f3lido&#8221; e <strong>n\u00e3o dever\u00e1 ser prorrogado<\/strong>.<\/p>\n\n\n<section class=\"recirculation-area\">\n    <div class=\"container\">\n                <p class=\"title\">Leia mais<\/p>\n     \n            <ul class=\"recirculation-list\" data-tracking-position=\"Leia mais\">\n                            <li class=\"list-item\">\n                    <a href=\"https:\/\/investnews.com.br\/negocios\/consumidor-de-cafe-dos-eua-vai-ser-onerado-com-tarifa-de-50\/\" title=\"Consumidor de caf\u00e9 dos EUA vai ser onerado com tarifa de 50%\" class=\"item-title recirculation-link\" data-btn-name=\"Consumidor de caf\u00e9 dos EUA vai ser onerado com tarifa de 50%\" data-posicao=\"Leia mais\" data-click-url=\"https:\/\/investnews.com.br\/negocios\/consumidor-de-cafe-dos-eua-vai-ser-onerado-com-tarifa-de-50\/\">\n                        Consumidor de caf\u00e9 dos EUA vai ser onerado com tarifa de 50%                    <\/a>\n                <\/li>\n                    <\/ul>\n    <\/div><\/section>\n\n\n\n<h2 class=\"wp-block-heading\">Contratos futuros<\/h2>\n\n\n\n<p>As negocia\u00e7\u00f5es de contratos futuros de caf\u00e9 na Intercontinental Exchange vinham em queda nos \u00faltimos meses, ap\u00f3s a m\u00e1xima recorde de US$ 4,29 por libra-peso atingida em fevereiro. Os contratos futuros de caf\u00e9 ficaram entre as <strong><a href=\"https:\/\/investnews.com.br\/guias\/commodities-o-que-sao\/\">commodities<\/a> com maior valoriza\u00e7\u00e3o em 2024<\/strong>, devido \u00e0 seca que atingiu as lavouras brasileiras. Mas o clima melhorou desde ent\u00e3o, fazendo com que o contrato futuro ca\u00edsse 35%.<\/p>\n\n\n\n<p>Os pre\u00e7os voltaram a subir no in\u00edcio de julho, com o acordo comercial sobre o caf\u00e9. Se a tarifa de 50% sobre o Brasil for implementada \u2014 &#8220;o que empresas e operadores n\u00e3o est\u00e3o convencidos de que acontecer\u00e1&#8221;, disse Watson \u2014, espera-se que os importadores cobrem mais dos compradores pelo embarque de caf\u00e9, o que, por sua vez, ser\u00e1 repassado aos consumidores pelas torrefa\u00e7\u00f5es nacionais.<\/p>\n\n\n\n<p>Mas, sem tarifas, os <strong>pre\u00e7os dos contratos futuros do caf\u00e9 deveriam cair<\/strong>. As lavouras de caf\u00e9 no Brasil t\u00eam recebido mais chuvas, o que, por sua vez, est\u00e1 aumentando as estimativas de produ\u00e7\u00e3o para o ano comercial de 2025-2026, de acordo com dados do USDA.<\/p>\n\n\n<section class=\"recirculation-area\">\n    <div class=\"container\">\n                <p class=\"title\">Leia mais<\/p>\n     \n            <ul class=\"recirculation-list\" data-tracking-position=\"Leia mais\">\n                            <li class=\"list-item\">\n                    <a href=\"https:\/\/investnews.com.br\/negocios\/recomposicao-de-estoques-de-cafe\/\" title=\"Recomposi\u00e7\u00e3o de estoques de caf\u00e9 precisaria de pelo menos duas safras, dizem especialistas\" class=\"item-title recirculation-link\" data-btn-name=\"Recomposi\u00e7\u00e3o de estoques de caf\u00e9 precisaria de pelo menos duas safras, dizem especialistas\" data-posicao=\"Leia mais\" data-click-url=\"https:\/\/investnews.com.br\/negocios\/recomposicao-de-estoques-de-cafe\/\">\n                        Recomposi\u00e7\u00e3o de estoques de caf\u00e9 precisaria de pelo menos duas safras, dizem especialistas                    <\/a>\n                <\/li>\n                    <\/ul>\n    <\/div><\/section>\n\n\n\n<p>Os pre\u00e7os no varejo est\u00e3o cerca de <strong>seis meses atrasados<\/strong> <strong>em rela\u00e7\u00e3o \u00e0s varia\u00e7\u00f5es nos pre\u00e7os futuros<\/strong>. Portanto, os consumidores ainda est\u00e3o sentindo o impacto da alta hist\u00f3rica dos pre\u00e7os de contratos futuros no in\u00edcio deste ano.<\/p>\n\n\n\n<p>No acumulado do ano, o pre\u00e7o m\u00e9dio de varejo de uma x\u00edcara de caf\u00e9 nas cidades dos EUA <strong>aumentou 9% em 2025<\/strong>.<\/p>\n\n\n\n<p>&#8220;Os varejistas esperavam pagar menos com a queda dos pre\u00e7os futuros&#8221;, disse Watson. Mas, se as tarifas entrarem em vigor, os pre\u00e7os de contratos futuros e de varejo provavelmente n\u00e3o ter\u00e3o tr\u00e9gua. &#8220;Leva um tempo para que essa queda chegue ao mercado&#8221;, disse Watson.<\/p>\n","protected":false},"excerpt":{"rendered":"<p>Caf\u00e9 ar\u00e1bica brasileiro \u00e9 consumido por quase metade dos consumidores dos EUA<\/p>\n","protected":false},"author":118,"featured_media":608565,"comment_status":"closed","ping_status":"closed","sticky":false,"template":"","format":"standard","meta":{"_acf_changed":false,"inline_featured_image":false,"footnotes":""},"categories":[103073],"tags":[155],"autor-wsj":[102875],"coauthors":[102488],"class_list":["post-693694","post","type-post","status-publish","format-standard","has-post-thumbnail","hentry","category-the-wall-street-journal","tag-brasil","autor-wsj-kirk-maltais"],"acf":[],"amp_enabled":true,"_links":{"self":[{"href":"https:\/\/investnews.com.br\/inv-api\/wp\/v2\/posts\/693694","targetHints":{"allow":["GET"]}}],"collection":[{"href":"https:\/\/investnews.com.br\/inv-api\/wp\/v2\/posts"}],"about":[{"href":"https:\/\/investnews.com.br\/inv-api\/wp\/v2\/types\/post"}],"author":[{"embeddable":true,"href":"https:\/\/investnews.com.br\/inv-api\/wp\/v2\/users\/118"}],"replies":[{"embeddable":true,"href":"https:\/\/investnews.com.br\/inv-api\/wp\/v2\/comments?post=693694"}],"version-history":[{"count":12,"href":"https:\/\/investnews.com.br\/inv-api\/wp\/v2\/posts\/693694\/revisions"}],"predecessor-version":[{"id":696378,"href":"https:\/\/investnews.com.br\/inv-api\/wp\/v2\/posts\/693694\/revisions\/696378"}],"wp:featuredmedia":[{"embeddable":true,"href":"https:\/\/investnews.com.br\/inv-api\/wp\/v2\/media\/608565"}],"wp:attachment":[{"href":"https:\/\/investnews.com.br\/inv-api\/wp\/v2\/media?parent=693694"}],"wp:term":[{"taxonomy":"category","embeddable":true,"href":"https:\/\/investnews.com.br\/inv-api\/wp\/v2\/categories?post=693694"},{"taxonomy":"post_tag","embeddable":true,"href":"https:\/\/investnews.com.br\/inv-api\/wp\/v2\/tags?post=693694"},{"taxonomy":"autor-wsj","embeddable":true,"href":"https:\/\/investnews.com.br\/inv-api\/wp\/v2\/autor-wsj?post=693694"},{"taxonomy":"author","embeddable":true,"href":"https:\/\/investnews.com.br\/inv-api\/wp\/v2\/coauthors?post=693694"}],"curies":[{"name":"wp","href":"https:\/\/api.w.org\/{rel}","templated":true}]}}