{"id":694003,"date":"2025-07-30T18:12:59","date_gmt":"2025-07-30T21:12:59","guid":{"rendered":"https:\/\/investnews.com.br\/?p=694003"},"modified":"2025-07-30T19:51:26","modified_gmt":"2025-07-30T22:51:26","slug":"governo-cede-a-pressao-e-antecipa-tarifa-que-atinge-byd-e-seus-kits-de-carros-eletricos","status":"publish","type":"post","link":"https:\/\/investnews.com.br\/negocios\/governo-cede-a-pressao-e-antecipa-tarifa-que-atinge-byd-e-seus-kits-de-carros-eletricos\/","title":{"rendered":"Governo cede \u00e0 press\u00e3o e antecipa tarifa que atinge BYD e seus kits de carros el\u00e9tricos"},"content":{"rendered":"\n<p>O governo federal anunciou nesta quarta-feira (30) que decidiu antecipar o retorno do imposto de importa\u00e7\u00e3o cheio de 35% sobre kits de pe\u00e7as usados na montagem de ve\u00edculos eletrificados, concordando em parte com pleito de fabricantes de autom\u00f3veis estabelecidos no pa\u00eds.<\/p>\n\n\n\n<p>O aumento do imposto para os chamados kits CKD e SKD de ve\u00edculos eletrificados passa para janeiro de 2027 e n\u00e3o mais em julho de 2028, segundo comunicado divulgado pelo Comit\u00ea Executivo de Gest\u00e3o da C\u00e2mara de Com\u00e9rcio Exterior (Gecex-Camex).<\/p>\n\n\n\n<p><strong>LEIA MAIS:<\/strong> <a href=\"https:\/\/investnews.com.br\/negocios\/byd-responde-com-beijinho-no-ombro-a-rivais-que-reclamam-do-avanco-chines-e-pedem-ajuda-a-lula\/\">BYD responde com \u2018beijinho no ombro\u2019 a rivais que reclamam do avan\u00e7o chin\u00eas e pedem ajuda a Lula<\/a><\/p>\n\n\n\n<p>Atualmente o imposto do segmento \u00e9 de 14%, informou o Minist\u00e9rio do Desenvolvimento, Ind\u00fastria e Com\u00e9rcio (MDIC).<\/p>\n\n\n\n<p>Por\u00e9m, o colegiado decidiu dar quotas adicionais de importa\u00e7\u00e3o com al\u00edquota zero para CKDs e SKDs de ve\u00edculos eletrificados durante seis meses, em um somat\u00f3rio de US$463 milh\u00f5es, afirmou o \u00f3rg\u00e3o.<\/p>\n\n\n\n<figure class=\"wp-block-embed is-type-video is-provider-youtube wp-block-embed-youtube wp-embed-aspect-16-9 wp-has-aspect-ratio\"><div class=\"wp-block-embed__wrapper\">\n<iframe loading=\"lazy\" title=\"O futuro dos carros est\u00e1 sendo decidido no Brasil\" width=\"500\" height=\"281\" src=\"https:\/\/www.youtube.com\/embed\/Vz9VTx4YMXw?feature=oembed\" frameborder=\"0\" allow=\"accelerometer; autoplay; clipboard-write; encrypted-media; gyroscope; picture-in-picture; web-share\" referrerpolicy=\"strict-origin-when-cross-origin\" allowfullscreen><\/iframe>\n<\/div><\/figure>\n\n\n\n<p>A chinesa BYD tinha feito no in\u00edcio do ano pedido para redu\u00e7\u00e3o tempor\u00e1ria do imposto de importa\u00e7\u00e3o sobre CKDs e SKDs, algo que vinha recebendo cr\u00edticas de montadoras estabelecidas no pa\u00eds como Toyota, Volkswagen, General Motors e Stellantis. <\/p>\n\n\n\n<p>Essas montadoras disseram em carta ao presidente Luiz In\u00e1cio Lula da Silva que um eventual &#8220;incentivo \u00e0 importa\u00e7\u00e3o de ve\u00edculos desmontados para serem acabados no pa\u00eds&#8221; colocaria em risco investimentos do setor no Brasil.<\/p>\n","protected":false},"excerpt":{"rendered":"<p>Medida atende parte do lobby de montadoras como Toyota, VW e GM contra incentivo \u00e0 chinesa<\/p>\n","protected":false},"author":61,"featured_media":601958,"comment_status":"closed","ping_status":"closed","sticky":false,"template":"","format":"standard","meta":{"_acf_changed":false,"inline_featured_image":false,"footnotes":""},"categories":[6],"tags":[297,66],"autor-wsj":[],"coauthors":[2494],"class_list":["post-694003","post","type-post","status-publish","format-standard","has-post-thumbnail","hentry","category-negocios","tag-carros","tag-negocios"],"acf":[],"amp_enabled":true,"_links":{"self":[{"href":"https:\/\/investnews.com.br\/inv-api\/wp\/v2\/posts\/694003","targetHints":{"allow":["GET"]}}],"collection":[{"href":"https:\/\/investnews.com.br\/inv-api\/wp\/v2\/posts"}],"about":[{"href":"https:\/\/investnews.com.br\/inv-api\/wp\/v2\/types\/post"}],"author":[{"embeddable":true,"href":"https:\/\/investnews.com.br\/inv-api\/wp\/v2\/users\/61"}],"replies":[{"embeddable":true,"href":"https:\/\/investnews.com.br\/inv-api\/wp\/v2\/comments?post=694003"}],"version-history":[{"count":4,"href":"https:\/\/investnews.com.br\/inv-api\/wp\/v2\/posts\/694003\/revisions"}],"predecessor-version":[{"id":694080,"href":"https:\/\/investnews.com.br\/inv-api\/wp\/v2\/posts\/694003\/revisions\/694080"}],"wp:featuredmedia":[{"embeddable":true,"href":"https:\/\/investnews.com.br\/inv-api\/wp\/v2\/media\/601958"}],"wp:attachment":[{"href":"https:\/\/investnews.com.br\/inv-api\/wp\/v2\/media?parent=694003"}],"wp:term":[{"taxonomy":"category","embeddable":true,"href":"https:\/\/investnews.com.br\/inv-api\/wp\/v2\/categories?post=694003"},{"taxonomy":"post_tag","embeddable":true,"href":"https:\/\/investnews.com.br\/inv-api\/wp\/v2\/tags?post=694003"},{"taxonomy":"autor-wsj","embeddable":true,"href":"https:\/\/investnews.com.br\/inv-api\/wp\/v2\/autor-wsj?post=694003"},{"taxonomy":"author","embeddable":true,"href":"https:\/\/investnews.com.br\/inv-api\/wp\/v2\/coauthors?post=694003"}],"curies":[{"name":"wp","href":"https:\/\/api.w.org\/{rel}","templated":true}]}}