{"id":69455,"date":"2021-01-15T12:01:21","date_gmt":"2021-01-15T15:01:21","guid":{"rendered":"https:\/\/investnews.com.br\/?p=69455"},"modified":"2024-06-24T22:30:53","modified_gmt":"2024-06-25T01:30:53","slug":"queda-das-vendas-no-varejo-decepciona-o-mercado-acoes-do-setor-caem","status":"publish","type":"post","link":"https:\/\/investnews.com.br\/financas\/queda-das-vendas-no-varejo-decepciona-o-mercado-acoes-do-setor-caem\/","title":{"rendered":"Queda das vendas no varejo decepciona o mercado; 2021 desafiador para o setor?"},"content":{"rendered":"\n<figure class=\"wp-block-embed-youtube wp-block-embed is-type-video is-provider-youtube wp-embed-aspect-16-9 wp-has-aspect-ratio\"><div class=\"wp-block-embed__wrapper\">\n<iframe loading=\"lazy\" title=\"Queda das vendas no varejo decepciona o mercado; 2021 desafiador para o setor?\" width=\"500\" height=\"281\" src=\"https:\/\/www.youtube.com\/embed\/qOuk8jO8UsI?feature=oembed\" frameborder=\"0\" allow=\"accelerometer; autoplay; clipboard-write; encrypted-media; gyroscope; picture-in-picture; web-share\" referrerpolicy=\"strict-origin-when-cross-origin\" allowfullscreen><\/iframe>\n<\/div><\/figure>\n\n\n\n<p> <strong>As <a href=\"https:\/\/investnews.com.br\/economia\/vendas-no-varejo-do-brasil-recuam-01-em-novembro-diz-ibge\/\" class=\"rank-math-link\">vendas varejistas<\/a> no Brasil registraram queda inesperada em novembro, ap\u00f3s seis meses de ganhos<\/strong>, mostrando que sofreram no final do ano passado com o impacto das perdas em supermercados. Houve um recuo de 0,1% em rela\u00e7\u00e3o a outubro, de acordo com dados divulgados nesta sexta-feira pelo Instituto Brasileiro de Geografia e Estat\u00edstica (IBGE). Em rela\u00e7\u00e3o a novembro de 2019, as vendas subiram 3,4%, contra expectativa de alta de 4,9%. <strong>O resultado veio abaixo das expectativas do mercado, que projetava alta de 0,4%.<\/strong> O cen\u00e1rio j\u00e1 mostra desafio para o setor em 2021, diante da cautela com o mercado de trabalho e com o t\u00e9rmino dos aux\u00edlios do governo? E mais: os mercados digeriam o an\u00fancio feito na v\u00e9spera pelo presidente eleito dos EUA, Joe Biden, de <strong>proposta de est\u00edmulo econ\u00f4mico de US$ 1,9 trilh\u00e3o<\/strong>. Mas o pr\u00f3ximo mandat\u00e1rio norte-americano deve enfrentar obst\u00e1culos no Congresso. <\/p>\n\n\n\n<p><strong>As principais not\u00edcias para quem acompanha o <a href=\"https:\/\/investnews.com.br\/guias\/como-funciona-o-mercado-financeiro\/\">mercado financeiro<\/a>, no Flash InvestNews, com Fabiana Ortega<\/strong>. Os destaques da bolsa nesta manh\u00e3, a cota\u00e7\u00e3o do Ibovespa e d\u00f3lar, al\u00e9m de outras informa\u00e7\u00f5es que podem influenciar seus investimentos e <a href=\"https:\/\/investnews.com.br\/guias\/rentabilidade\/\">rentabilidade<\/a>.<\/p>\n\n\n\n<p><strong>TRECHOS DO PROGRAMA <\/strong><\/p>\n\n\n\n<p>VENDAS NO VAREJO EM NOVEMBRO DECEPCIONAM <\/p>\n\n\n\n<p>IGP-10 DE JANEIRO DESACELERA, DIZ FGV <\/p>\n\n\n\n<p>BOLSONARO DIZ QUE ESPERA ELEVAR ISEN\u00c7\u00c3O DO IR PARA R$3 MIL EM 2021 <\/p>\n\n\n\n<p>BIDEN ANUNCIA PACOTE DE US$ 1,9 TRILH\u00c3O  <\/p>\n\n\n\n<p>POWELL DIZ QUE MOMENTO DE AUMENTAR JUROS N\u00c3O EST\u00c1 PR\u00d3XIMO <\/p>\n\n\n\n<p>VENDAS NO VAREJO DOS EUA RECUAM DE NOVO EM DEZEMBRO <\/p>\n\n\n\n<p>BUTANTAN CONCLUI ENTREGA DE DADOS DA CORONAVAC <\/p>\n\n\n\n<p>VENDAS DA JHSF QUASE TRIPLICAM NO 4\u00ba TRIMESTRE <\/p>\n\n\n\n<p>VENDAS DA MRV DISPARAM 49% NO 4\u00ba TRI <\/p>\n\n\n\n<p>CEMIG ESTUDA ABRIR FILIAL DE COMERCIALIZA\u00c7\u00c3O DE ENERGIA EM SP <\/p>\n\n\n\n<p><strong>Destaques do InvestNews <\/strong><\/p>\n\n\n\n<p>CAFE\u00cdNA: <a class=\"rank-math-link\" href=\"https:\/\/investnews.com.br\/programas\/cafeina\/dolar-por-que-tanto-sobe-e-desce\/\">D\u00f3lar: por que tanto sobe e desce?<\/a><\/p>\n\n\n\n<p>SITE: <a class=\"rank-math-link\" href=\"https:\/\/investnews.com.br\/economia\/hallyu-a-febre-sul-coreana-que-movimenta-bilhoes-do-k-pop-a-parasita\/\">Hallyu, a febre sul-coreana que movimenta bilh\u00f5es do K-pop a \u2018Parasita\u2019<\/a>   <\/p>\n","protected":false},"excerpt":{"rendered":"<p>No Flash, Fabiana Ortega explica a queda nas vendas no varejo do Brasil.<\/p>\n","protected":false},"author":17,"featured_media":69463,"comment_status":"closed","ping_status":"open","sticky":false,"template":"","format":"video","meta":{"_acf_changed":false,"inline_featured_image":false,"footnotes":""},"categories":[4],"tags":[26,376],"autor-wsj":[],"coauthors":[1498],"class_list":["post-69455","post","type-post","status-publish","format-video","has-post-thumbnail","hentry","category-financas","tag-dolar","tag-varejo","post_format-post-format-video"],"acf":[],"amp_enabled":true,"_links":{"self":[{"href":"https:\/\/investnews.com.br\/inv-api\/wp\/v2\/posts\/69455","targetHints":{"allow":["GET"]}}],"collection":[{"href":"https:\/\/investnews.com.br\/inv-api\/wp\/v2\/posts"}],"about":[{"href":"https:\/\/investnews.com.br\/inv-api\/wp\/v2\/types\/post"}],"author":[{"embeddable":true,"href":"https:\/\/investnews.com.br\/inv-api\/wp\/v2\/users\/17"}],"replies":[{"embeddable":true,"href":"https:\/\/investnews.com.br\/inv-api\/wp\/v2\/comments?post=69455"}],"version-history":[{"count":9,"href":"https:\/\/investnews.com.br\/inv-api\/wp\/v2\/posts\/69455\/revisions"}],"predecessor-version":[{"id":71646,"href":"https:\/\/investnews.com.br\/inv-api\/wp\/v2\/posts\/69455\/revisions\/71646"}],"wp:featuredmedia":[{"embeddable":true,"href":"https:\/\/investnews.com.br\/inv-api\/wp\/v2\/media\/69463"}],"wp:attachment":[{"href":"https:\/\/investnews.com.br\/inv-api\/wp\/v2\/media?parent=69455"}],"wp:term":[{"taxonomy":"category","embeddable":true,"href":"https:\/\/investnews.com.br\/inv-api\/wp\/v2\/categories?post=69455"},{"taxonomy":"post_tag","embeddable":true,"href":"https:\/\/investnews.com.br\/inv-api\/wp\/v2\/tags?post=69455"},{"taxonomy":"autor-wsj","embeddable":true,"href":"https:\/\/investnews.com.br\/inv-api\/wp\/v2\/autor-wsj?post=69455"},{"taxonomy":"author","embeddable":true,"href":"https:\/\/investnews.com.br\/inv-api\/wp\/v2\/coauthors?post=69455"}],"curies":[{"name":"wp","href":"https:\/\/api.w.org\/{rel}","templated":true}]}}