{"id":6972,"date":"2020-03-24T16:00:18","date_gmt":"2020-03-24T19:00:18","guid":{"rendered":"https:\/\/investnews.com.br\/?p=6972"},"modified":"2024-06-24T21:10:19","modified_gmt":"2024-06-25T00:10:19","slug":"tem-que-liberar-o-saque-total-do-fgts-diz-samy-sobre-medidas-economicas","status":"publish","type":"post","link":"https:\/\/investnews.com.br\/opiniao\/tem-que-liberar-o-saque-total-do-fgts-diz-samy-sobre-medidas-economicas\/","title":{"rendered":"&#8216;Tem que liberar o saque total do FGTS&#8217;, diz Samy sobre medidas econ\u00f4micas"},"content":{"rendered":"\n<figure class=\"wp-block-embed-youtube wp-block-embed is-type-video is-provider-youtube wp-embed-aspect-16-9 wp-has-aspect-ratio\"><div class=\"wp-block-embed__wrapper\">\n<iframe loading=\"lazy\" title=\"\u201cTem que liberar o saque total do FGTS\u201d, diz Samy sobre medidas econ\u00f4micas de combate \u00e0 epidemia\" width=\"500\" height=\"281\" src=\"https:\/\/www.youtube.com\/embed\/qTUbNN-HeDM?feature=oembed\" frameborder=\"0\" allow=\"accelerometer; autoplay; clipboard-write; encrypted-media; gyroscope; picture-in-picture; web-share\" referrerpolicy=\"strict-origin-when-cross-origin\" allowfullscreen><\/iframe>\n<\/div><\/figure>\n\n\n\n<p> No Pitaco de hoje, Samy Dana defende a libera\u00e7\u00e3o total de saque do <a href=\"https:\/\/investnews.com.br\/guias\/fgts-como-funciona-como-sacar\/\">FGTS<\/a>. Ele comenta tamb\u00e9m as medidas econ\u00f4micas de combate \u00e0 epidemia do coronav\u00edrus anunciadas pelo governo, como a suspens\u00e3o do contrato de trabalho por 4 meses, que foi revogada pelo presidente Jair Bolsonaro. E o fechamento da bolsa, que caiu mais de 5%, puxada pelo pessimismo sobre o coronav\u00edrus e pelo impasse em rela\u00e7\u00e3o ao pacote econ\u00f4mico de mais de US$ 1 trilh\u00e3o nos Estados Unidos, que foi barrado no Senado. <\/p>\n","protected":false},"excerpt":{"rendered":"<p>Com um minuto para comentar cada not\u00edcia, Samy Dana treina para virar ministro da economia no Pitaco do Samy.<\/p>\n","protected":false},"author":17,"featured_media":5832,"comment_status":"closed","ping_status":"open","sticky":false,"template":"","format":"video","meta":{"_acf_changed":false,"inline_featured_image":false,"footnotes":""},"categories":[102721],"tags":[226,61,234],"autor-wsj":[],"coauthors":[1498],"class_list":["post-6972","post","type-post","status-publish","format-video","has-post-thumbnail","hentry","category-opiniao","tag-bolsa-de-valores","tag-fgts","tag-jair-bolsonaro","post_format-post-format-video"],"acf":[],"amp_enabled":true,"_links":{"self":[{"href":"https:\/\/investnews.com.br\/inv-api\/wp\/v2\/posts\/6972","targetHints":{"allow":["GET"]}}],"collection":[{"href":"https:\/\/investnews.com.br\/inv-api\/wp\/v2\/posts"}],"about":[{"href":"https:\/\/investnews.com.br\/inv-api\/wp\/v2\/types\/post"}],"author":[{"embeddable":true,"href":"https:\/\/investnews.com.br\/inv-api\/wp\/v2\/users\/17"}],"replies":[{"embeddable":true,"href":"https:\/\/investnews.com.br\/inv-api\/wp\/v2\/comments?post=6972"}],"version-history":[{"count":2,"href":"https:\/\/investnews.com.br\/inv-api\/wp\/v2\/posts\/6972\/revisions"}],"predecessor-version":[{"id":6979,"href":"https:\/\/investnews.com.br\/inv-api\/wp\/v2\/posts\/6972\/revisions\/6979"}],"wp:featuredmedia":[{"embeddable":true,"href":"https:\/\/investnews.com.br\/inv-api\/wp\/v2\/media\/5832"}],"wp:attachment":[{"href":"https:\/\/investnews.com.br\/inv-api\/wp\/v2\/media?parent=6972"}],"wp:term":[{"taxonomy":"category","embeddable":true,"href":"https:\/\/investnews.com.br\/inv-api\/wp\/v2\/categories?post=6972"},{"taxonomy":"post_tag","embeddable":true,"href":"https:\/\/investnews.com.br\/inv-api\/wp\/v2\/tags?post=6972"},{"taxonomy":"autor-wsj","embeddable":true,"href":"https:\/\/investnews.com.br\/inv-api\/wp\/v2\/autor-wsj?post=6972"},{"taxonomy":"author","embeddable":true,"href":"https:\/\/investnews.com.br\/inv-api\/wp\/v2\/coauthors?post=6972"}],"curies":[{"name":"wp","href":"https:\/\/api.w.org\/{rel}","templated":true}]}}