{"id":709803,"date":"2025-08-26T10:21:53","date_gmt":"2025-08-26T13:21:53","guid":{"rendered":"https:\/\/investnews.com.br\/?p=709803"},"modified":"2025-08-26T10:21:55","modified_gmt":"2025-08-26T13:21:55","slug":"suzuki-india-carro-eletrico","status":"publish","type":"post","link":"https:\/\/investnews.com.br\/negocios\/suzuki-india-carro-eletrico\/","title":{"rendered":"A caminho da \u00cdndia: Suzuki vai investir US$ 8 bilh\u00f5es no pa\u00eds para produzir ve\u00edculos el\u00e9tricos para exporta\u00e7\u00e3o"},"content":{"rendered":"\n<p id=\"tw-target-text\">A Suzuki planeja investir mais de 700 bilh\u00f5es de r\u00fapias (<strong>US$ 8 bilh\u00f5es<\/strong>) na \u00cdndia. A informa\u00e7\u00e3o \u00e9 do CEO da empresa, Toshihiro Suzuki, ressaltando a crescente import\u00e2ncia do pa\u00eds para a montadora japonesa em sua <strong>incurs\u00e3o na produ\u00e7\u00e3o de ve\u00edculos el\u00e9tricos<\/strong>.<\/p>\n\n\n\n<p id=\"tw-target-text\">Este investimento ocorrer\u00e1 em at\u00e9 seis anos, informou Suzuki, sem dar mais detalhes. Ele falou em um evento na f\u00e1brica de Hansalpur, no estado de Gujarat, onde a empresa fabricar\u00e1 seus primeiros SUVs el\u00e9tricos Vitara (eVitara).<\/p>\n\n\n\n<p id=\"tw-target-text\">&#8220;Esta instala\u00e7\u00e3o em breve se tornar\u00e1 um dos maiores polos de fabrica\u00e7\u00e3o de autom\u00f3veis do mundo, com uma capacidade planejada de 1 milh\u00e3o de unidades&#8221;, disse Suzuki, acrescentando que os eVitaras fabricados na \u00cdndia ser\u00e3o <strong>exportados para mais de 100 pa\u00edses<\/strong>, incluindo Jap\u00e3o e Europa.<\/p>\n\n\n\n<h2 class=\"wp-block-heading\" id=\"tw-target-text\">Suzuki j\u00e1 pensa em dobrar produ\u00e7\u00e3o<\/h2>\n\n\n\n<p id=\"tw-target-text\">O investimento da empresa controladora ajudar\u00e1 a Maruti Suzuki, que pretende dobrar a capacidade de produ\u00e7\u00e3o na \u00cdndia para 4 milh\u00f5es de unidades at\u00e9 o final desta d\u00e9cada.<\/p>\n\n\n\n<p id=\"tw-target-text\">Com esses investimentos planejados, a <a href=\"https:\/\/suzuki.com\/\" data-type=\"link\" data-id=\"https:\/\/suzuki.com\/\" target=\"_blank\" rel=\"noopener\">Suzuki<\/a> busca <strong>entrar no mercado de ve\u00edculos el\u00e9tricos<\/strong>, al\u00e9m de consolidar sua posi\u00e7\u00e3o dominante na \u00cdndia, j\u00e1 que enfrenta a queda da demanda na Europa e em seu mercado dom\u00e9stico, o Jap\u00e3o.<\/p>\n\n\n\n<p id=\"tw-target-text\">O pa\u00eds do sul da \u00c1sia \u00e9 o maior mercado da empresa em receita e agora tamb\u00e9m est\u00e1 se tornando um <strong>importante polo de exporta\u00e7\u00e3o<\/strong> para seus neg\u00f3cios de ve\u00edculos el\u00e9tricos.<\/p>\n\n\n\n<h2 class=\"wp-block-heading\">Baterias de l\u00edtio<\/h2>\n\n\n\n<p id=\"tw-target-text\">Em parceira com a <a href=\"https:\/\/investnews.com.br\/negocios\/toshiba-diz-que-considera-se-dividir-em-tres-unidades-separadas\/\" data-type=\"post\" data-id=\"286736\">Toshiba<\/a> e a Denso, a empresa come\u00e7ou a fabricar <strong>baterias de \u00edons de <\/strong><a href=\"https:\/\/investnews.com.br\/negocios\/litio-preco-dispara\/\" data-type=\"post\" data-id=\"705359\"><strong>l\u00edtio<\/strong> <\/a>localmente, buscando garantir as cadeias de suprimentos para seus ve\u00edculos h\u00edbridos em meio ao aumento das barreiras comerciais.<\/p>\n\n\n\n<p id=\"tw-target-text\">A montadora vai se basear em diversas tecnologias para reduzir as emiss\u00f5es, incluindo <strong>motores el\u00e9tricos<\/strong>, <strong>h\u00edbridos <\/strong>potentes e motores a <strong>biog\u00e1s <\/strong>comprimido, informou o executivo no evento.<\/p>\n\n\n\n<p id=\"tw-target-text\">O caminho para a \u00cdndia para a eletrifica\u00e7\u00e3o <strong>pode ser mais lento <\/strong>devido aos n\u00edveis de renda mais baixos e aos riscos na cadeia de suprimentos. &#8220;A ado\u00e7\u00e3o em massa de ve\u00edculos el\u00e9tricos precisa de acessibilidade em massa&#8221;, disse o presidente da Maruti Suzuki, R.C. Bhargava, nesta ter\u00e7a-feira (26).<\/p>\n","protected":false},"excerpt":{"rendered":"<p>Investimento da Suzuki ser\u00e1 feito em at\u00e9 seis anos e o foco ser\u00e1 a exporta\u00e7\u00e3o para Europa e Jap\u00e3o<\/p>\n","protected":false},"author":76,"featured_media":709811,"comment_status":"closed","ping_status":"closed","sticky":false,"template":"","format":"standard","meta":{"_acf_changed":false,"inline_featured_image":false,"footnotes":""},"categories":[6],"tags":[109931,1032],"autor-wsj":[],"coauthors":[101325],"class_list":["post-709803","post","type-post","status-publish","format-standard","has-post-thumbnail","hentry","category-negocios","tag-carro-eletrico","tag-veiculos"],"acf":[],"amp_enabled":true,"_links":{"self":[{"href":"https:\/\/investnews.com.br\/inv-api\/wp\/v2\/posts\/709803","targetHints":{"allow":["GET"]}}],"collection":[{"href":"https:\/\/investnews.com.br\/inv-api\/wp\/v2\/posts"}],"about":[{"href":"https:\/\/investnews.com.br\/inv-api\/wp\/v2\/types\/post"}],"author":[{"embeddable":true,"href":"https:\/\/investnews.com.br\/inv-api\/wp\/v2\/users\/76"}],"replies":[{"embeddable":true,"href":"https:\/\/investnews.com.br\/inv-api\/wp\/v2\/comments?post=709803"}],"version-history":[{"count":5,"href":"https:\/\/investnews.com.br\/inv-api\/wp\/v2\/posts\/709803\/revisions"}],"predecessor-version":[{"id":709813,"href":"https:\/\/investnews.com.br\/inv-api\/wp\/v2\/posts\/709803\/revisions\/709813"}],"wp:featuredmedia":[{"embeddable":true,"href":"https:\/\/investnews.com.br\/inv-api\/wp\/v2\/media\/709811"}],"wp:attachment":[{"href":"https:\/\/investnews.com.br\/inv-api\/wp\/v2\/media?parent=709803"}],"wp:term":[{"taxonomy":"category","embeddable":true,"href":"https:\/\/investnews.com.br\/inv-api\/wp\/v2\/categories?post=709803"},{"taxonomy":"post_tag","embeddable":true,"href":"https:\/\/investnews.com.br\/inv-api\/wp\/v2\/tags?post=709803"},{"taxonomy":"autor-wsj","embeddable":true,"href":"https:\/\/investnews.com.br\/inv-api\/wp\/v2\/autor-wsj?post=709803"},{"taxonomy":"author","embeddable":true,"href":"https:\/\/investnews.com.br\/inv-api\/wp\/v2\/coauthors?post=709803"}],"curies":[{"name":"wp","href":"https:\/\/api.w.org\/{rel}","templated":true}]}}