{"id":711484,"date":"2025-08-29T09:02:17","date_gmt":"2025-08-29T12:02:17","guid":{"rendered":"https:\/\/investnews.com.br\/?p=711484"},"modified":"2025-08-29T09:02:19","modified_gmt":"2025-08-29T12:02:19","slug":"lucro-da-byd","status":"publish","type":"post","link":"https:\/\/investnews.com.br\/negocios\/lucro-da-byd\/","title":{"rendered":"Lucro da BYD cresce 14% empurrado por vendas globais e fortes descontos"},"content":{"rendered":"\n<p id=\"tw-target-text\">O lucro da <strong>BYD <\/strong>aumentou <strong>14% no primeiro semestre<\/strong>, impulsionado pela forte demanda por seus carros el\u00e9tricos e pela expans\u00e3o agressiva nos mercados internacionais.<\/p>\n\n\n\n<p id=\"tw-target-text\">O <a href=\"https:\/\/investnews.com.br\/guias\/lucro-liquido\/\">lucro l\u00edquido<\/a> totalizou 15,5 bilh\u00f5es de yuans (cerca de <strong>US$ 2,2 bilh\u00f5es<\/strong>) no semestre encerrado em 30 de junho, informou a montadora em um comunicado divulgado nesta sexta-feira (29). A r<strong>eceita subiu 23%<\/strong>.<\/p>\n\n\n\n<p id=\"tw-target-text\">O forte in\u00edcio de ano da BYD agora abre caminho para um <strong>segundo semestre mais desafiador<\/strong>.<\/p>\n\n\n\n<p id=\"tw-target-text\">Os <strong>descontos <\/strong>aplicados pela montadora no final de maio a colocaram no foco dos analistas do setor, enquanto Pequim busca conter os cortes implac\u00e1veis \u200b\u200bde pre\u00e7os que, temem, minar\u00e3o o valor da marca e pressionar\u00e3o financeiramente at\u00e9 mesmo empresas bem capitalizadas.<\/p>\n\n\n\n<p id=\"tw-target-text\">At\u00e9 o momento, a campanha teve efeito limitado, com as principais marcas de autom\u00f3veis, incluindo a BYD, mantendo os<strong> descontos intactos<\/strong>, aprofundando-os ou reduzindo-os apenas ligeiramente em julho. Mas isso colocou o setor em alerta e deixou as montadoras tentando atingir sua meta anual de vendas sem uma das armas mais potentes de seu arsenal.<\/p>\n\n\n<section class=\"recirculation-area\">\n    <div class=\"container\">\n                <p class=\"title\">Leia mais<\/p>\n     \n            <ul class=\"recirculation-list\" data-tracking-position=\"Leia mais\">\n                            <li class=\"list-item\">\n                    <a \n                        href=\"https:\/\/investnews.com.br\/negocios\/byd-mudar-imagem\/\" \n                        title=\"De popular \u00e0 sofisticada: BYD quer virar o jogo com carros de luxo e pista de testes\" \n                        class=\"item-title recirculation-link\"\n                        data-btn-name=\"De popular \u00e0 sofisticada: BYD quer virar o jogo com carros de luxo e pista de testes\"\n                        data-posicao=\"Leia mais\"\n                        data-click-url=\"https:\/\/investnews.com.br\/negocios\/byd-mudar-imagem\/\"\n                    >\n                        De popular \u00e0 sofisticada: BYD quer virar o jogo com carros de luxo e pista de testes                    <\/a>\n                <\/li>\n                            <li class=\"list-item\">\n                    <a \n                        href=\"https:\/\/investnews.com.br\/the-wall-street-journal\/byd-fornecedores\/\" \n                        title=\"BYD pressiona fornecedores e eleva tens\u00e3o na corrida dos carros el\u00e9tricos\" \n                        class=\"item-title recirculation-link\"\n                        data-btn-name=\"BYD pressiona fornecedores e eleva tens\u00e3o na corrida dos carros el\u00e9tricos\"\n                        data-posicao=\"Leia mais\"\n                        data-click-url=\"https:\/\/investnews.com.br\/the-wall-street-journal\/byd-fornecedores\/\"\n                    >\n                        BYD pressiona fornecedores e eleva tens\u00e3o na corrida dos carros el\u00e9tricos                    <\/a>\n                <\/li>\n                    <\/ul>\n    <\/div><\/section>\n\n\n\n<h2 class=\"wp-block-heading\" id=\"tw-target-text\">Os desafios da BYD<\/h2>\n\n\n\n<p id=\"tw-target-text\">A BYD, agora a maior fabricante de ve\u00edculos el\u00e9tricos do mundo, vendeu um total de <strong>2,15 milh\u00f5es de ve\u00edculos<\/strong> \u2014 incluindo modelos el\u00e9tricos a bateria e h\u00edbridos <em>plug-in<\/em> \u2014 no primeiro semestre, <strong>aumento de 33% em rela\u00e7\u00e3o ao ano anterior<\/strong>. Isso representa menos da metade de sua <strong>meta anual de 5,5 milh\u00f5es<\/strong> de unidades.<\/p>\n\n\n\n<p id=\"tw-target-text\">A montadora tamb\u00e9m observou uma mudan\u00e7a not\u00e1vel no mercado dom\u00e9stico no segundo trimestre.<\/p>\n\n\n\n<p id=\"tw-target-text\">Embora os carros el\u00e9tricos tenham continuado a apresentar forte crescimento, as vendas de h\u00edbridos diminu\u00edram em rela\u00e7\u00e3o ao ano anterior. Isso tornou a investida internacional da BYD cada vez mais importante.<\/p>\n\n\n\n<p id=\"tw-target-text\">A unidade tailandesa da empresa exportou ve\u00edculos el\u00e9tricos para a Europa pela primeira vez, incluindo para o Reino Unido, Alemanha e B\u00e9lgica, de acordo com a Xinhua.<\/p>\n\n\n\n<p id=\"tw-target-text\">Apesar dos desafios da BYD, os <strong>analistas est\u00e3o otimistas <\/strong>quanto \u00e0s perspectivas da empresa.<\/p>\n\n\n\n<p id=\"tw-target-text\">Os n\u00fameros de vendas mais fracos em julho se devem \u00e0 demanda dom\u00e9stica mais fraca na baixa temporada do ver\u00e3o, \u00e0 prioridade da BYD na normaliza\u00e7\u00e3o dos estoques de canal, bem como \u00e0 disciplina de pre\u00e7os mais rigorosa, escreveram analistas do HSBC.<\/p>\n","protected":false},"excerpt":{"rendered":"<p>Descontos aplicados pela BYD no final de maio a colocaram no foco dos analistas do setor<\/p>\n","protected":false},"author":76,"featured_media":646533,"comment_status":"closed","ping_status":"closed","sticky":false,"template":"","format":"standard","meta":{"_acf_changed":false,"inline_featured_image":false,"footnotes":""},"categories":[6],"tags":[109931],"autor-wsj":[],"coauthors":[101325],"class_list":["post-711484","post","type-post","status-publish","format-standard","has-post-thumbnail","hentry","category-negocios","tag-carro-eletrico"],"acf":[],"amp_enabled":true,"_links":{"self":[{"href":"https:\/\/investnews.com.br\/inv-api\/wp\/v2\/posts\/711484","targetHints":{"allow":["GET"]}}],"collection":[{"href":"https:\/\/investnews.com.br\/inv-api\/wp\/v2\/posts"}],"about":[{"href":"https:\/\/investnews.com.br\/inv-api\/wp\/v2\/types\/post"}],"author":[{"embeddable":true,"href":"https:\/\/investnews.com.br\/inv-api\/wp\/v2\/users\/76"}],"replies":[{"embeddable":true,"href":"https:\/\/investnews.com.br\/inv-api\/wp\/v2\/comments?post=711484"}],"version-history":[{"count":5,"href":"https:\/\/investnews.com.br\/inv-api\/wp\/v2\/posts\/711484\/revisions"}],"predecessor-version":[{"id":711504,"href":"https:\/\/investnews.com.br\/inv-api\/wp\/v2\/posts\/711484\/revisions\/711504"}],"wp:featuredmedia":[{"embeddable":true,"href":"https:\/\/investnews.com.br\/inv-api\/wp\/v2\/media\/646533"}],"wp:attachment":[{"href":"https:\/\/investnews.com.br\/inv-api\/wp\/v2\/media?parent=711484"}],"wp:term":[{"taxonomy":"category","embeddable":true,"href":"https:\/\/investnews.com.br\/inv-api\/wp\/v2\/categories?post=711484"},{"taxonomy":"post_tag","embeddable":true,"href":"https:\/\/investnews.com.br\/inv-api\/wp\/v2\/tags?post=711484"},{"taxonomy":"autor-wsj","embeddable":true,"href":"https:\/\/investnews.com.br\/inv-api\/wp\/v2\/autor-wsj?post=711484"},{"taxonomy":"author","embeddable":true,"href":"https:\/\/investnews.com.br\/inv-api\/wp\/v2\/coauthors?post=711484"}],"curies":[{"name":"wp","href":"https:\/\/api.w.org\/{rel}","templated":true}]}}