{"id":711870,"date":"2025-08-29T19:41:23","date_gmt":"2025-08-29T22:41:23","guid":{"rendered":"https:\/\/investnews.com.br\/?p=711870"},"modified":"2025-08-29T19:41:30","modified_gmt":"2025-08-29T22:41:30","slug":"justica-dos-eua-diz-que-tarifas-de-trump-sao-ilegais-mas-decisao-final-cabera-a-suprema-corte","status":"publish","type":"post","link":"https:\/\/investnews.com.br\/economia\/justica-dos-eua-diz-que-tarifas-de-trump-sao-ilegais-mas-decisao-final-cabera-a-suprema-corte\/","title":{"rendered":"Justi\u00e7a dos EUA diz que tarifas de Trump s\u00e3o ilegais, mas decis\u00e3o final caber\u00e1 \u00e0 Suprema Corte"},"content":{"rendered":"\n<p>A maioria das tarifas globais impostas pelo presidente Donald Trump foi considerada ilegal por uma corte federal de apela\u00e7\u00f5es, que entendeu que ele excedeu sua autoridade ao decret\u00e1-las. No entanto, os ju\u00edzes permitiram que as cobran\u00e7as continuem em vigor enquanto o caso passa por novas revis\u00f5es.<\/p>\n\n\n\n<p>Na sexta-feira (29), a Corte de Apela\u00e7\u00f5es do Circuito Federal manteve decis\u00e3o anterior da Corte de Com\u00e9rcio Internacional, que havia conclu\u00eddo que Trump invocou de forma indevida uma lei de emerg\u00eancia para implementar as tarifas. Mas os magistrados determinaram que o tribunal de primeira inst\u00e2ncia analise se a decis\u00e3o vale para todos os afetados ou apenas para as partes do processo.<\/p>\n\n\n<section class=\"recirculation-area\">\n    <div class=\"container\">\n                <p class=\"title\">Leia mais: <\/p>\n     \n            <ul class=\"recirculation-list\" data-tracking-position=\"Leia mais\">\n                            <li class=\"list-item\">\n                    <a \n                        href=\"https:\/\/investnews.com.br\/economia\/tarifas-trump-em-vigor\/\" \n                        title=\"Tarifas de Trump entram em vigor e testam economia global\" \n                        class=\"item-title recirculation-link\"\n                        data-btn-name=\"Tarifas de Trump entram em vigor e testam economia global\"\n                        data-posicao=\"Leia mais\"\n                        data-click-url=\"https:\/\/investnews.com.br\/economia\/tarifas-trump-em-vigor\/\"\n                    >\n                        Tarifas de Trump entram em vigor e testam economia global                    <\/a>\n                <\/li>\n                            <li class=\"list-item\">\n                    <a \n                        href=\"https:\/\/investnews.com.br\/economia\/governo-medidas-contra-tarifaco\/\" \n                        title=\"Governo brasileiro deve iniciar medidas de reciprocidade contra tarifa\u00e7o dos EUA\" \n                        class=\"item-title recirculation-link\"\n                        data-btn-name=\"Governo brasileiro deve iniciar medidas de reciprocidade contra tarifa\u00e7o dos EUA\"\n                        data-posicao=\"Leia mais\"\n                        data-click-url=\"https:\/\/investnews.com.br\/economia\/governo-medidas-contra-tarifaco\/\"\n                    >\n                        Governo brasileiro deve iniciar medidas de reciprocidade contra tarifa\u00e7o dos EUA                    <\/a>\n                <\/li>\n                            <li class=\"list-item\">\n                    <a \n                        href=\"https:\/\/investnews.com.br\/economia\/uniao-europeia-tarifas-eua\/\" \n                        title=\"Uni\u00e3o Europeia prop\u00f5e remover tarifas sobre produtos dos EUA para atender Trump\" \n                        class=\"item-title recirculation-link\"\n                        data-btn-name=\"Uni\u00e3o Europeia prop\u00f5e remover tarifas sobre produtos dos EUA para atender Trump\"\n                        data-posicao=\"Leia mais\"\n                        data-click-url=\"https:\/\/investnews.com.br\/economia\/uniao-europeia-tarifas-eua\/\"\n                    >\n                        Uni\u00e3o Europeia prop\u00f5e remover tarifas sobre produtos dos EUA para atender Trump                    <\/a>\n                <\/li>\n                    <\/ul>\n    <\/div><\/section>\n\n\n\n<p>A decis\u00e3o, por 7 votos a 4, pode prolongar a incerteza sobre a sobreviv\u00eancia das tarifas, que devem ser objeto de recurso \u00e0 Suprema Corte. Os ju\u00edzes do alto tribunal j\u00e1 respaldaram Trump em outros casos, mas a Casa Branca tamb\u00e9m pode optar por deixar a quest\u00e3o voltar \u00e0 Corte de Com\u00e9rcio Internacional antes.<\/p>\n\n\n\n<p>Logo ap\u00f3s a divulga\u00e7\u00e3o, Trump reagiu no Truth Social: \u201cTODAS AS TARIFAS AINDA EST\u00c3O EM VIGOR!\u201d. O presidente afirmou que, se forem derrubadas, seria um \u201cdesastre total\u201d para os EUA.<\/p>\n\n\n\n<p>Trilh\u00f5es de d\u00f3lares em com\u00e9rcio global est\u00e3o em jogo. Caso as tarifas sejam anuladas em definitivo, acordos comerciais promovidos por Trump podem ser desfeitos e o governo teria de lidar com pedidos de reembolso de valores j\u00e1 pagos.<\/p>\n\n\n\n<figure class=\"wp-block-embed is-type-video is-provider-youtube wp-block-embed-youtube wp-embed-aspect-16-9 wp-has-aspect-ratio\"><div class=\"wp-block-embed__wrapper\">\n<iframe loading=\"lazy\" title=\"O Brasil \u00e9 injusto com os EUA? Veja o que os n\u00fameros dizem sobre as tarifas de Trump\" width=\"500\" height=\"281\" src=\"https:\/\/www.youtube.com\/embed\/m3bPEo5rwag?feature=oembed\" frameborder=\"0\" allow=\"accelerometer; autoplay; clipboard-write; encrypted-media; gyroscope; picture-in-picture; web-share\" referrerpolicy=\"strict-origin-when-cross-origin\" allowfullscreen><\/iframe>\n<\/div><\/figure>\n\n\n\n<p>O ponto central da disputa \u00e9 o uso da lei de poderes emergenciais de 1977 (IEEPA). Pequenas empresas e estados governados por democratas alegam que a norma n\u00e3o d\u00e1 base legal para tarifas, mas sim para san\u00e7\u00f5es e congelamentos de ativos em situa\u00e7\u00f5es de emerg\u00eancia. Para o governo, Trump tem autoridade ampla para agir nessa \u00e1rea, e suas decis\u00f5es n\u00e3o poderiam ser revistas por cortes federais.<\/p>\n\n\n\n<p>As tarifas em quest\u00e3o incluem a chamada \u201cLiberation Day\u201d, com taxa de 10% sobre importa\u00e7\u00f5es, al\u00e9m de sobretaxas espec\u00edficas contra M\u00e9xico, China e Canad\u00e1, justificadas pela Casa Branca como resposta \u00e0 crise do fentanil. Tamb\u00e9m est\u00e3o em jogo tarifas \u201crec\u00edprocas\u201d, aplicadas desde agosto contra dezenas de pa\u00edses que n\u00e3o firmaram acordos com Washington.<\/p>\n\n\n\n<p>O Tesouro e outros \u00f3rg\u00e3os advertiram que derrubar as tarifas de imediato causaria \u201cconstrangimento diplom\u00e1tico perigoso\u201d aos EUA. O caso, chamado <em>V.O.S. Selections v. Trump<\/em>, deve se arrastar at\u00e9 a decis\u00e3o final.<\/p>\n","protected":false},"excerpt":{"rendered":"<p>Apela\u00e7\u00f5es apontam uso indevido de lei de emerg\u00eancia de 1977 para justificar sobretaxas. Casa Branca diz que derrubar tarifas seria um \u201cdesastre total\u201d para os EUA<\/p>\n","protected":false},"author":76,"featured_media":663821,"comment_status":"closed","ping_status":"closed","sticky":false,"template":"","format":"standard","meta":{"_acf_changed":false,"inline_featured_image":false,"footnotes":""},"categories":[5],"tags":[79,78],"autor-wsj":[],"coauthors":[101325],"class_list":["post-711870","post","type-post","status-publish","format-standard","has-post-thumbnail","hentry","category-economia","tag-donald-trump","tag-estados-unidos"],"acf":[],"amp_enabled":true,"_links":{"self":[{"href":"https:\/\/investnews.com.br\/inv-api\/wp\/v2\/posts\/711870","targetHints":{"allow":["GET"]}}],"collection":[{"href":"https:\/\/investnews.com.br\/inv-api\/wp\/v2\/posts"}],"about":[{"href":"https:\/\/investnews.com.br\/inv-api\/wp\/v2\/types\/post"}],"author":[{"embeddable":true,"href":"https:\/\/investnews.com.br\/inv-api\/wp\/v2\/users\/76"}],"replies":[{"embeddable":true,"href":"https:\/\/investnews.com.br\/inv-api\/wp\/v2\/comments?post=711870"}],"version-history":[{"count":2,"href":"https:\/\/investnews.com.br\/inv-api\/wp\/v2\/posts\/711870\/revisions"}],"predecessor-version":[{"id":711875,"href":"https:\/\/investnews.com.br\/inv-api\/wp\/v2\/posts\/711870\/revisions\/711875"}],"wp:featuredmedia":[{"embeddable":true,"href":"https:\/\/investnews.com.br\/inv-api\/wp\/v2\/media\/663821"}],"wp:attachment":[{"href":"https:\/\/investnews.com.br\/inv-api\/wp\/v2\/media?parent=711870"}],"wp:term":[{"taxonomy":"category","embeddable":true,"href":"https:\/\/investnews.com.br\/inv-api\/wp\/v2\/categories?post=711870"},{"taxonomy":"post_tag","embeddable":true,"href":"https:\/\/investnews.com.br\/inv-api\/wp\/v2\/tags?post=711870"},{"taxonomy":"autor-wsj","embeddable":true,"href":"https:\/\/investnews.com.br\/inv-api\/wp\/v2\/autor-wsj?post=711870"},{"taxonomy":"author","embeddable":true,"href":"https:\/\/investnews.com.br\/inv-api\/wp\/v2\/coauthors?post=711870"}],"curies":[{"name":"wp","href":"https:\/\/api.w.org\/{rel}","templated":true}]}}