{"id":711911,"date":"2025-08-30T11:24:18","date_gmt":"2025-08-30T14:24:18","guid":{"rendered":"https:\/\/investnews.com.br\/?p=711911"},"modified":"2025-08-30T17:31:33","modified_gmt":"2025-08-30T20:31:33","slug":"verao-da-vinganca-de-trump-traz-riscos-que-o-mercado-ainda-nao-colocou-nos-precos","status":"publish","type":"post","link":"https:\/\/investnews.com.br\/economia\/verao-da-vinganca-de-trump-traz-riscos-que-o-mercado-ainda-nao-colocou-nos-precos\/","title":{"rendered":"Ver\u00e3o da vingan\u00e7a de Trump traz riscos que o mercado ainda n\u00e3o colocou nos pre\u00e7os"},"content":{"rendered":"\n<p>O presidente <strong>Donald Trump<\/strong> vive o que analistas j\u00e1 chamam de \u201cver\u00e3o da vingan\u00e7a\u201d \u2013 no hemisf\u00e9rio norte o ver\u00e3o vai de junho a agosto. Cumprindo a promessa de retalia\u00e7\u00e3o feita durante a campanha, ele vem ampliando sua ofensiva contra advers\u00e1rios pol\u00edticos e at\u00e9 contra integrantes de seu pr\u00f3prio governo que possam atrapalhar sua agenda.<\/p>\n\n\n\n<p>Nas \u00faltimas semanas, Trump <strong>retirou credenciais de seguran\u00e7a<\/strong>, <strong>demitiu autoridades de ag\u00eancias independentes<\/strong> e usou as redes sociais para amea\u00e7ar opositores. O epis\u00f3dio mais recente foi a tentativa de afastar a diretora do Federal Reserve (<strong>Fed, o banco central americano), Lisa Cook<\/strong>, acusada pelo governo de fraude hipotec\u00e1ria. Cr\u00edticos consideram a medida um ataque direto \u00e0 independ\u00eancia do BC, j\u00e1 que sua sa\u00edda daria maioria ao presidente dentro do colegiado.<\/p>\n\n\n\n<p>A medida contra a diretora do Fed, por exemplo, \u00e9 in\u00e9dita: nunca um presidente havia tentado demitir um membro do banco central, o que levanta preocupa\u00e7\u00f5es sobre a independ\u00eancia da autoridade monet\u00e1ria e poss\u00edveis impactos nos mercados globais. Cook j\u00e1 anunciou que entrar\u00e1 com <strong>a\u00e7\u00e3o judicial<\/strong> contestando a decis\u00e3o.<\/p>\n\n\n<section class=\"recirculation-area\">\n    <div class=\"container\">\n                <p class=\"title\">LEIA MAIS<\/p>\n     \n            <ul class=\"recirculation-list\" data-tracking-position=\"Leia mais\">\n                            <li class=\"list-item\">\n                    <a \n                        href=\"https:\/\/investnews.com.br\/the-wall-street-journal\/trump-controle-do-fed\/\" \n                        title=\"\u2018Dia sombrio para o Fed\u2019: a tentativa de Trump de assumir o controle do banco central\" \n                        class=\"item-title recirculation-link\"\n                        data-btn-name=\"\u2018Dia sombrio para o Fed\u2019: a tentativa de Trump de assumir o controle do banco central\"\n                        data-posicao=\"Leia mais\"\n                        data-click-url=\"https:\/\/investnews.com.br\/the-wall-street-journal\/trump-controle-do-fed\/\"\n                    >\n                        \u2018Dia sombrio para o Fed\u2019: a tentativa de Trump de assumir o controle do banco central                    <\/a>\n                <\/li>\n                    <\/ul>\n    <\/div><\/section>\n\n\n\n<p>Apesar de o medo de uma tomada de controle do Fed n\u00e3o ter sido adicionado aos pre\u00e7os do mercado, n\u00e3o significa que est\u00e1 afastado. Com a ren\u00fancia de&nbsp;<strong>Adriana Kugler<\/strong>&nbsp;do conselho executivo do Fed, no in\u00edcio do m\u00eas, Trump indicou&nbsp;<strong>Stephen Miran<\/strong>&nbsp;para a vaga.<\/p>\n\n\n\n<p>Caso Cook fosse afastada, o presidente americano passaria a ter maioria de indicados (4 a 3) no colegiado. Quando o presidente do Fed&nbsp;<strong>Jerome Powell<\/strong>&nbsp;deixar o cargo em maio do ano que vem, no fim de seu mandato, Trump pode consolidar ainda mais sua influ\u00eancia. Nesse caso, aumentam as chances de o verdadeiro poder no Fed passar para as m\u00e3os do presidente dos EUA.<\/p>\n\n\n\n<p>O pr\u00f3prio Trump chegou a comentar ap\u00f3s tentar demitir Cook sobre a possibilidade de seus indicados se tornarem maioria do conselho de governadores do Fed. \u201cVai ser \u00f3timo. As pessoas est\u00e3o pagando juros muito altos\u201d, disse.<\/p>\n\n\n\n<h2 class=\"wp-block-heading\">Arroubos autorit\u00e1rios<\/h2>\n\n\n\n<p>Outro caso emblem\u00e1tico nessa fase vingativa foi a opera\u00e7\u00e3o do FBI contra o ex-conselheiro de seguran\u00e7a nacional <strong>John Bolton<\/strong>, hoje cr\u00edtico de Trump. A busca e apreens\u00e3o ocorreu por suspeita de manuseio indevido de documentos sigilosos.<\/p>\n\n\n\n<p>Trump tamb\u00e9m exonerou a diretora do <strong>CDC<\/strong>, Susan Monarez, ap\u00f3s diverg\u00eancias sobre pol\u00edtica de vacinas, e substituiu o chefe do <strong>Bureau of Labor Statistics<\/strong> depois de um relat\u00f3rio de empregos abaixo do esperado. Al\u00e9m disso, retirou a prote\u00e7\u00e3o do Servi\u00e7o Secreto da ex-vice-presidente <strong>Kamala Harris<\/strong>, que havia sido estendida at\u00e9 2026 por Joe Biden.<\/p>\n\n\n<section class=\"recirculation-area\">\n    <div class=\"container\">\n                <p class=\"title\">LEIA MAIS<\/p>\n     \n            <ul class=\"recirculation-list\" data-tracking-position=\"Leia mais\">\n                            <li class=\"list-item\">\n                    <a \n                        href=\"https:\/\/investnews.com.br\/the-wall-street-journal\/trump-avanca-sem-controle\/\" \n                        title=\"Em seu segundo mandato, Trump est\u00e1 mais ousado e avan\u00e7a sem controle\" \n                        class=\"item-title recirculation-link\"\n                        data-btn-name=\"Em seu segundo mandato, Trump est\u00e1 mais ousado e avan\u00e7a sem controle\"\n                        data-posicao=\"Leia mais\"\n                        data-click-url=\"https:\/\/investnews.com.br\/the-wall-street-journal\/trump-avanca-sem-controle\/\"\n                    >\n                        Em seu segundo mandato, Trump est\u00e1 mais ousado e avan\u00e7a sem controle                    <\/a>\n                <\/li>\n                    <\/ul>\n    <\/div><\/section>\n\n\n\n<p>O presidente ainda amea\u00e7a investiga\u00e7\u00f5es contra o ex-governador republicano <strong>Chris Christie<\/strong>, o bilion\u00e1rio democrata <strong>George Soros<\/strong> e parlamentares como o senador <strong>Adam Schiff<\/strong> e a procuradora-geral de Nova York, <strong>Letitia James<\/strong>.<\/p>\n\n\n\n<h2 class=\"wp-block-heading\">Nunca na hist\u00f3ria<\/h2>\n\n\n\n<p>Historiadores lembram que nenhum presidente desde <strong>Richard Nixon<\/strong> havia usado seus poderes de forma t\u00e3o ampla contra opositores. <\/p>\n\n\n\n<p>O historiador presidencial <strong>Doug Brinkley<\/strong> afirmou que se trata de uma estrat\u00e9gia deliberada para intimidar opositores dentro do governo. J\u00e1 o professor de Direito da Universidade de Boston, <strong>Jed Shugerman<\/strong>, classificou a tentativa de demitir Lisa Cook como um \u201cataque de outro n\u00edvel, n\u00e3o apenas ao Fed, mas ao pr\u00f3prio equil\u00edbrio institucional\u201d.<\/p>\n\n\n\n<p>Apesar das cr\u00edticas, o Congresso, dominado por republicanos, tem apoiado a maioria das decis\u00f5es. Assim, a <strong>Justi\u00e7a aparece como \u00fanico contrapeso<\/strong>, embora a Suprema Corte j\u00e1 tenha dado vit\u00f3rias significativas ao presidente em quest\u00f5es envolvendo militares, imigra\u00e7\u00e3o e cortes de verbas.<\/p>\n\n\n<section class=\"recirculation-area\">\n    <div class=\"container\">\n                <p class=\"title\">LEIA MAIS<\/p>\n     \n            <ul class=\"recirculation-list\" data-tracking-position=\"Leia mais\">\n                            <li class=\"list-item\">\n                    <a \n                        href=\"https:\/\/investnews.com.br\/economia\/justica-dos-eua-diz-que-tarifas-de-trump-sao-ilegais-mas-decisao-final-cabera-a-suprema-corte\/\" \n                        title=\"Justi\u00e7a dos EUA diz que tarifas de Trump s\u00e3o ilegais, mas decis\u00e3o final caber\u00e1 \u00e0 Suprema Corte\" \n                        class=\"item-title recirculation-link\"\n                        data-btn-name=\"Justi\u00e7a dos EUA diz que tarifas de Trump s\u00e3o ilegais, mas decis\u00e3o final caber\u00e1 \u00e0 Suprema Corte\"\n                        data-posicao=\"Leia mais\"\n                        data-click-url=\"https:\/\/investnews.com.br\/economia\/justica-dos-eua-diz-que-tarifas-de-trump-sao-ilegais-mas-decisao-final-cabera-a-suprema-corte\/\"\n                    >\n                        Justi\u00e7a dos EUA diz que tarifas de Trump s\u00e3o ilegais, mas decis\u00e3o final caber\u00e1 \u00e0 Suprema Corte                    <\/a>\n                <\/li>\n                    <\/ul>\n    <\/div><\/section>\n\n\n\n<p>Apesar das preocupa\u00e7\u00f5es com os impactos sobre a democracia e o <a href=\"https:\/\/investnews.com.br\/guias\/como-funciona-o-mercado-financeiro\/\">mercado financeiro<\/a>, especialmente no caso do <strong>Fed<\/strong>, Trump mant\u00e9m o discurso de que est\u00e1 apenas \u201ccorrigindo abusos\u201d e cumprindo o que prometeu aos eleitores.<\/p>\n\n\n\n<p>A disposi\u00e7\u00e3o de Trump em usar o governo como instrumento de retalia\u00e7\u00e3o j\u00e1 havia sido sinalizada durante a campanha de 2024. Em entrevistas, chegou a admitir que \u201ca vingan\u00e7a leva tempo, mas \u00e0s vezes \u00e9 justificada\u201d.<\/p>\n\n\n\n<p>Agora, com menos de seis meses de novo mandato, Trump j\u00e1 foi al\u00e9m do que muitos previam, abrindo um cen\u00e1rio de <strong>choques institucionais<\/strong> com potencial de afetar tanto a pol\u00edtica americana quanto os mercados globais.<\/p>\n\n\n\n<figure class=\"wp-block-embed is-type-video is-provider-youtube wp-block-embed-youtube wp-embed-aspect-16-9 wp-has-aspect-ratio\"><div class=\"wp-block-embed__wrapper\">\n<iframe loading=\"lazy\" title=\"O Brasil \u00e9 injusto com os EUA? Veja o que os n\u00fameros dizem sobre as tarifas de Trump\" width=\"500\" height=\"281\" src=\"https:\/\/www.youtube.com\/embed\/m3bPEo5rwag?list=PL0RO8LiBcH3sIcmUxXDJ5QE3lBsHPXV5Z\" frameborder=\"0\" allow=\"accelerometer; autoplay; clipboard-write; encrypted-media; gyroscope; picture-in-picture; web-share\" referrerpolicy=\"strict-origin-when-cross-origin\" allowfullscreen><\/iframe>\n<\/div><\/figure>\n","protected":false},"excerpt":{"rendered":"<p>Presidente dos EUA vem ampliando a ofensiva contra advers\u00e1rios e at\u00e9 integrantes do pr\u00f3prio governo<\/p>\n","protected":false},"author":76,"featured_media":652366,"comment_status":"closed","ping_status":"closed","sticky":false,"template":"","format":"standard","meta":{"_acf_changed":false,"inline_featured_image":false,"footnotes":""},"categories":[5],"tags":[79,479,1246,1711],"autor-wsj":[],"coauthors":[101325],"class_list":["post-711911","post","type-post","status-publish","format-standard","has-post-thumbnail","hentry","category-economia","tag-donald-trump","tag-fed","tag-federal-reserve","tag-mercado-de-capitais"],"acf":[],"amp_enabled":true,"_links":{"self":[{"href":"https:\/\/investnews.com.br\/inv-api\/wp\/v2\/posts\/711911","targetHints":{"allow":["GET"]}}],"collection":[{"href":"https:\/\/investnews.com.br\/inv-api\/wp\/v2\/posts"}],"about":[{"href":"https:\/\/investnews.com.br\/inv-api\/wp\/v2\/types\/post"}],"author":[{"embeddable":true,"href":"https:\/\/investnews.com.br\/inv-api\/wp\/v2\/users\/76"}],"replies":[{"embeddable":true,"href":"https:\/\/investnews.com.br\/inv-api\/wp\/v2\/comments?post=711911"}],"version-history":[{"count":3,"href":"https:\/\/investnews.com.br\/inv-api\/wp\/v2\/posts\/711911\/revisions"}],"predecessor-version":[{"id":711969,"href":"https:\/\/investnews.com.br\/inv-api\/wp\/v2\/posts\/711911\/revisions\/711969"}],"wp:featuredmedia":[{"embeddable":true,"href":"https:\/\/investnews.com.br\/inv-api\/wp\/v2\/media\/652366"}],"wp:attachment":[{"href":"https:\/\/investnews.com.br\/inv-api\/wp\/v2\/media?parent=711911"}],"wp:term":[{"taxonomy":"category","embeddable":true,"href":"https:\/\/investnews.com.br\/inv-api\/wp\/v2\/categories?post=711911"},{"taxonomy":"post_tag","embeddable":true,"href":"https:\/\/investnews.com.br\/inv-api\/wp\/v2\/tags?post=711911"},{"taxonomy":"autor-wsj","embeddable":true,"href":"https:\/\/investnews.com.br\/inv-api\/wp\/v2\/autor-wsj?post=711911"},{"taxonomy":"author","embeddable":true,"href":"https:\/\/investnews.com.br\/inv-api\/wp\/v2\/coauthors?post=711911"}],"curies":[{"name":"wp","href":"https:\/\/api.w.org\/{rel}","templated":true}]}}