{"id":712679,"date":"2025-09-02T11:23:41","date_gmt":"2025-09-02T14:23:41","guid":{"rendered":"https:\/\/investnews.com.br\/?p=712679"},"modified":"2025-09-02T11:23:42","modified_gmt":"2025-09-02T14:23:42","slug":"mcdonalds-reputacao","status":"publish","type":"post","link":"https:\/\/investnews.com.br\/negocios\/mcdonalds-reputacao\/","title":{"rendered":"CEO do McDonald&#8217;s diz que reputa\u00e7\u00e3o das marcas americanas piorou"},"content":{"rendered":"\n<p id=\"tw-target-text\">Consumidores do mundo inteiro est\u00e3o optando por evitar marcas americanas \u00e0 medida que a percep\u00e7\u00e3o do pa\u00eds se torna menos positiva. A cr\u00edtica partiu do CEO do McDonald&#8217;s, Chris Kempczinski, em entrevista \u00e0 CNBC na manh\u00e3 desta ter\u00e7a-feira (2).<\/p>\n\n\n\n<p id=\"tw-target-text\">&#8220;A aura em torno dos Estados Unidos diminuiu um pouco&#8221;, disse Kempczinski, que afirmou que a empresa vem monitorando a forma como os consumidores globais veem os EUA e a pr\u00f3pria marca McDonald&#8217;s.<\/p>\n\n\n\n<p id=\"tw-target-text\">&#8220;O <a href=\"https:\/\/investnews.com.br\/economia\/mcdonalds-registra-aumento-nas-vendas-globais-apesar-do-surto-de-e-coli-nos-eua\/\" data-type=\"post\" data-id=\"652294\">McDonald&#8217;s<\/a> \u00e9 tradicionalmente visto como uma <strong>marca americana ic\u00f4nica<\/strong>&#8220;, disse Kempczinski, mas dados da empresa pede para que os consumidores n\u00e3o se decepcionaram com a rede de fast-food.<\/p>\n\n\n\n<p id=\"tw-target-text\">O CEO afirmou ainda que o McDonald&#8217;s planeja se concentrar em <strong>cultivar a identidade da marca <\/strong>nas comunidades locais. A empresa opera em mais de 100 pa\u00edses e territ\u00f3rios.<\/p>\n\n\n<section class=\"recirculation-area\">\n    <div class=\"container\">\n                <p class=\"title\">Leia mais<\/p>\n     \n            <ul class=\"recirculation-list\" data-tracking-position=\"Leia mais\">\n                            <li class=\"list-item\">\n                    <a \n                        href=\"https:\/\/investnews.com.br\/the-wall-street-journal\/mcdonalds-crise\/\" \n                        title=\"Como o McDonald\u2019s perdeu sua vantagem competitiva \u2013 e as estrat\u00e9gias para recuper\u00e1-la\" \n                        class=\"item-title recirculation-link\"\n                        data-btn-name=\"Como o McDonald\u2019s perdeu sua vantagem competitiva \u2013 e as estrat\u00e9gias para recuper\u00e1-la\"\n                        data-posicao=\"Leia mais\"\n                        data-click-url=\"https:\/\/investnews.com.br\/the-wall-street-journal\/mcdonalds-crise\/\"\n                    >\n                        Como o McDonald\u2019s perdeu sua vantagem competitiva \u2013 e as estrat\u00e9gias para recuper\u00e1-la                    <\/a>\n                <\/li>\n                    <\/ul>\n    <\/div><\/section>\n","protected":false},"excerpt":{"rendered":"<p>CEO do McDonald&#8217;s quer fortalecer a identidade da rede nos 100 pa\u00edses onde est\u00e1 presente<\/p>\n","protected":false},"author":76,"featured_media":284406,"comment_status":"closed","ping_status":"closed","sticky":false,"template":"","format":"standard","meta":{"_acf_changed":false,"inline_featured_image":false,"footnotes":""},"categories":[6],"tags":[2288],"autor-wsj":[],"coauthors":[101325],"class_list":["post-712679","post","type-post","status-publish","format-standard","has-post-thumbnail","hentry","category-negocios","tag-mcdonalds"],"acf":[],"amp_enabled":true,"_links":{"self":[{"href":"https:\/\/investnews.com.br\/inv-api\/wp\/v2\/posts\/712679","targetHints":{"allow":["GET"]}}],"collection":[{"href":"https:\/\/investnews.com.br\/inv-api\/wp\/v2\/posts"}],"about":[{"href":"https:\/\/investnews.com.br\/inv-api\/wp\/v2\/types\/post"}],"author":[{"embeddable":true,"href":"https:\/\/investnews.com.br\/inv-api\/wp\/v2\/users\/76"}],"replies":[{"embeddable":true,"href":"https:\/\/investnews.com.br\/inv-api\/wp\/v2\/comments?post=712679"}],"version-history":[{"count":10,"href":"https:\/\/investnews.com.br\/inv-api\/wp\/v2\/posts\/712679\/revisions"}],"predecessor-version":[{"id":712727,"href":"https:\/\/investnews.com.br\/inv-api\/wp\/v2\/posts\/712679\/revisions\/712727"}],"wp:featuredmedia":[{"embeddable":true,"href":"https:\/\/investnews.com.br\/inv-api\/wp\/v2\/media\/284406"}],"wp:attachment":[{"href":"https:\/\/investnews.com.br\/inv-api\/wp\/v2\/media?parent=712679"}],"wp:term":[{"taxonomy":"category","embeddable":true,"href":"https:\/\/investnews.com.br\/inv-api\/wp\/v2\/categories?post=712679"},{"taxonomy":"post_tag","embeddable":true,"href":"https:\/\/investnews.com.br\/inv-api\/wp\/v2\/tags?post=712679"},{"taxonomy":"autor-wsj","embeddable":true,"href":"https:\/\/investnews.com.br\/inv-api\/wp\/v2\/autor-wsj?post=712679"},{"taxonomy":"author","embeddable":true,"href":"https:\/\/investnews.com.br\/inv-api\/wp\/v2\/coauthors?post=712679"}],"curies":[{"name":"wp","href":"https:\/\/api.w.org\/{rel}","templated":true}]}}