{"id":713102,"date":"2025-09-03T09:56:16","date_gmt":"2025-09-03T12:56:16","guid":{"rendered":"https:\/\/investnews.com.br\/?p=713102"},"modified":"2025-09-03T10:31:20","modified_gmt":"2025-09-03T13:31:20","slug":"relogios-de-luxo-setor","status":"publish","type":"post","link":"https:\/\/investnews.com.br\/negocios\/relogios-de-luxo-setor\/","title":{"rendered":"Apesar da fraca demanda e das tarifas de Trump, fabricantes de rel\u00f3gios de luxo est\u00e3o mais otimistas"},"content":{"rendered":"\n<p id=\"tw-target-text\">As a\u00e7\u00f5es da loja de rel\u00f3gios <strong>Watches of Switzerland<\/strong> Group subiram 11% nesta quarta-feira (3), maior alta desde abril. Isso porque o impacto das tarifas do governo Trump foi reduzido, o que amenizou as preocupa\u00e7\u00f5es dos investidores. Mas n\u00e3o eliminou o nervosismo totalmente.<\/p>\n\n\n\n<p id=\"tw-target-text\">Apesar da alta, as a\u00e7\u00f5es permanecem pr\u00f3ximas das m\u00ednimas de 2020. A fraca demanda por rel\u00f3gios de luxo e a <a href=\"https:\/\/investnews.com.br\/negocios\/tarifas-na-suica-aumentam-o-fascinio-por-relogios-de-luxo-usados\/\" data-type=\"post\" data-id=\"664234\">taxa de 39% imposta pelos EUA<\/a> sobre as importa\u00e7\u00f5es da Su\u00ed\u00e7a ainda deixam os investidores em alerta.<\/p>\n\n\n\n<p id=\"tw-target-text\">&#8220;O clima geral na Su\u00ed\u00e7a \u00e9 de que a situa\u00e7\u00e3o vai melhorar&#8221;, disse o CEO da Switzerland Group, Brian Duffy, em entrevista \u00e0 Bloomberg TV. &#8220;Ainda n\u00e3o houve impacto nas condi\u00e7\u00f5es ou nos pre\u00e7os; <strong>estamos negociando bem<\/strong>&#8220;, acrescentou Duffy.<\/p>\n\n\n<section class=\"recirculation-area\">\n    <div class=\"container\">\n                <p class=\"title\">Leia mais<\/p>\n     \n            <ul class=\"recirculation-list\" data-tracking-position=\"Leia mais\">\n                            <li class=\"list-item\">\n                    <a \n                        href=\"https:\/\/investnews.com.br\/negocios\/tarifas-na-suica-aumentam-o-fascinio-por-relogios-de-luxo-usados\/\" \n                        title=\"Tarifas na Su\u00ed\u00e7a aumentam o fasc\u00ednio por rel\u00f3gios de luxo usados\" \n                        class=\"item-title recirculation-link\"\n                        data-btn-name=\"Tarifas na Su\u00ed\u00e7a aumentam o fasc\u00ednio por rel\u00f3gios de luxo usados\"\n                        data-posicao=\"Leia mais\"\n                        data-click-url=\"https:\/\/investnews.com.br\/negocios\/tarifas-na-suica-aumentam-o-fascinio-por-relogios-de-luxo-usados\/\"\n                    >\n                        Tarifas na Su\u00ed\u00e7a aumentam o fasc\u00ednio por rel\u00f3gios de luxo usados                    <\/a>\n                <\/li>\n                            <li class=\"list-item\">\n                    <a \n                        href=\"https:\/\/investnews.com.br\/the-wall-street-journal\/ficou-mais-dificil-especular-com-relogios-de-luxo-e-isso-virou-um-problema-para-as-grandes-marcas\/\" \n                        title=\"Ficou mais dif\u00edcil especular com rel\u00f3gios de luxo \u2013 e isso virou um problema para as grandes marcas\" \n                        class=\"item-title recirculation-link\"\n                        data-btn-name=\"Ficou mais dif\u00edcil especular com rel\u00f3gios de luxo \u2013 e isso virou um problema para as grandes marcas\"\n                        data-posicao=\"Leia mais\"\n                        data-click-url=\"https:\/\/investnews.com.br\/the-wall-street-journal\/ficou-mais-dificil-especular-com-relogios-de-luxo-e-isso-virou-um-problema-para-as-grandes-marcas\/\"\n                    >\n                        Ficou mais dif\u00edcil especular com rel\u00f3gios de luxo \u2013 e isso virou um problema para as grandes marcas                    <\/a>\n                <\/li>\n                    <\/ul>\n    <\/div><\/section>\n\n\n\n<p id=\"tw-target-text\">A perspectiva otimista surge ap\u00f3s o CEO do Swatch Group, Nick Hayek, ter acalmado o nervosismo dos investidores em rela\u00e7\u00e3o ao impacto das tarifas sobre seus neg\u00f3cios nos EUA.<\/p>\n\n\n\n<p id=\"tw-target-text\">Ainda assim, Duffy afirmou que h\u00e1 incertezas no curto prazo. &#8220;As marcas provavelmente aumentar\u00e3o os pre\u00e7os internacionalmente, n\u00e3o apenas nos EUA devido \u00e0s tarifas, mas tamb\u00e9m devido \u00e0 <strong>desvaloriza\u00e7\u00e3o do d\u00f3lar e \u00e0 alta do ouro<\/strong>&#8220;, acrescentou.<\/p>\n","protected":false},"excerpt":{"rendered":"<p>Marcas de rel\u00f3gios devem aumentar os pre\u00e7os, por conta da desvaloriza\u00e7\u00e3o do d\u00f3lar e da alta do ouro<\/p>\n","protected":false},"author":76,"featured_media":699450,"comment_status":"closed","ping_status":"closed","sticky":false,"template":"","format":"standard","meta":{"_acf_changed":false,"inline_featured_image":false,"footnotes":""},"categories":[6],"tags":[26,79,109849],"autor-wsj":[],"coauthors":[101325],"class_list":["post-713102","post","type-post","status-publish","format-standard","has-post-thumbnail","hentry","category-negocios","tag-dolar","tag-donald-trump","tag-suica"],"acf":[],"amp_enabled":true,"_links":{"self":[{"href":"https:\/\/investnews.com.br\/inv-api\/wp\/v2\/posts\/713102","targetHints":{"allow":["GET"]}}],"collection":[{"href":"https:\/\/investnews.com.br\/inv-api\/wp\/v2\/posts"}],"about":[{"href":"https:\/\/investnews.com.br\/inv-api\/wp\/v2\/types\/post"}],"author":[{"embeddable":true,"href":"https:\/\/investnews.com.br\/inv-api\/wp\/v2\/users\/76"}],"replies":[{"embeddable":true,"href":"https:\/\/investnews.com.br\/inv-api\/wp\/v2\/comments?post=713102"}],"version-history":[{"count":4,"href":"https:\/\/investnews.com.br\/inv-api\/wp\/v2\/posts\/713102\/revisions"}],"predecessor-version":[{"id":713126,"href":"https:\/\/investnews.com.br\/inv-api\/wp\/v2\/posts\/713102\/revisions\/713126"}],"wp:featuredmedia":[{"embeddable":true,"href":"https:\/\/investnews.com.br\/inv-api\/wp\/v2\/media\/699450"}],"wp:attachment":[{"href":"https:\/\/investnews.com.br\/inv-api\/wp\/v2\/media?parent=713102"}],"wp:term":[{"taxonomy":"category","embeddable":true,"href":"https:\/\/investnews.com.br\/inv-api\/wp\/v2\/categories?post=713102"},{"taxonomy":"post_tag","embeddable":true,"href":"https:\/\/investnews.com.br\/inv-api\/wp\/v2\/tags?post=713102"},{"taxonomy":"autor-wsj","embeddable":true,"href":"https:\/\/investnews.com.br\/inv-api\/wp\/v2\/autor-wsj?post=713102"},{"taxonomy":"author","embeddable":true,"href":"https:\/\/investnews.com.br\/inv-api\/wp\/v2\/coauthors?post=713102"}],"curies":[{"name":"wp","href":"https:\/\/api.w.org\/{rel}","templated":true}]}}