{"id":713933,"date":"2025-09-04T16:43:42","date_gmt":"2025-09-04T19:43:42","guid":{"rendered":"https:\/\/investnews.com.br\/?p=713933"},"modified":"2025-09-12T19:12:31","modified_gmt":"2025-09-12T22:12:31","slug":"juros-selic-corte-blackrock-fed","status":"publish","type":"post","link":"https:\/\/investnews.com.br\/investimentos\/juros-selic-corte-blackrock-fed\/","title":{"rendered":"Selic pode cair antes do previsto com cortes de juros nos Estados Unidos, avalia BlackRock"},"content":{"rendered":"\n<p>O mundo est\u00e1 \u00e0s v\u00e9speras de um ciclo coordenado de cortes de <a href=\"https:\/\/investnews.com.br\/tag\/taxa-de-juros\/\">juros<\/a>. Para o vice-presidente da <strong>BlackRock<\/strong> e especialista em d\u00edvida de mercados emergentes na divis\u00e3o de <a href=\"https:\/\/investnews.com.br\/guias\/renda-fixa-o-que-e\/\">renda fixa<\/a> da gestora americana, <strong>Nathan do Nascimento<\/strong>, esse movimento deve come\u00e7ar justamente com a decis\u00e3o do Federal Reserve (Fed, o banco central dos EUA), na reuni\u00e3o marcada para os dias 16 e 17 deste m\u00eas.<\/p>\n\n\n\n<p>A decis\u00e3o pode deflagrar um ciclo mais amplo e deixar outros bancos centrais mais \u201clivres\u201d para iniciar ou retomar a redu\u00e7\u00e3o de juros \u2014 inclusive no Brasil. \u201cAinda que o <em>timing<\/em> possa diferir de pa\u00eds para pa\u00eds, a dire\u00e7\u00e3o da viagem parece ser de um ajuste das taxas para baixo\u201d, disse Nascimento durante o evento <strong>Fronteiras do Investimento<\/strong>, realizado pela <em>Nu Asset<\/em> em parceria com o <strong>InvestNews<\/strong>.<\/p>\n\n\n<section class=\"recirculation-area\">\n    <div class=\"container\">\n                <p class=\"title\">Leia tamb\u00e9m:<\/p>\n     \n            <ul class=\"recirculation-list\" data-tracking-position=\"outros\">\n                            <li class=\"list-item\">\n                    <a \n                        href=\"https:\/\/investnews.com.br\/economia\/banco-central-campos-neto-autonomia-juros\/\" \n                        title=\"Banco Central sem autonomia paga a conta com juros maiores, alerta Campos Neto\" \n                        class=\"item-title recirculation-link\"\n                        data-btn-name=\"Banco Central sem autonomia paga a conta com juros maiores, alerta Campos Neto\"\n                        data-posicao=\"outros\"\n                        data-click-url=\"https:\/\/investnews.com.br\/economia\/banco-central-campos-neto-autonomia-juros\/\"\n                    >\n                        Banco Central sem autonomia paga a conta com juros maiores, alerta Campos Neto                    <\/a>\n                <\/li>\n                    <\/ul>\n    <\/div><\/section>\n\n\n\n<p>No caso brasileiro, a vis\u00e3o da BlackRock \u00e9 que h\u00e1 mais chances de o Banco Central iniciar o corte da Selic antes do que o mercado tem projetado. \u201cOs riscos agora parecem mais para o lado de o BC come\u00e7ar um corte de juros mais cedo do que se esperava.\u201d Essa antecipa\u00e7\u00e3o pode ganhar for\u00e7a se o Fed fizer dois cortes ainda em 2025.<\/p>\n\n\n\n<figure class=\"wp-block-embed is-type-video is-provider-youtube wp-block-embed-youtube wp-embed-aspect-16-9 wp-has-aspect-ratio\"><div class=\"wp-block-embed__wrapper\">\n<iframe loading=\"lazy\" title=\"Com cortes de juros esperados, qual \u00e9 o futuro da renda fixa no Brasil e no mundo?\" width=\"500\" height=\"281\" src=\"https:\/\/www.youtube.com\/embed\/zUbxPi_9_dM?feature=oembed\" frameborder=\"0\" allow=\"accelerometer; autoplay; clipboard-write; encrypted-media; gyroscope; picture-in-picture; web-share\" referrerpolicy=\"strict-origin-when-cross-origin\" allowfullscreen><\/iframe>\n<\/div><\/figure>\n\n\n\n<h2 class=\"wp-block-heading\">Efeito Fed<\/h2>\n\n\n\n<p>Para os EUA, a expectativa da gestora \u00e9 de que o Fed reduza os juros em 0,25 ponto percentual neste m\u00eas e repita o movimento em dezembro. Nascimento ressalta, por\u00e9m, que a autoridade monet\u00e1ria americana tem espa\u00e7o para acelerar o ritmo e optar por cortes de 0,5 ponto.<\/p>\n\n\n\n<figure class=\"wp-block-image size-large\"><img loading=\"lazy\" decoding=\"async\" width=\"1024\" height=\"576\" src=\"https:\/\/media.investnews.com.br\/uploads\/2025\/09\/evento-rendafixa-1024x576.jpg\" alt=\"Painel sobre renda fixa do evento Fronteiras do Investimento \" class=\"wp-image-713950\" srcset=\"https:\/\/media.investnews.com.br\/uploads\/2025\/09\/evento-rendafixa-1024x576.jpg 1024w, https:\/\/media.investnews.com.br\/uploads\/2025\/09\/evento-rendafixa-300x169.jpg 300w, https:\/\/media.investnews.com.br\/uploads\/2025\/09\/evento-rendafixa-768x432.jpg 768w, https:\/\/media.investnews.com.br\/uploads\/2025\/09\/evento-rendafixa-1536x864.jpg 1536w, https:\/\/media.investnews.com.br\/uploads\/2025\/09\/evento-rendafixa-1256x707.jpg 1256w, https:\/\/media.investnews.com.br\/uploads\/2025\/09\/evento-rendafixa-172x97.jpg 172w, https:\/\/media.investnews.com.br\/uploads\/2025\/09\/evento-rendafixa-150x84.jpg 150w, https:\/\/media.investnews.com.br\/uploads\/2025\/09\/evento-rendafixa.jpg 1600w\" sizes=\"auto, (max-width: 1024px) 100vw, 1024px\" \/><figcaption class=\"wp-element-caption\">Painel sobre renda fixa do evento Fronteiras do Investimento (InvestNews)<\/figcaption><\/figure>\n\n\n\n<p>Ele tamb\u00e9m avalia que o impacto das tarifas comerciais dos EUA deve ser passageiro, embora n\u00e3o descarte \u201calguns efeitos persistentes\u201d. No momento, as expectativas de infla\u00e7\u00e3o de longo prazo seguem ancoradas na meta de 2% do Fed.<\/p>\n\n\n\n<p>\u201cO Fed deve refor\u00e7ar a sinaliza\u00e7\u00e3o sobre o ciclo de cortes de juros, come\u00e7ando a chamar a aten\u00e7\u00e3o para a tend\u00eancia mais fraca nas contrata\u00e7\u00f5es, que refletem riscos crescentes de queda para os mercados de trabalho\u201d, disse.<\/p>\n\n\n\n<h2 class=\"wp-block-heading\">Al\u00edvio na alavancagem<\/h2>\n\n\n\n<p>Um cen\u00e1rio de corte de juros tende a ajudar as empresas, embora muitas companhias brasileiras j\u00e1 tenham feito a li\u00e7\u00e3o de casa nos \u00faltimos anos, se preparando para um ambiente de cr\u00e9dito mais restritivo. Para Marta Veloso, diretora da Fitch Ratings, \u201cdo ponto de vista das empresas, o maior vil\u00e3o ainda s\u00e3o os juros\u201d.<\/p>\n\n\n\n<p>Com a expectativa de in\u00edcio do ciclo de cortes se consolidando e os indicadores de alavancagem sob controle, \u201cas empresas v\u00e3o manter a qualidade de cr\u00e9dito\u201d, acrescentou.<\/p>\n\n\n\n<p>Segundo ela, a mediana projetada para a principal m\u00e9trica de endividamento \u2014 a d\u00edvida l\u00edquida em rela\u00e7\u00e3o ao <a href=\"https:\/\/investnews.com.br\/guias\/ebitda-o-que-e-como-calcular\/\">Ebitda<\/a> \u2014 de um grupo de 240 companhias avaliadas pela Fitch deve ficar em 2,5 vezes no fim de 2025. \u201cS\u00e3o indicadores bastante gerenci\u00e1veis.\u201d<\/p>\n","protected":false},"excerpt":{"rendered":"<p>Gestora espera redu\u00e7\u00f5es de 0,25 ponto pelo Fed em setembro e dezembro, o que abriria espa\u00e7o para o BC antecipar o afrouxamento da Selic<\/p>\n","protected":false},"author":130,"featured_media":616369,"comment_status":"closed","ping_status":"closed","sticky":false,"template":"","format":"standard","meta":{"_acf_changed":false,"inline_featured_image":false,"footnotes":""},"categories":[102718,5],"tags":[110640,354,51,1616],"autor-wsj":[],"coauthors":[102831],"class_list":["post-713933","post","type-post","status-publish","format-standard","has-post-thumbnail","hentry","category-investimentos","category-economia","tag-fronteiras-investimento","tag-juros","tag-selic","tag-taxa-de-juros"],"acf":[],"amp_enabled":true,"_links":{"self":[{"href":"https:\/\/investnews.com.br\/inv-api\/wp\/v2\/posts\/713933","targetHints":{"allow":["GET"]}}],"collection":[{"href":"https:\/\/investnews.com.br\/inv-api\/wp\/v2\/posts"}],"about":[{"href":"https:\/\/investnews.com.br\/inv-api\/wp\/v2\/types\/post"}],"author":[{"embeddable":true,"href":"https:\/\/investnews.com.br\/inv-api\/wp\/v2\/users\/130"}],"replies":[{"embeddable":true,"href":"https:\/\/investnews.com.br\/inv-api\/wp\/v2\/comments?post=713933"}],"version-history":[{"count":6,"href":"https:\/\/investnews.com.br\/inv-api\/wp\/v2\/posts\/713933\/revisions"}],"predecessor-version":[{"id":716370,"href":"https:\/\/investnews.com.br\/inv-api\/wp\/v2\/posts\/713933\/revisions\/716370"}],"wp:featuredmedia":[{"embeddable":true,"href":"https:\/\/investnews.com.br\/inv-api\/wp\/v2\/media\/616369"}],"wp:attachment":[{"href":"https:\/\/investnews.com.br\/inv-api\/wp\/v2\/media?parent=713933"}],"wp:term":[{"taxonomy":"category","embeddable":true,"href":"https:\/\/investnews.com.br\/inv-api\/wp\/v2\/categories?post=713933"},{"taxonomy":"post_tag","embeddable":true,"href":"https:\/\/investnews.com.br\/inv-api\/wp\/v2\/tags?post=713933"},{"taxonomy":"autor-wsj","embeddable":true,"href":"https:\/\/investnews.com.br\/inv-api\/wp\/v2\/autor-wsj?post=713933"},{"taxonomy":"author","embeddable":true,"href":"https:\/\/investnews.com.br\/inv-api\/wp\/v2\/coauthors?post=713933"}],"curies":[{"name":"wp","href":"https:\/\/api.w.org\/{rel}","templated":true}]}}