{"id":714124,"date":"2025-09-05T10:40:07","date_gmt":"2025-09-05T13:40:07","guid":{"rendered":"https:\/\/investnews.com.br\/?p=714124"},"modified":"2025-09-05T10:40:09","modified_gmt":"2025-09-05T13:40:09","slug":"ouro-recorde-historico","status":"publish","type":"post","link":"https:\/\/investnews.com.br\/economia\/ouro-recorde-historico\/","title":{"rendered":"Desemprego maior nos EUA empurra o ouro ao recorde hist\u00f3rico"},"content":{"rendered":"\n<p id=\"tw-target-text\">O <strong>ouro <\/strong>atingiu um novo recorde, com o relat\u00f3rio de emprego fraco nos EUA: o valor da barra <strong>subiu mais de 1%<\/strong>, atingindo uma nova m\u00e1xima hist\u00f3rica de US$ 3.586,82 a on\u00e7a.<\/p>\n\n\n\n<p id=\"tw-target-text\">O aumento ocorreu ap\u00f3s a divulga\u00e7\u00e3o da <strong>desacelera\u00e7\u00e3o nas contrata\u00e7\u00f5es nos EUA<\/strong>, enquanto o <strong>desemprego atingiu o n\u00edvel mais alto desde 2021<\/strong>.<\/p>\n\n\n\n<p id=\"tw-target-text\">A alta do ouro refor\u00e7a as apostas de que o <strong><a href=\"https:\/\/www.federalreserve.gov\/\" data-type=\"link\" data-id=\"https:\/\/www.federalreserve.gov\/\" target=\"_blank\" rel=\"noopener\">Federal Reserve<\/a> cortar\u00e1 as taxas de juros ainda este m\u00eas<\/strong>.<\/p>\n\n\n\n<p id=\"tw-target-text\">Custos de empr\u00e9stimo mais baixos tendem a aumentar o apelo do ouro sem rendimento, que tamb\u00e9m recebeu apoio da forte demanda por ativos de ref\u00fagio em meio a preocupa\u00e7\u00f5es com o futuro do banco central dos EUA.<\/p>\n\n\n\n<figure class=\"wp-block-embed is-type-video is-provider-youtube wp-block-embed-youtube wp-embed-aspect-16-9 wp-has-aspect-ratio\"><div class=\"wp-block-embed__wrapper\">\n<iframe loading=\"lazy\" title=\"Por que o apetite por ouro cresceu tanto nos \u00faltimos anos?\" width=\"500\" height=\"281\" src=\"https:\/\/www.youtube.com\/embed\/8Yt1Iwh_1OU?start=101&#038;feature=oembed\" frameborder=\"0\" allow=\"accelerometer; autoplay; clipboard-write; encrypted-media; gyroscope; picture-in-picture; web-share\" referrerpolicy=\"strict-origin-when-cross-origin\" allowfullscreen><\/iframe>\n<\/div><\/figure>\n\n\n\n<h2 class=\"wp-block-heading\">Ouro e prata: ativos de ref\u00fagio<\/h2>\n\n\n\n<p id=\"tw-target-text\">Tanto o <a href=\"https:\/\/investnews.com.br\/economia\/ouro-prata-precos-juros\/\" data-type=\"post\" data-id=\"712229\">ouro quanto a prata<\/a> mais que dobraram de valor nos \u00faltimos tr\u00eas anos, puxados por riscos crescentes na geopol\u00edtica, na economia e no com\u00e9rcio global.<\/p>\n\n\n\n<p id=\"tw-target-text\">Os metais s\u00e3o considerados como <strong>ativos de ref\u00fagio<\/strong>. A escalada nos ataques do presidente <a href=\"https:\/\/investnews.com.br\/financas\/fed-investidores-eua\/\" data-type=\"post\" data-id=\"713677\">Donald Trump contra o Fed<\/a> neste ano aumentou as preocupa\u00e7\u00f5es com sua independ\u00eancia, j\u00e1 que ele prometeu obter uma &#8220;maioria, muito em breve&#8221; no banco central e reduzir as taxas de juros.<\/p>\n\n\n\n<p id=\"tw-target-text\">Os investidores tamb\u00e9m aguardam uma decis\u00e3o hist\u00f3rica sobre se Trump tem motivos leg\u00edtimos para destituir <a href=\"https:\/\/investnews.com.br\/economia\/trump-nao-anula-mas-abala-apostas-em-corte-de-juros-pelo-fed-em-setembro\/\" data-type=\"post\" data-id=\"709932\">Lisa Cook<\/a>, governadora do Fed, o que poderia permitir que o presidente a substitu\u00edsse por uma autoridade com postura mais moderada.<\/p>\n\n\n\n<p id=\"tw-target-text\">Para os analistas do Goldman Sachs, o ouro poderia ir para quase <strong>US$ 5.000 a on\u00e7a<\/strong> se a independ\u00eancia do Fed fosse prejudicada e os investidores transferissem uma pequena parcela de suas reservas de t\u00edtulos do Tesouro para o metal.<\/p>\n","protected":false},"excerpt":{"rendered":"<p>Valor da barra subiu mais de 1%, atingindo uma nova m\u00e1xima hist\u00f3rica de US$ 3.586,82 a on\u00e7a<\/p>\n","protected":false},"author":76,"featured_media":682900,"comment_status":"closed","ping_status":"closed","sticky":false,"template":"","format":"standard","meta":{"_acf_changed":false,"inline_featured_image":false,"footnotes":""},"categories":[5],"tags":[374,236],"autor-wsj":[],"coauthors":[101325],"class_list":["post-714124","post","type-post","status-publish","format-standard","has-post-thumbnail","hentry","category-economia","tag-desemprego","tag-eua"],"acf":[],"amp_enabled":true,"_links":{"self":[{"href":"https:\/\/investnews.com.br\/inv-api\/wp\/v2\/posts\/714124","targetHints":{"allow":["GET"]}}],"collection":[{"href":"https:\/\/investnews.com.br\/inv-api\/wp\/v2\/posts"}],"about":[{"href":"https:\/\/investnews.com.br\/inv-api\/wp\/v2\/types\/post"}],"author":[{"embeddable":true,"href":"https:\/\/investnews.com.br\/inv-api\/wp\/v2\/users\/76"}],"replies":[{"embeddable":true,"href":"https:\/\/investnews.com.br\/inv-api\/wp\/v2\/comments?post=714124"}],"version-history":[{"count":7,"href":"https:\/\/investnews.com.br\/inv-api\/wp\/v2\/posts\/714124\/revisions"}],"predecessor-version":[{"id":714138,"href":"https:\/\/investnews.com.br\/inv-api\/wp\/v2\/posts\/714124\/revisions\/714138"}],"wp:featuredmedia":[{"embeddable":true,"href":"https:\/\/investnews.com.br\/inv-api\/wp\/v2\/media\/682900"}],"wp:attachment":[{"href":"https:\/\/investnews.com.br\/inv-api\/wp\/v2\/media?parent=714124"}],"wp:term":[{"taxonomy":"category","embeddable":true,"href":"https:\/\/investnews.com.br\/inv-api\/wp\/v2\/categories?post=714124"},{"taxonomy":"post_tag","embeddable":true,"href":"https:\/\/investnews.com.br\/inv-api\/wp\/v2\/tags?post=714124"},{"taxonomy":"autor-wsj","embeddable":true,"href":"https:\/\/investnews.com.br\/inv-api\/wp\/v2\/autor-wsj?post=714124"},{"taxonomy":"author","embeddable":true,"href":"https:\/\/investnews.com.br\/inv-api\/wp\/v2\/coauthors?post=714124"}],"curies":[{"name":"wp","href":"https:\/\/api.w.org\/{rel}","templated":true}]}}