{"id":714229,"date":"2025-09-05T15:33:47","date_gmt":"2025-09-05T18:33:47","guid":{"rendered":"https:\/\/investnews.com.br\/?p=714229"},"modified":"2025-09-05T16:25:12","modified_gmt":"2025-09-05T19:25:12","slug":"brf-marfrig-mbrf-molina-aprovacao-cade","status":"publish","type":"post","link":"https:\/\/investnews.com.br\/negocios\/brf-marfrig-mbrf-molina-aprovacao-cade\/","title":{"rendered":"BRF + Marfrig: a saga de R$ 15 bilh\u00f5es de Marcos Molina e os embates at\u00e9 a cria\u00e7\u00e3o da MBRF"},"content":{"rendered":"\n<p>Passados quatro anos, cerca de R$ 15 bilh\u00f5es investidos e disputas com dois dos maiores fundos de pens\u00e3o do pa\u00eds \u2014 al\u00e9m de uma rela\u00e7\u00e3o de \u201camor e \u00f3dio\u201d com uma de suas principais concorrentes \u2014, o empres\u00e1rio <strong>Marcos Molina<\/strong> finalmente conseguiu tirar do papel a <strong>MBRF Global Foods<\/strong>, fruto da fus\u00e3o entre sua <strong>Marfrig<\/strong> e a <strong><a href=\"https:\/\/investnews.com.br\/tag\/brf\/\">BRF<\/a><\/strong>, dona de marcas ic\u00f4nicas como <strong>Sadia<\/strong> e <strong>Perdig\u00e3o<\/strong>.<\/p>\n\n\n\n<p>A cria\u00e7\u00e3o da nova gigante da ind\u00fastria de carnes foi aprovada por unanimidade e sem restri\u00e7\u00f5es pelo Conselho Administrativo de Defesa Econ\u00f4mica (<strong>Cade<\/strong>) na <a href=\"https:\/\/www.youtube.com\/watch?v=RvmLqzTPqsY\" target=\"_blank\" rel=\"noopener\">tarde<\/a> desta sexta-feira (5) e marca o nascimento de uma companhia com mais de R$ 150 bilh\u00f5es em faturamento anual, presen\u00e7a em mais de 100 pa\u00edses e que nasce como a segunda maior do setor, atr\u00e1s apenas da <strong>JBS<\/strong>.<\/p>\n\n\n\n<p>\u00c9 tamb\u00e9m s\u00edmbolo da reviravolta pessoal de Molina no segmento de frangos e su\u00ednos, depois de ter sido for\u00e7ado a vender a <strong>Seara<\/strong> para a fam\u00edlia Batista em 2013, em meio ao alto endividamento da Marfrig.<\/p>\n\n\n\n<h2 class=\"wp-block-heading\">O primeiro passo<\/h2>\n\n\n\n<p>Boatos sobre uma fus\u00e3o entre BRF e Marfrig circulavam desde pelo menos 2019. Naquele momento, a BRF atravessava ajustes ap\u00f3s a passagem frustrada da gestora <strong>Tarpon<\/strong> e do empres\u00e1rio <strong>Ab\u00edlio Diniz<\/strong> pelo comando, enquanto a Marfrig surfava uma fase de ascens\u00e3o puxada pela opera\u00e7\u00e3o americana da <strong>National Beef<\/strong>. <\/p>\n\n\n\n<p>A ideia de uma fus\u00e3o \u201centre iguais\u201d n\u00e3o prosperou. Dois anos depois, por\u00e9m, Molina estava mais capitalizado e a BRF, mais fragilizada. Foi a\u00ed que, <a href=\"https:\/\/pipelinevalor.globo.com\/negocios\/noticia\/como-molina-engendrou-com-o-conselho-sua-entrada-na-brf.ghtml\" target=\"_blank\" rel=\"noopener\">em maio de 2021<\/a>, o empres\u00e1rio surpreendeu o mercado ao comprar mais de 20% da BRF em uma s\u00f3 tacada, num investimento inicial de cerca de US$ 1 bilh\u00e3o.<\/p>\n\n\n\n<figure class=\"wp-block-image size-large\"><img loading=\"lazy\" decoding=\"async\" width=\"1024\" height=\"683\" src=\"https:\/\/media.investnews.com.br\/uploads\/2025\/09\/marcos-molina-divulgacao-1024x683.webp\" alt=\"Marcos Molina, controlador de BRF e Marfrig\" class=\"wp-image-714246\" srcset=\"https:\/\/media.investnews.com.br\/uploads\/2025\/09\/marcos-molina-divulgacao-1024x683.webp 1024w, https:\/\/media.investnews.com.br\/uploads\/2025\/09\/marcos-molina-divulgacao-300x200.webp 300w, https:\/\/media.investnews.com.br\/uploads\/2025\/09\/marcos-molina-divulgacao-768x512.webp 768w, https:\/\/media.investnews.com.br\/uploads\/2025\/09\/marcos-molina-divulgacao-1536x1024.webp 1536w, https:\/\/media.investnews.com.br\/uploads\/2025\/09\/marcos-molina-divulgacao-1256x837.webp 1256w, https:\/\/media.investnews.com.br\/uploads\/2025\/09\/marcos-molina-divulgacao-172x115.webp 172w, https:\/\/media.investnews.com.br\/uploads\/2025\/09\/marcos-molina-divulgacao-150x100.webp 150w, https:\/\/media.investnews.com.br\/uploads\/2025\/09\/marcos-molina-divulgacao.webp 1920w\" sizes=\"auto, (max-width: 1024px) 100vw, 1024px\" \/><figcaption class=\"wp-element-caption\">Marcos Molina, controlador de BRF e Marfrig (Divulga\u00e7\u00e3o)<\/figcaption><\/figure>\n\n\n\n<p>Desde ent\u00e3o, Molina repetia que o que sustentava sua aposta eram as marcas: para ele, Sadia, Perdig\u00e3o e Qualy valiam mais do que o pre\u00e7o desembolsado para assumir o controle. A chegada, por\u00e9m, n\u00e3o foi tranquila. Houve forte resist\u00eancia da fam\u00edlia Fontana, fundadora da Sadia, e de acionistas relevantes como o fundo de pens\u00e3o <strong>Petros<\/strong>. <\/p>\n\n\n\n<p>Com o tempo, as tens\u00f5es se dissiparam, e em mar\u00e7o de 2022 Molina <a href=\"https:\/\/api.mziq.com\/mzfilemanager\/v2\/d\/4d44a134-36cc-4fea-b520-393c4aceabb2\/fc1e1315-7d4d-d7e8-0692-5c55abd9b6b4?origin=1\" target=\"_blank\" rel=\"noopener\">assumiu a presid\u00eancia do conselho<\/a> da BRF, passando a ditar os rumos da companhia. Para pessoas pr\u00f3ximas ao neg\u00f3cio, ficou claro que a experi\u00eancia da BRF como <em>corporation<\/em> \u2014 uma empresa sem dono definido \u2014 havia fracassado, e que era necess\u00e1rio algu\u00e9m com conhecimento profundo do setor de carnes para conduzir a retomada.<\/p>\n\n\n\n<h2 class=\"wp-block-heading\">Colocando a BRF em ordem<\/h2>\n\n\n\n<p>A primeira miss\u00e3o de Molina para reorganizar a BRF foi refor\u00e7ar o caixa. Quando assumiu o controle, a companhia tinha uma alavancagem (a rela\u00e7\u00e3o entre d\u00edvida l\u00edquida e lucro operacional) de 3,7 vezes, um n\u00edvel considerado excessivo.<\/p>\n\n\n\n<figure class=\"wp-block-embed is-type-video is-provider-youtube wp-block-embed-youtube wp-embed-aspect-16-9 wp-has-aspect-ratio\"><div class=\"wp-block-embed__wrapper\">\n<iframe loading=\"lazy\" title=\"Como um CADERNINHO resgatou a Sadia e a Perdig\u00e3o\" width=\"500\" height=\"281\" src=\"https:\/\/www.youtube.com\/embed\/9XnuvnHacEE?feature=oembed\" frameborder=\"0\" allow=\"accelerometer; autoplay; clipboard-write; encrypted-media; gyroscope; picture-in-picture; web-share\" referrerpolicy=\"strict-origin-when-cross-origin\" allowfullscreen><\/iframe>\n<\/div><\/figure>\n\n\n\n<p>Foram necess\u00e1rios dois aumentos de capital que somaram R$ 5,4 bilh\u00f5es, ambos ancorados pelo dono da Marfrig: o primeiro em fevereiro de 2022 e o segundo em julho de 2023, este \u00faltimo marcando a entrada do fundo soberano saudita Salic entre os principais acionistas da BRF.<\/p>\n\n\n\n<p>Al\u00e9m do aperto financeiro, a Marfrig encontrou uma empresa com problemas operacionais graves, <a href=\"https:\/\/www.infomoney.com.br\/negocios\/exclusivo-sangria-no-estoque-e-alavancagem-os-esqueletos-achados-pela-marfrig-mrfg3-apos-um-ano-na-brf-brfs3\/\" target=\"_blank\" rel=\"noopener\">sendo a gest\u00e3o de estoques<\/a> o mais emblem\u00e1tico. Relatos internos indicavam que a dona da Sadia perdia mais de R$ 100 milh\u00f5es por m\u00eas em descontos e descartes de produtos pr\u00f3ximos do vencimento.<\/p>\n\n\n\n<p>Diante desse cen\u00e1rio, Molina escalou seu executivo de confian\u00e7a, <strong>Miguel Gularte<\/strong>, que at\u00e9 ent\u00e3o presidia a Marfrig, para assumir o comando em setembro de 2022. Com reuni\u00f5es semanais rigorosas e anota\u00e7\u00f5es minuciosas em um caderninho que virou s\u00edmbolo de sua gest\u00e3o, Gularte imp\u00f4s disciplina operacional e foco em efici\u00eancia.<\/p>\n\n\n\n<figure class=\"wp-block-image size-large\"><img loading=\"lazy\" decoding=\"async\" width=\"1024\" height=\"682\" src=\"https:\/\/media.investnews.com.br\/uploads\/2025\/09\/miguel-brf-1024x682.webp\" alt=\"Miguel Gularte, CEO da BRF\" class=\"wp-image-714312\" srcset=\"https:\/\/media.investnews.com.br\/uploads\/2025\/09\/miguel-brf-1024x682.webp 1024w, https:\/\/media.investnews.com.br\/uploads\/2025\/09\/miguel-brf-300x200.webp 300w, https:\/\/media.investnews.com.br\/uploads\/2025\/09\/miguel-brf-768x512.webp 768w, https:\/\/media.investnews.com.br\/uploads\/2025\/09\/miguel-brf-1536x1023.webp 1536w, https:\/\/media.investnews.com.br\/uploads\/2025\/09\/miguel-brf-1256x837.webp 1256w, https:\/\/media.investnews.com.br\/uploads\/2025\/09\/miguel-brf-172x115.webp 172w, https:\/\/media.investnews.com.br\/uploads\/2025\/09\/miguel-brf-150x100.webp 150w, https:\/\/media.investnews.com.br\/uploads\/2025\/09\/miguel-brf.webp 1600w\" sizes=\"auto, (max-width: 1024px) 100vw, 1024px\" \/><figcaption class=\"wp-element-caption\">Miguel Gularte, CEO da BRF (Divulga\u00e7\u00e3o)<\/figcaption><\/figure>\n\n\n\n<p>Tr\u00eas anos depois, os <a href=\"https:\/\/investnews.com.br\/negocios\/aquisicoes-pet-food-e-oriente-medio-o-futuro-da-brf-apos-sair-da-maior-crise-de-sua-historia\/\">resultados da gest\u00e3o de Gularte apareceram<\/a>: a BRF reduziu sua alavancagem para menos de uma vez o <a href=\"https:\/\/investnews.com.br\/guias\/ebitda-o-que-e-como-calcular\/\">Ebitda<\/a>, voltou a registrar lucro e recuperou competitividade.<\/p>\n\n\n\n<h2 class=\"wp-block-heading\">Os embates<\/h2>\n\n\n\n<p>Se o dia a dia da BRF foi sendo pacificado, Molina colecionou disputas societ\u00e1rias e concorrenciais ao longo desses quatro anos. <\/p>\n\n\n\n<p>Logo de cara, em 2021, o obst\u00e1culo veio da <strong>Petros<\/strong>, fundo de pens\u00e3o dos funcion\u00e1rios da Petrobras. Foi uma das primeiras vozes a se insurgir contra a escalada da Marfrig na BRF, criticando os aumentos de capital e alertando para uma tomada de controle sem pr\u00eamio aos minorit\u00e1rios. Apesar do barulho inicial, a resist\u00eancia n\u00e3o prosperou: depois de contestar os dois aportes, a Petros foi reduzindo sua fatia at\u00e9 deixar de figurar entre os acionistas relevantes.<\/p>\n\n\n\n<div class=\"flourish-embed flourish-timeline\" data-src=\"visualisation\/24994691?1253931\"><script src=\"https:\/\/public.flourish.studio\/resources\/embed.js\"><\/script><noscript><img decoding=\"async\" src=\"https:\/\/public.flourish.studio\/visualisation\/24994691\/thumbnail\" width=\"100%\" alt=\"timeline visualization\" \/><\/noscript><\/div>\n\n\n\n<p>Mais recentemente, a disputa envolveu a <strong>Previ<\/strong>, dos funcion\u00e1rios do Banco do Brasil, que tentou barrar a cria\u00e7\u00e3o da MBRF neste ano. O fundo chegou a acionar a Justi\u00e7a e a CVM para impedir a assembleia que autorizaria a fus\u00e3o. <\/p>\n\n\n\n<p>Ap\u00f3s semanas de tens\u00e3o, por\u00e9m, decidiu vender sua participa\u00e7\u00e3o \u2014 avaliada em cerca de R$ 2 bilh\u00f5es \u2014 para um fundo ligado ao <strong>BTG Pactual<\/strong>, como revelou o <strong>InvestNews<\/strong> <a href=\"https:\/\/investnews.com.br\/negocios\/previ-zera-posicao-na-brf-fusao-marfrig-brfs3-mrfg3\/\">em primeira m\u00e3o<\/a>. <\/p>\n\n\n\n<p>Nos bastidores, especulou-se que o pr\u00f3prio Molina teria ficado com os pap\u00e9is, algo que ele nega categoricamente. O site <em>The AgriBiz<\/em> apurou que o empres\u00e1rio <a href=\"https:\/\/www.theagribiz.com\/empresas\/enquanto-previ-deixa-brf-marfrig-investe-r-24-bi-em-acoes\/\" target=\"_blank\" rel=\"noopener\">teria desembolsado<\/a> cerca de R$ 2,4 bilh\u00f5es com a compra de a\u00e7\u00f5es da BRF nos \u00faltimos meses.<\/p>\n\n\n\n<h2 class=\"wp-block-heading\">Entre tapas e beijos<\/h2>\n\n\n\n<p>Outra rela\u00e7\u00e3o marcada por altos e baixos foi com a Minerva Foods. Em 2023, a Marfrig <a href=\"https:\/\/investnews.com.br\/economia\/ficou-sabendo-marfrig-vende-ativos-para-minerva-bofa-sobe-projecoes-do-pib\/\">vendeu 16 frigor\u00edficos<\/a> na Am\u00e9rica do Sul para a concorrente por R$ 7,5 bilh\u00f5es. A opera\u00e7\u00e3o ajudou a reduzir a d\u00edvida de Molina e foi vista como uma alian\u00e7a improv\u00e1vel: de um lado, a Marfrig passava a focar nas marcas e processados da BRF; de outro, a Minerva refor\u00e7ava sua voca\u00e7\u00e3o exportadora de carne in natura.<\/p>\n\n\n\n<p>Dois anos depois, a parceria virou confronto. Com <a href=\"https:\/\/investnews.com.br\/negocios\/salic-cade-brfs3-mrfg3-beef3\/\">a Salic como pano de fundo<\/a> \u2014 investidora relevante tanto na BRF quanto na Minerva \u2014, a rival se tornou a <a href=\"https:\/\/investnews.com.br\/negocios\/minerva-beef3-entra-recurso-cade-contra-fusao-brf-marfrig-brfs3-mrfg3\/\">principal opositora da fus\u00e3o<\/a> no Cade, alegando risco de concentra\u00e7\u00e3o de mercado e levantando suspeitas sobre a atua\u00e7\u00e3o cruzada dos sauditas. <\/p>\n\n\n\n<p>A Marfrig reagiu acusando a Minerva de <a href=\"https:\/\/investnews.com.br\/negocios\/cade-marfrig-minerva-brf-brfs3-mrfg3-beef3\/\">boicotar fornecimentos<\/a> de cortes bovinos e de tentar <a href=\"https:\/\/investnews.com.br\/negocios\/brf-marfrig-cade-fusao-tumulto-brfs3-mrfg3-beef3\/\">\u201ctumultuar\u201d o processo<\/a>. No fim, Molina venceu a disputa regulat\u00f3ria e levou o aval do \u00f3rg\u00e3o antitruste.<\/p>\n\n\n\n<p>O cap\u00edtulo mais recente veio remonta ao neg\u00f3cio fechado em 2023: a venda de dois frigor\u00edficos da Marfrig no Uruguai para a Minerva <a href=\"https:\/\/investnews.com.br\/negocios\/marfrig-desiste-de-venda-de-unidades-no-uruguai-para-minerva-que-nao-aceita-decisao\/\">foi cancelada<\/a> pela empresa de Molina, decis\u00e3o que desagradou a rival e deixou aberta a possibilidade de <a href=\"https:\/\/investnews.com.br\/negocios\/frigorificos-no-uruguai-viram-campo-de-batalha-entre-marfrig-e-minerva\/\">novos choques<\/a> entre as duas gigantes.<\/p>\n\n\n\n<h2 class=\"wp-block-heading\">Ciclo que se fecha<\/h2>\n\n\n\n<p>Agora, com o aval dos acionistas e do Cade, a MBRF finalmente sai do papel. Para Molina, \u00e9 o fechamento de um ciclo: se em 2013 ele teve de se desfazer da Seara para salvar a Marfrig, em 2025 consagra sua volta ao topo com a cria\u00e7\u00e3o de uma gigante que re\u00fane Sadia, Perdig\u00e3o e Qualy \u2014 marcas que, segundo ele, sempre valeram mais do que o pre\u00e7o pago.<\/p>\n\n\n\n<p>O pr\u00f3ximo passo, como o pr\u00f3prio Marcos Molina sinalizou ao mercado, \u00e9 listar a MBRF na Bolsa de Nova York em um futuro pr\u00f3ximo, seguindo o caminho j\u00e1 tomado pela rival JBS.<\/p>\n","protected":false},"excerpt":{"rendered":"<p>Com aval do Cade, MBRF nascer\u00e1 com R$ 150 bilh\u00f5es de faturamento anual; trajet\u00f3ria envolveu disputas com fundos de pens\u00e3o e rival<\/p>\n","protected":false},"author":123,"featured_media":714230,"comment_status":"closed","ping_status":"closed","sticky":false,"template":"post-template-special.php","format":"standard","meta":{"_acf_changed":false,"inline_featured_image":false,"footnotes":""},"categories":[6],"tags":[160,191],"autor-wsj":[],"coauthors":[102704],"class_list":["post-714229","post","type-post","status-publish","format-standard","has-post-thumbnail","hentry","category-negocios","tag-brf","tag-marfrig"],"acf":[],"amp_enabled":true,"_links":{"self":[{"href":"https:\/\/investnews.com.br\/inv-api\/wp\/v2\/posts\/714229","targetHints":{"allow":["GET"]}}],"collection":[{"href":"https:\/\/investnews.com.br\/inv-api\/wp\/v2\/posts"}],"about":[{"href":"https:\/\/investnews.com.br\/inv-api\/wp\/v2\/types\/post"}],"author":[{"embeddable":true,"href":"https:\/\/investnews.com.br\/inv-api\/wp\/v2\/users\/123"}],"replies":[{"embeddable":true,"href":"https:\/\/investnews.com.br\/inv-api\/wp\/v2\/comments?post=714229"}],"version-history":[{"count":8,"href":"https:\/\/investnews.com.br\/inv-api\/wp\/v2\/posts\/714229\/revisions"}],"predecessor-version":[{"id":714313,"href":"https:\/\/investnews.com.br\/inv-api\/wp\/v2\/posts\/714229\/revisions\/714313"}],"wp:featuredmedia":[{"embeddable":true,"href":"https:\/\/investnews.com.br\/inv-api\/wp\/v2\/media\/714230"}],"wp:attachment":[{"href":"https:\/\/investnews.com.br\/inv-api\/wp\/v2\/media?parent=714229"}],"wp:term":[{"taxonomy":"category","embeddable":true,"href":"https:\/\/investnews.com.br\/inv-api\/wp\/v2\/categories?post=714229"},{"taxonomy":"post_tag","embeddable":true,"href":"https:\/\/investnews.com.br\/inv-api\/wp\/v2\/tags?post=714229"},{"taxonomy":"autor-wsj","embeddable":true,"href":"https:\/\/investnews.com.br\/inv-api\/wp\/v2\/autor-wsj?post=714229"},{"taxonomy":"author","embeddable":true,"href":"https:\/\/investnews.com.br\/inv-api\/wp\/v2\/coauthors?post=714229"}],"curies":[{"name":"wp","href":"https:\/\/api.w.org\/{rel}","templated":true}]}}