{"id":714261,"date":"2025-09-08T06:00:00","date_gmt":"2025-09-08T09:00:00","guid":{"rendered":"https:\/\/investnews.com.br\/?p=714261"},"modified":"2025-12-02T09:59:54","modified_gmt":"2025-12-02T12:59:54","slug":"imperio-deixado-por-giorgio-armani","status":"publish","type":"post","link":"https:\/\/investnews.com.br\/the-wall-street-journal\/imperio-deixado-por-giorgio-armani\/","title":{"rendered":"O que vai acontecer com o imp\u00e9rio deixado por Giorgio Armani?"},"content":{"rendered":"\n<p id=\"tw-target-text\">Com a <a href=\"https:\/\/investnews.com.br\/negocios\/morre-giorgio-armani\/\" data-type=\"post\" data-id=\"713848\">morte de Giorgio Armani<\/a>, aos 91 anos, o mundo da moda perdeu n\u00e3o apenas um estilista, mas um dos \u00faltimos grandes nomes da ind\u00fastria do luxo.<\/p>\n\n\n\n<p id=\"tw-target-text\">Ao contr\u00e1rio de rivais que cederam o controle a conglomerados como <a href=\"https:\/\/investnews.com.br\/negocios\/as-vendas-da-lvmh-apontam-que-luxo-se-recupera-ainda-que-de-forma-lenta-e-gradual\/\" data-type=\"post\" data-id=\"649799\">LVMH<\/a> ou Kering, Armani manteve sua empresa privada, respondendo apenas a si mesmo e administrando-a com a precis\u00e3o de um empres\u00e1rio e o olhar de um costureiro.<\/p>\n\n\n\n<p id=\"tw-target-text\">Defensor ferrenho dessa independ\u00eancia, ele foi o \u00fanico <a href=\"https:\/\/investnews.com.br\/guias\/acionista-o-que-e-e-como-funciona\/\">acionista<\/a> de um grupo que gerou cerca de <strong>US$ 2,7 bilh\u00f5es (cerca de R$ 14,85 bilh\u00f5es) <\/strong>em vendas no ano passado e criou salvaguardas para garantir que a <em>maison <\/em>resistiria a uma aquisi\u00e7\u00e3o externa.<\/p>\n\n\n\n<p id=\"tw-target-text\">A empresa agora enfrenta seu maior teste: se vai conseguir ir al\u00e9m da era de seu fundador e, ao mesmo tempo, preservar seu legado.<\/p>\n\n\n<section class=\"recirculation-area\">\n    <div class=\"container\">\n                <p class=\"title\">Leia mais<\/p>\n     \n            <ul class=\"recirculation-list\" data-tracking-position=\"Leia mais\">\n                            <li class=\"list-item\">\n                    <a \n                        href=\"https:\/\/investnews.com.br\/negocios\/morre-giorgio-armani\/\" \n                        title=\"Giorgio Armani morre aos 91 anos: como estilista criou grife bilion\u00e1ria e revolucionou a alfaiataria\" \n                        class=\"item-title recirculation-link\"\n                        data-btn-name=\"Giorgio Armani morre aos 91 anos: como estilista criou grife bilion\u00e1ria e revolucionou a alfaiataria\"\n                        data-posicao=\"Leia mais\"\n                        data-click-url=\"https:\/\/investnews.com.br\/negocios\/morre-giorgio-armani\/\"\n                    >\n                        Giorgio Armani morre aos 91 anos: como estilista criou grife bilion\u00e1ria e revolucionou a alfaiataria                    <\/a>\n                <\/li>\n                            <li class=\"list-item\">\n                    <a \n                        href=\"https:\/\/investnews.com.br\/the-wall-street-journal\/louis-vuitton-batom\/\" \n                        title=\"A hist\u00f3ria por tr\u00e1s do batom de R$ 850 da Louis Vuitton\" \n                        class=\"item-title recirculation-link\"\n                        data-btn-name=\"A hist\u00f3ria por tr\u00e1s do batom de R$ 850 da Louis Vuitton\"\n                        data-posicao=\"Leia mais\"\n                        data-click-url=\"https:\/\/investnews.com.br\/the-wall-street-journal\/louis-vuitton-batom\/\"\n                    >\n                        A hist\u00f3ria por tr\u00e1s do batom de R$ 850 da Louis Vuitton                    <\/a>\n                <\/li>\n                            <li class=\"list-item\">\n                    <a \n                        href=\"https:\/\/investnews.com.br\/negocios\/familia-prada-traca-um-plano-para-evitar-drama-de-sucessao\/\" \n                        title=\"Fam\u00edlia Prada tra\u00e7a um plano para evitar drama de sucess\u00e3o\" \n                        class=\"item-title recirculation-link\"\n                        data-btn-name=\"Fam\u00edlia Prada tra\u00e7a um plano para evitar drama de sucess\u00e3o\"\n                        data-posicao=\"Leia mais\"\n                        data-click-url=\"https:\/\/investnews.com.br\/negocios\/familia-prada-traca-um-plano-para-evitar-drama-de-sucessao\/\"\n                    >\n                        Fam\u00edlia Prada tra\u00e7a um plano para evitar drama de sucess\u00e3o                    <\/a>\n                <\/li>\n                    <\/ul>\n    <\/div><\/section>\n\n\n\n<h2 class=\"wp-block-heading\">Armani n\u00e3o tinha herdeiros<\/h2>\n\n\n\n<p id=\"tw-target-text\"><strong>Sem filhos ou c\u00f4njuge<\/strong>, o controle da <em>maison <\/em>passar\u00e1 para a <strong>Funda\u00e7\u00e3o Giorgio Armani<\/strong>, que o estilista e empres\u00e1rio criou h\u00e1 quase uma d\u00e9cada para garantir a continuidade e preservar a independ\u00eancia.<\/p>\n\n\n\n<p id=\"tw-target-text\">Muito antes de sua morte, Armani disse que havia selecionado tr\u00eas pessoas para supervisionar a funda\u00e7\u00e3o quando ele partisse, embora detalhes n\u00e3o tenham sido divulgados ainda.<\/p>\n\n\n\n<p id=\"tw-target-text\">\u201cSempre preparei meus colaboradores para o pr\u00f3ximo cap\u00edtulo\u201d, disse Armani ao <em>The Wall Street Journal <\/em>no ano passado. \u201cH\u00e1 pessoas que est\u00e3o no n\u00edvel que precisam estar, outras um pouco abaixo.\u201d<\/p>\n\n\n\n<p id=\"tw-target-text\">O c\u00edrculo \u00edntimo de Armani inclui Pantaleo \u201cLeo\u201d Dell\u2019Orco, seu antigo assistente e chefe de moda masculina; Silvana Armani, sua sobrinha que h\u00e1 muito supervisiona a moda feminina; e Roberta Armani, outra sobrinha que gerencia as rela\u00e7\u00f5es com celebridades.<\/p>\n\n\n\n<p id=\"tw-target-text\">Seu sobrinho, Andrea Camerana, \u00e9 o diretor-gerente de sustentabilidade e sua irm\u00e3, Rosanna Armani, faz parte do conselho.<\/p>\n\n\n\n<h2 class=\"wp-block-heading\">Limites para mudan\u00e7as<\/h2>\n\n\n\n<p id=\"tw-target-text\">Juntamente com a funda\u00e7\u00e3o, inaugurada em 2016, Armani elaborou um novo estatuto que entrar\u00e1 em vigor ap\u00f3s sua morte. Ele cria v\u00e1rias categorias de a\u00e7\u00f5es com diferentes direitos de voto, embora a aloca\u00e7\u00e3o desses blocos n\u00e3o tenha sido divulgada. Ele tamb\u00e9m estipula uma abordagem cautelosa para aquisi\u00e7\u00f5es e d\u00edvidas e estabelece limites claros para qualquer mudan\u00e7a de propriedade.<\/p>\n\n\n\n<p id=\"tw-target-text\">A <strong>listagem na bolsa de valores n\u00e3o \u00e9 proibida<\/strong>, mas s\u00f3 pode ser considerada com a aprova\u00e7\u00e3o da maioria dos diretores.<\/p>\n\n\n\n<p id=\"tw-target-text\">Mesmo com tais salvaguardas, a morte de Armani provavelmente despertar\u00e1 o interesse pela compra do grupo.<\/p>\n\n\n<section class=\"recirculation-area\">\n    <div class=\"container\">\n                <p class=\"title\">Leia mais<\/p>\n     \n            <ul class=\"recirculation-list\" data-tracking-position=\"Leia mais\">\n                            <li class=\"list-item\">\n                    <a \n                        href=\"https:\/\/investnews.com.br\/the-wall-street-journal\/inflacao-da-ganancia-marcas-de-luxo-aumentam-os-precos-e-agora-estao-pagando-a-conta\/\" \n                        title=\"&#8216;Infla\u00e7\u00e3o da gan\u00e2ncia&#8217;: marcas de luxo aumentam os pre\u00e7os \u2014 e agora est\u00e3o pagando a conta\" \n                        class=\"item-title recirculation-link\"\n                        data-btn-name=\"&#8216;Infla\u00e7\u00e3o da gan\u00e2ncia&#8217;: marcas de luxo aumentam os pre\u00e7os \u2014 e agora est\u00e3o pagando a conta\"\n                        data-posicao=\"Leia mais\"\n                        data-click-url=\"https:\/\/investnews.com.br\/the-wall-street-journal\/inflacao-da-ganancia-marcas-de-luxo-aumentam-os-precos-e-agora-estao-pagando-a-conta\/\"\n                    >\n                        &#8216;Infla\u00e7\u00e3o da gan\u00e2ncia&#8217;: marcas de luxo aumentam os pre\u00e7os \u2014 e agora est\u00e3o pagando a conta                    <\/a>\n                <\/li>\n                    <\/ul>\n    <\/div><\/section>\n\n\n\n<p id=\"tw-target-text\">&#8220;Marcas como essas raramente chegam ao mercado&#8221;, disse Luca Solca, analista da Bernstein. &#8220;Espero um interesse significativo do setor.&#8221;<\/p>\n\n\n\n<p id=\"tw-target-text\">Historicamente, as <strong>casas de moda n\u00e3o sobrevivem<\/strong> al\u00e9m da vida de seus fundadores.<\/p>\n\n\n\n<p id=\"tw-target-text\">Em tempos mais recentes, no entanto, a morte de um fundador ic\u00f4nico n\u00e3o significou necessariamente o fim de uma marca.<\/p>\n\n\n\n<p id=\"tw-target-text\">Balenciaga, <a href=\"https:\/\/investnews.com.br\/negocios\/chanel-herdeiro-fortuna\/\" data-type=\"post\" data-id=\"712160\">Chanel<\/a>, Dior, Givenchy e Saint Laurent prosperaram muito depois da morte de seus criadores, transformando-se em neg\u00f3cios globais sob novos administradores.<\/p>\n\n\n\n<p id=\"tw-target-text\">A morte de Armani ressalta o <strong>fim de uma era<\/strong> em que um punhado de designers exercia amplo poder sobre suas casas de moda, comandando tudo, do est\u00fadio \u00e0 loja. Eles n\u00e3o eram apenas talentos criativos, mas tamb\u00e9m donos de empresas, definindo a estrat\u00e9gia e o ritmo da expans\u00e3o global.<\/p>\n\n\n\n<p id=\"tw-target-text\">Esse modelo praticamente desapareceu. Nos \u00faltimos tempos, a Armani \u2014 fundada em 1975 \u2014 competiu em uma <strong>ind\u00fastria de luxo dominada por conglomerados<\/strong> em expans\u00e3o que empregam vasto poder financeiro para entrar em novos mercados, abocanhar im\u00f3veis e promover campanhas de marketing globais. Diretores criativos tornaram-se, em grande parte, mercen\u00e1rios contratados para revitalizar uma marca e substitu\u00eddos quando as vendas caem.<\/p>\n\n\n\n<p id=\"tw-target-text\">Ao longo dos anos, muitos admiradores se juntaram a eles. No final da d\u00e9cada de 1990, Bernard Arnault e Armani exploraram uma poss\u00edvel parceria na qual a <a href=\"https:\/\/investnews.com.br\/economia\/lvmh-lanca-empreendimento-de-entretenimento-liderado-por-herdeiro-e-por-chefe-de-operacoes-na-america-do-norte\/\" data-type=\"post\" data-id=\"558507\">LVMH <\/a>teria uma participa\u00e7\u00e3o de 20% nos neg\u00f3cios italianos, com o estilista permanecendo como diretor criativo. O acordo nunca se concretizou.<\/p>\n\n\n\n<p id=\"tw-target-text\">Mais tarde, Armani explicou o motivo: &#8220;Eu teria sido manipulado&#8221;, disse ele ao <em>WSJ <\/em>em 2012. &#8220;E ent\u00e3o pensei comigo: se eles quiserem, podem me ignorar.&#8221;<\/p>\n\n\n\n<p id=\"tw-target-text\"><a href=\"https:\/\/investnews.com.br\/negocios\/as-vendas-da-lvmh-apontam-que-luxo-se-recupera-ainda-que-de-forma-lenta-e-gradual\/\" data-type=\"post\" data-id=\"649799\">Arnault<\/a> estava entre os que prestaram homenagem a Armani na quinta-feira (4), dizendo que o estilista havia &#8220;expandido a eleg\u00e2ncia italiana para uma escala global&#8221;.<\/p>\n\n\n\n<h2 class=\"wp-block-heading\">Vendas em queda<\/h2>\n\n\n\n<p id=\"tw-target-text\">Luca Solca, da Bernstein, disse que, apesar do reconhecimento global da Armani, o prest\u00edgio da marca havia <strong>diminu\u00eddo <\/strong>e precisava de um controle mais rigoroso de sua distribui\u00e7\u00e3o, sugerindo que ela se beneficiaria de uma revitaliza\u00e7\u00e3o e de uma nova perspectiva.<\/p>\n\n\n\n<p id=\"tw-target-text\">As <strong>vendas da Armani ca\u00edram 5% no ano passado<\/strong>, e o lucro operacional caiu quase um quarto em meio ao arrefecimento do mercado de luxo. A empresa respondeu elevando os investimentos a n\u00edveis recordes, impulsionada pelas reformas das lojas e pela decis\u00e3o de trazer o e-commerce para dentro de casa.<\/p>\n\n\n\n<p id=\"tw-target-text\">Al\u00e9m de sua marca principal, a Armani opera em v\u00e1rios \u00e1reas da moda: Armani Priv\u00e9 \u00e9 a linha de alta costura da casa; Emporio Armani oferece pr\u00eat-\u00e0-porter jovem e voltado para as tend\u00eancias; e Armani Exchange oferece moda urbana mais acess\u00edvel.<\/p>\n\n\n\n<p id=\"tw-target-text\">A marca expandiu-se para empreendimentos de estilo de vida que refletem o desejo de Armani de influenciar os ambientes que seus clientes habitam. O grupo opera a Armani Casa, uma linha de m\u00f3veis para casa; a Armani Dolci, uma confeitaria; e uma rede de restaurantes e caf\u00e9s. Armani tamb\u00e9m emprestou seu nome a hot\u00e9is em Mil\u00e3o e Dubai que incorporam a est\u00e9tica discreta do designer \u00e0 hospitalidade.<\/p>\n\n\n\n<h2 class=\"wp-block-heading\">Independ\u00eancia<\/h2>\n\n\n\n<p id=\"tw-target-text\">Mesmo depois de completar 90 anos, Armani continuou a aparecer <strong>no escrit\u00f3rio todas as manh\u00e3s<\/strong>, comandando seu vasto imp\u00e9rio empresarial com m\u00e3o firme. Embora a doen\u00e7a o tenha obrigado a perder os tr\u00eas desfiles de moda que realizou em junho e julho, ele permaneceu envolvido em cada detalhe por videoconfer\u00eancia.<\/p>\n\n\n\n<p id=\"tw-target-text\">Na quinta-feira (4), a empresa afirmou que Armani sempre prezou pela independ\u00eancia de pensamento e a\u00e7\u00e3o e que &#8220;sua fam\u00edlia e funcion\u00e1rios levar\u00e3o o grupo adiante com respeito e continuidade a esses valores&#8221;.<\/p>\n\n\n\n<p id=\"tw-target-text\">A li\u00e7\u00e3o mais importante que Armani queria transmitir \u00e0queles com quem trabalhava? Seja humilde, disse ele ao WSJ no ano passado. &#8220;\u00c0s vezes, as pessoas neste ramo t\u00eam egos fortes, e \u00e9 importante manter a mod\u00e9stia&#8221;, disse Armani.<\/p>\n","protected":false},"excerpt":{"rendered":"<p>A empresa enfrenta seu maior teste: conseguir\u00e1 ir al\u00e9m da era de seu fundador e, ao mesmo tempo, preservar seu legado<\/p>\n","protected":false},"author":118,"featured_media":713887,"comment_status":"closed","ping_status":"closed","sticky":false,"template":"post-template-special.php","format":"standard","meta":{"_acf_changed":false,"inline_featured_image":false,"footnotes":""},"categories":[103073],"tags":[],"autor-wsj":[110588],"coauthors":[102488],"class_list":["post-714261","post","type-post","status-publish","format-standard","has-post-thumbnail","hentry","category-the-wall-street-journal","autor-wsj-nick-kostov"],"acf":[],"amp_enabled":true,"_links":{"self":[{"href":"https:\/\/investnews.com.br\/inv-api\/wp\/v2\/posts\/714261","targetHints":{"allow":["GET"]}}],"collection":[{"href":"https:\/\/investnews.com.br\/inv-api\/wp\/v2\/posts"}],"about":[{"href":"https:\/\/investnews.com.br\/inv-api\/wp\/v2\/types\/post"}],"author":[{"embeddable":true,"href":"https:\/\/investnews.com.br\/inv-api\/wp\/v2\/users\/118"}],"replies":[{"embeddable":true,"href":"https:\/\/investnews.com.br\/inv-api\/wp\/v2\/comments?post=714261"}],"version-history":[{"count":3,"href":"https:\/\/investnews.com.br\/inv-api\/wp\/v2\/posts\/714261\/revisions"}],"predecessor-version":[{"id":739066,"href":"https:\/\/investnews.com.br\/inv-api\/wp\/v2\/posts\/714261\/revisions\/739066"}],"wp:featuredmedia":[{"embeddable":true,"href":"https:\/\/investnews.com.br\/inv-api\/wp\/v2\/media\/713887"}],"wp:attachment":[{"href":"https:\/\/investnews.com.br\/inv-api\/wp\/v2\/media?parent=714261"}],"wp:term":[{"taxonomy":"category","embeddable":true,"href":"https:\/\/investnews.com.br\/inv-api\/wp\/v2\/categories?post=714261"},{"taxonomy":"post_tag","embeddable":true,"href":"https:\/\/investnews.com.br\/inv-api\/wp\/v2\/tags?post=714261"},{"taxonomy":"autor-wsj","embeddable":true,"href":"https:\/\/investnews.com.br\/inv-api\/wp\/v2\/autor-wsj?post=714261"},{"taxonomy":"author","embeddable":true,"href":"https:\/\/investnews.com.br\/inv-api\/wp\/v2\/coauthors?post=714261"}],"curies":[{"name":"wp","href":"https:\/\/api.w.org\/{rel}","templated":true}]}}