{"id":714677,"date":"2025-09-08T13:10:59","date_gmt":"2025-09-08T16:10:59","guid":{"rendered":"https:\/\/investnews.com.br\/?p=714677"},"modified":"2025-09-08T14:23:19","modified_gmt":"2025-09-08T17:23:19","slug":"byd-fabricara-carros-eletricos-direto-da-europa-ate-2028-diz-executiva","status":"publish","type":"post","link":"https:\/\/investnews.com.br\/negocios\/byd-fabricara-carros-eletricos-direto-da-europa-ate-2028-diz-executiva\/","title":{"rendered":"BYD fabricar\u00e1 carros el\u00e9tricos direto da Europa at\u00e9 2028, diz executiva"},"content":{"rendered":"\n<p>A montadora chinesa <strong><a href=\"https:\/\/investnews.com.br\/negocios\/byd-mudar-imagem\/\" data-type=\"post\" data-id=\"709480\">BYD<\/a><\/strong> fabricar\u00e1 seus ve\u00edculos el\u00e9tricos para venda na Europa localmente em cerca de tr\u00eas anos, ajudando a evitar tarifas da <strong><a href=\"https:\/\/investnews.com.br\/economia\/uniao-europeia-tarifas-eua\/\" data-type=\"post\" data-id=\"710331\">Uni\u00e3o Europeia<\/a><\/strong>. A empresa aposta que os h\u00edbridos <em>plug-in<\/em> devam dominar suas vendas na regi\u00e3o no curto prazo, disse uma executiva da companhia nesta segunda-feira, 8.<\/p>\n\n\n\n<p>&#8220;Estamos nos treinando para sermos mais europeus na produ\u00e7\u00e3o&#8221;, disse a vice-presidente executiva da BYD Stella Li \u00e0 <em>Reuters<\/em> no sal\u00e3o de autom\u00f3veis IAA Mobility, em Munique, na Alemanha.<\/p>\n\n\n\n<p>Para isso, a BYD est\u00e1 construindo uma f\u00e1brica na Hungria que deve abrir as portas neste ano;  a produ\u00e7\u00e3o na Turquia est\u00e1 agendada para come\u00e7ar em 2026.<\/p>\n\n\n<section class=\"recirculation-area\">\n    <div class=\"container\">\n         \n            <ul class=\"recirculation-list\" data-tracking-position=\"outros\">\n                            <li class=\"list-item\">\n                    <a \n                        href=\"https:\/\/investnews.com.br\/negocios\/teremos-outros-projetos-para-expansao-no-brasil-diz-conselheiro-da-byd\/\" \n                        title=\"&#8216;Teremos outros projetos para expans\u00e3o no Brasil&#8217;, diz conselheiro da BYD\" \n                        class=\"item-title recirculation-link\"\n                        data-btn-name=\"&#8216;Teremos outros projetos para expans\u00e3o no Brasil&#8217;, diz conselheiro da BYD\"\n                        data-posicao=\"outros\"\n                        data-click-url=\"https:\/\/investnews.com.br\/negocios\/teremos-outros-projetos-para-expansao-no-brasil-diz-conselheiro-da-byd\/\"\n                    >\n                        &#8216;Teremos outros projetos para expans\u00e3o no Brasil&#8217;, diz conselheiro da BYD                    <\/a>\n                <\/li>\n                            <li class=\"list-item\">\n                    <a \n                        href=\"https:\/\/investnews.com.br\/negocios\/a-arma-da-toyota-contra-byd-e-gwm-um-hibrido-mais-em-conta\/\" \n                        title=\"A arma da Toyota contra BYD e GWM: um h\u00edbrido mais em conta\" \n                        class=\"item-title recirculation-link\"\n                        data-btn-name=\"A arma da Toyota contra BYD e GWM: um h\u00edbrido mais em conta\"\n                        data-posicao=\"outros\"\n                        data-click-url=\"https:\/\/investnews.com.br\/negocios\/a-arma-da-toyota-contra-byd-e-gwm-um-hibrido-mais-em-conta\/\"\n                    >\n                        A arma da Toyota contra BYD e GWM: um h\u00edbrido mais em conta                    <\/a>\n                <\/li>\n                    <\/ul>\n    <\/div><\/section>\n\n\n\n<p>A Uni\u00e3o Europeia imp\u00f4s tarifas sobre ve\u00edculos el\u00e9tricos fabricados na China no ano passado, porque acreditava que as montadoras do pa\u00eds asi\u00e1tico se beneficiavam de subs\u00eddios do governo para competir de forma &#8216;desigual&#8217; com as europeias.<\/p>\n\n\n\n<p>Questionado sobre quanto tempo a BYD levar\u00e1 para produzir os ve\u00edculos el\u00e9tricos necess\u00e1rios para suprir a demanda europeia, Li disse: &#8220;D\u00ea-nos de dois a tr\u00eas anos&#8221;.<\/p>\n\n\n\n<p>A BYD inicialmente vendia apenas carros totalmente el\u00e9tricos na Europa e, no final do ano passado, anunciou que tamb\u00e9m come\u00e7aria a vender h\u00edbridos <em>plug-in<\/em>. Esses ve\u00edculos atra\u00edram a prefer\u00eancia entre os consumidores europeus e, no Reino Unido, por exemplo, o modelo mais vendido da montadora \u00e9 um h\u00edbrido <em>plug-in<\/em> (PHEV).<\/p>\n\n\n\n<p>Li disse que, nos pr\u00f3ximos seis meses, a BYD lan\u00e7ar\u00e1 mais tr\u00eas a quatro PHEVs. Ela espera que em breve eles superem as vendas de modelos totalmente el\u00e9tricos na Europa. &#8220;Nos pr\u00f3ximos um ou dois anos, nossos h\u00edbridos plug-in dominar\u00e3o as vendas&#8221; na Europa, disse ela.<\/p>\n\n\n\n<h2 class=\"wp-block-heading\">Sucess\u00e3o e nova marca no radar<\/h2>\n\n\n\n<p>A executiva tamb\u00e9m estima o lan\u00e7amento da marca de luxo do grupo, a <strong>Yangwang<\/strong>, na Europa em 2027.<\/p>\n\n\n\n<p>As vendas globais da BYD dispararam para 4,2 milh\u00f5es de carros em 2024, dez vezes mais que em 2019. Mas a empresa passou por v\u00e1rios meses de queda nas vendas e na produ\u00e7\u00e3o na China.<\/p>\n\n\n\n<p>As vendas da empresa ainda est\u00e3o em dois d\u00edgitos neste ano, e a executiva disse que o crescimento da BYD em 2025 ser\u00e1 impulsionado pelas vendas fora da China.<\/p>\n\n\n\n<p>De acordo com a nova pol\u00edtica do governo chin\u00eas, o presidente da BYD, Wang Chuanfu, de 59 anos, pode ter de se aposentar no in\u00edcio de 2027. A executiva, no entanto, despistou sobre quem poderia ser o sucessor para a posi\u00e7\u00e3o: &#8220;Vamos manter isso em segredo&#8221;, disse.<\/p>\n","protected":false},"excerpt":{"rendered":"<p>&#8220;Estamos nos treinando para sermos mais europeus na produ\u00e7\u00e3o&#8221;, disse a vice-presidente executiva Stella Li<\/p>\n","protected":false},"author":61,"featured_media":646533,"comment_status":"closed","ping_status":"closed","sticky":false,"template":"","format":"standard","meta":{"_acf_changed":false,"inline_featured_image":false,"footnotes":""},"categories":[6],"tags":[864,102288],"autor-wsj":[],"coauthors":[2494],"class_list":["post-714677","post","type-post","status-publish","format-standard","has-post-thumbnail","hentry","category-negocios","tag-montadoras","tag-reuters"],"acf":[],"amp_enabled":true,"_links":{"self":[{"href":"https:\/\/investnews.com.br\/inv-api\/wp\/v2\/posts\/714677","targetHints":{"allow":["GET"]}}],"collection":[{"href":"https:\/\/investnews.com.br\/inv-api\/wp\/v2\/posts"}],"about":[{"href":"https:\/\/investnews.com.br\/inv-api\/wp\/v2\/types\/post"}],"author":[{"embeddable":true,"href":"https:\/\/investnews.com.br\/inv-api\/wp\/v2\/users\/61"}],"replies":[{"embeddable":true,"href":"https:\/\/investnews.com.br\/inv-api\/wp\/v2\/comments?post=714677"}],"version-history":[{"count":9,"href":"https:\/\/investnews.com.br\/inv-api\/wp\/v2\/posts\/714677\/revisions"}],"predecessor-version":[{"id":714754,"href":"https:\/\/investnews.com.br\/inv-api\/wp\/v2\/posts\/714677\/revisions\/714754"}],"wp:featuredmedia":[{"embeddable":true,"href":"https:\/\/investnews.com.br\/inv-api\/wp\/v2\/media\/646533"}],"wp:attachment":[{"href":"https:\/\/investnews.com.br\/inv-api\/wp\/v2\/media?parent=714677"}],"wp:term":[{"taxonomy":"category","embeddable":true,"href":"https:\/\/investnews.com.br\/inv-api\/wp\/v2\/categories?post=714677"},{"taxonomy":"post_tag","embeddable":true,"href":"https:\/\/investnews.com.br\/inv-api\/wp\/v2\/tags?post=714677"},{"taxonomy":"autor-wsj","embeddable":true,"href":"https:\/\/investnews.com.br\/inv-api\/wp\/v2\/autor-wsj?post=714677"},{"taxonomy":"author","embeddable":true,"href":"https:\/\/investnews.com.br\/inv-api\/wp\/v2\/coauthors?post=714677"}],"curies":[{"name":"wp","href":"https:\/\/api.w.org\/{rel}","templated":true}]}}