{"id":714991,"date":"2025-09-09T08:55:57","date_gmt":"2025-09-09T11:55:57","guid":{"rendered":"https:\/\/investnews.com.br\/?p=714991"},"modified":"2025-09-09T08:55:59","modified_gmt":"2025-09-09T11:55:59","slug":"fim-da-novela-marfrig-e-brf-oficializam-fusao-a-partir-de-22-de-setembro","status":"publish","type":"post","link":"https:\/\/investnews.com.br\/negocios\/fim-da-novela-marfrig-e-brf-oficializam-fusao-a-partir-de-22-de-setembro\/","title":{"rendered":"Fim da novela: Marfrig e BRF oficializam fus\u00e3o a partir de 22 de setembro"},"content":{"rendered":"\n<figure class=\"wp-block-image size-full\"><img loading=\"lazy\" decoding=\"async\" width=\"820\" height=\"540\" src=\"https:\/\/media.investnews.com.br\/uploads\/2022\/08\/brf3.jpg\" alt=\"Logo da BRF\" class=\"wp-image-360007\" srcset=\"https:\/\/media.investnews.com.br\/uploads\/2022\/08\/brf3.jpg 820w, https:\/\/media.investnews.com.br\/uploads\/2022\/08\/brf3-300x198.jpg 300w, https:\/\/media.investnews.com.br\/uploads\/2022\/08\/brf3-768x506.jpg 768w, https:\/\/media.investnews.com.br\/uploads\/2022\/08\/brf3-172x113.jpg 172w, https:\/\/media.investnews.com.br\/uploads\/2022\/08\/brf3-191x125.jpg 191w, https:\/\/media.investnews.com.br\/uploads\/2022\/08\/brf3-150x99.jpg 150w\" sizes=\"auto, (max-width: 820px) 100vw, 820px\" \/><figcaption class=\"wp-element-caption\">Cr\u00e9dito: Adobe Stock<\/figcaption><\/figure>\n\n\n\n<p>Ap\u00f3s o aval do Conselho Administrativo de Defesa Econ\u00f4mica (Cade) na reuni\u00e3o extraordin\u00e1ria da sexta-feira (9), a Marfrig e a BRF, finalmente, v\u00e3o oficializar o casamento. As companhias j\u00e1 marcaram a data: ser\u00e1 em 22 de setembro.<\/p>\n\n\n\n<p>Os grupos anunciaram que a incorpora\u00e7\u00e3o das a\u00e7\u00f5es da BRF na nova estrutura foi ratificada ap\u00f3s a realiza\u00e7\u00e3o de reuni\u00f5es dos conselhos de administra\u00e7\u00e3o. Nos encontros, foram deliberados pontos como o direito de retirada de acionistas dissidentes e a implementa\u00e7\u00e3o das condi\u00e7\u00f5es necess\u00e1rias para a fus\u00e3o.<\/p>\n\n\n\n<p>As empresas v\u00e3o desembolsar quase R$ 200 milh\u00f5es para pagar os diretos de retirada de acionistas minorit\u00e1rios que n\u00e3o concordaram. Segundo o fato relevante, o direito de retirada dos dissidentes vai custar R$ 198.535.674,87 para a BRF e R$ 16,60 para a Marfrig. <\/p>\n\n\n\n<p>A partir de 23 de setembro de 2025, as a\u00e7\u00f5es da Marfrig ser\u00e3o negociadas na B3 sob o <a href=\"https:\/\/investnews.com.br\/guias\/ticker-codigos-das-acoes\/\">ticker<\/a> MBRF3. <\/p>\n\n\n<section class=\"recirculation-area\">\n    <div class=\"container\">\n                <p class=\"title\">LEIA MAIS<\/p>\n     \n            <ul class=\"recirculation-list\" data-tracking-position=\"Leia mais\">\n                            <li class=\"list-item\">\n                    <a \n                        href=\"https:\/\/investnews.com.br\/negocios\/brf-marfrig-mbrf-molina-aprovacao-cade\/\" \n                        title=\"BRF + Marfrig: a saga de R$ 15 bilh\u00f5es de Marcos Molina e os embates at\u00e9 a cria\u00e7\u00e3o da MBRF\" \n                        class=\"item-title recirculation-link\"\n                        data-btn-name=\"BRF + Marfrig: a saga de R$ 15 bilh\u00f5es de Marcos Molina e os embates at\u00e9 a cria\u00e7\u00e3o da MBRF\"\n                        data-posicao=\"Leia mais\"\n                        data-click-url=\"https:\/\/investnews.com.br\/negocios\/brf-marfrig-mbrf-molina-aprovacao-cade\/\"\n                    >\n                        BRF + Marfrig: a saga de R$ 15 bilh\u00f5es de Marcos Molina e os embates at\u00e9 a cria\u00e7\u00e3o da MBRF                    <\/a>\n                <\/li>\n                    <\/ul>\n    <\/div><\/section>\n\n\n\n<p>No comunicado, as empresas informaram que v\u00e3o manter as distribui\u00e7\u00f5es de <a href=\"https:\/\/investnews.com.br\/guias\/dividendos-o-que-sao-como-funcionam\/\">dividendos<\/a> e juros sobre capital pr\u00f3prio a serem pagos no final de setembro, com valores espec\u00edficos para cada a\u00e7\u00e3o. A Marfrig e a BRF ressaltaram ainda que a troca de a\u00e7\u00f5es est\u00e1 prevista para ocorrer sem necessidade de ajustes adicionais na rela\u00e7\u00e3o de substitui\u00e7\u00e3o, ou seja, n\u00e3o ser\u00e1 necess\u00e1ria a emiss\u00e3o de novos pap\u00e9is.<\/p>\n\n\n\n<h2 class=\"wp-block-heading\">Cap\u00edtulo final<\/h2>\n\n\n\n<p>A saga da fus\u00e3o teve como \u00faltimo obst\u00e1culo uma solicita\u00e7\u00e3o de revis\u00e3o da decis\u00e3o do Cade feita pela concorrente\u00a0<a href=\"https:\/\/investnews.com.br\/financas\/minerva-foods-e-pouco-impactada-pelo-mal-da-vaca-louca\/\">Minerva Foods<\/a>. A rival recorreu com receio de concentra\u00e7\u00e3o e apontou risco concorrencial via Salic (que tem 24,49% da Minerva e 11,03% da BRF). A gestora Latache (do Fundo Nova Almeida) refor\u00e7ou os questionamentos \u00e0 governan\u00e7a.<\/p>\n\n\n\n<p>Por outro lado, a Marfrig acusou Minerva de boicotar fornecimentos; a BRF argumentou que o controle j\u00e1 estava sob Marcos Molina desde 2021. A Salic rebateu as suspeitas, diz ser investidor passivo e classificou as preocupa\u00e7\u00f5es como \u201chipot\u00e9ticas\u201d.<\/p>\n\n\n\n<p>Esse embate levou o presidente do Cade a sugerir rito ordin\u00e1rio, mais demorado, mas a maioria dos conselheiros preferiu manter o rito sum\u00e1rio e que agora tem maioria absoluta pela aprova\u00e7\u00e3o, mas sem a chancela formal por conta dos ritos do Cade.<\/p>\n\n\n\n<p>Na quarta-feira (3), BRF e\u00a0<a href=\"https:\/\/investnews.com.br\/negocios\/marfrig-desiste-de-venda-de-unidades-no-uruguai-para-minerva-que-nao-aceita-decisao\/\">Marfrig<\/a> protocolaram uma peti\u00e7\u00e3o urgente pedindo que o colegiado do Cade convocasse uma sess\u00e3o extraordin\u00e1ria em at\u00e9 24 horas, sob argumento de que j\u00e1 havia maioria clara e unanimidade encaminhada. <\/p>\n\n\n\n<p>Os grupos\u00a0argumentaram que a defini\u00e7\u00e3o era urgente porque o prazo para exerc\u00edcio do direito de recesso dos acionistas da BRF\u00a0<strong>se encerrava na nesta sexta-feira<\/strong>. Sem decis\u00e3o, investidores poderiam optar pela sa\u00edda, obrigando a empresa a provisionar recursos bilion\u00e1rios e gerando instabilidade no caixa e no mercado.<\/p>\n\n\n\n<p>O Cade realizou o julgamento no \u00faltimo dia \u00fatil da semana passada e ratificou a aprova\u00e7\u00e3o de incorpora\u00e7\u00e3o de a\u00e7\u00f5es. Desse modo, a Marfrig e a BRF, dona das marcas Sadia e Pedig\u00e3o, agora se unem na MBRF, um conglomerado global de alimentos, com atua\u00e7\u00e3o em mais de 100 pa\u00edses e  receita anual estimada em R$ 150 bilh\u00f5es.<\/p>\n\n\n\n<p><span style=\"font-size: medium;\"><i><b>Disclaimer:<\/b> Este texto foi escrito por um agente de <a href=\"https:\/\/investnews.com.br\/guias\/inteligencia-artificial\/\">intelig\u00eancia artificial<\/a> a partir de informa\u00e7\u00f5es oficiais e de bases de dados confi\u00e1veis selecionadas pelo <b>InvestNews<\/b>. O trabalho foi revisado pela equipe de jornalistas do IN antes de sua publica\u00e7\u00e3o.<\/i><\/span><\/p>\n","protected":false},"excerpt":{"rendered":"<p>Companhias v\u00e3o desembolsar R$ 200 milh\u00f5es para pagar os acionistas que decidirem sair do novo grupo<\/p>\n","protected":false},"author":149,"featured_media":653696,"comment_status":"closed","ping_status":"closed","sticky":false,"template":"","format":"standard","meta":{"_acf_changed":false,"inline_featured_image":false,"footnotes":""},"categories":[6],"tags":[103615],"autor-wsj":[],"coauthors":[103624,1494],"class_list":["post-714991","post","type-post","status-publish","format-standard","has-post-thumbnail","hentry","category-negocios","tag-fatos-relevantes"],"acf":[],"amp_enabled":true,"_links":{"self":[{"href":"https:\/\/investnews.com.br\/inv-api\/wp\/v2\/posts\/714991","targetHints":{"allow":["GET"]}}],"collection":[{"href":"https:\/\/investnews.com.br\/inv-api\/wp\/v2\/posts"}],"about":[{"href":"https:\/\/investnews.com.br\/inv-api\/wp\/v2\/types\/post"}],"author":[{"embeddable":true,"href":"https:\/\/investnews.com.br\/inv-api\/wp\/v2\/users\/149"}],"replies":[{"embeddable":true,"href":"https:\/\/investnews.com.br\/inv-api\/wp\/v2\/comments?post=714991"}],"version-history":[{"count":1,"href":"https:\/\/investnews.com.br\/inv-api\/wp\/v2\/posts\/714991\/revisions"}],"predecessor-version":[{"id":715030,"href":"https:\/\/investnews.com.br\/inv-api\/wp\/v2\/posts\/714991\/revisions\/715030"}],"wp:featuredmedia":[{"embeddable":true,"href":"https:\/\/investnews.com.br\/inv-api\/wp\/v2\/media\/653696"}],"wp:attachment":[{"href":"https:\/\/investnews.com.br\/inv-api\/wp\/v2\/media?parent=714991"}],"wp:term":[{"taxonomy":"category","embeddable":true,"href":"https:\/\/investnews.com.br\/inv-api\/wp\/v2\/categories?post=714991"},{"taxonomy":"post_tag","embeddable":true,"href":"https:\/\/investnews.com.br\/inv-api\/wp\/v2\/tags?post=714991"},{"taxonomy":"autor-wsj","embeddable":true,"href":"https:\/\/investnews.com.br\/inv-api\/wp\/v2\/autor-wsj?post=714991"},{"taxonomy":"author","embeddable":true,"href":"https:\/\/investnews.com.br\/inv-api\/wp\/v2\/coauthors?post=714991"}],"curies":[{"name":"wp","href":"https:\/\/api.w.org\/{rel}","templated":true}]}}