{"id":721318,"date":"2025-09-30T10:23:01","date_gmt":"2025-09-30T13:23:01","guid":{"rendered":"https:\/\/investnews.com.br\/?p=721318"},"modified":"2025-09-30T10:23:03","modified_gmt":"2025-09-30T13:23:03","slug":"desemprego-brasil-agosto","status":"publish","type":"post","link":"https:\/\/investnews.com.br\/economia\/desemprego-brasil-agosto\/","title":{"rendered":"Desemprego no Brasil fica em 5,6% at\u00e9 agosto, o menor \u00edndice desde 2012"},"content":{"rendered":"\n<p>A taxa de desemprego no Brasil ficou est\u00e1vel no trimestre encerrado em agosto, em compara\u00e7\u00e3o aos tr\u00eas meses terminados em julho. <\/p>\n\n\n\n<p>Assim, a taxa de desemprego permaneceu em 5,6%, repetindo a taxa de julho, informou o Instituto Brasileiro de Geografia e Estat\u00edstica (IBGE) nesta ter\u00e7a-feira (30).<\/p>\n\n\n\n<p>O \u00edndice \u00e9 o menor da s\u00e9rie hist\u00f3rica do IBGE: o pa\u00eds registrou o menor contingente de pessoas desocupadas, mostrando que o mercado de trabalho segue aquecido e resiliente.<\/p>\n\n\n\n<p>O resultado mostra queda na compara\u00e7\u00e3o com os tr\u00eas meses imediatamente anteriores, at\u00e9 maio, quando foi de 6,2%. No mesmo per\u00edodo do ano anterior a taxa de desemprego havia sido de 6,6%.<\/p>\n\n\n\n<p>A taxa, que segue no patamar mais baixo desde 2012, in\u00edcio da s\u00e9rie hist\u00f3rica, ainda ficou em linha com a expectativa em pesquisa da <em>Reuters<\/em>.<\/p>\n\n\n\n<p>O mercado de trabalho vem mostrando for\u00e7a e resili\u00eancia neste ano mesmo diante de uma desacelera\u00e7\u00e3o gradual da atividade econ\u00f4mica, o que mant\u00e9m o Banco Central em alerta.<\/p>\n\n\n\n<p>Neste m\u00eas, o BC decidiu manter a <a href=\"https:\/\/investnews.com.br\/economia\/selic-juros-banco-central-set-2025\/\" data-type=\"post\" data-id=\"717491\">taxa b\u00e1sica de juros Selic em 15%<\/a>, destacando que o ambiente incerto demanda cautela e que seguir\u00e1 avaliando se manter os juros nesse patamar por per\u00edodo bastante prolongado ser\u00e1 suficiente para levar a infla\u00e7\u00e3o \u00e0 meta.<\/p>\n\n\n\n<h2 class=\"wp-block-heading\">Infla\u00e7\u00e3o<\/h2>\n\n\n\n<p>Se por um lado o mercado de trabalho forte com renda elevada ajuda a sustentar a economia, especialmente atrav\u00e9s do consumo das fam\u00edlias, por outro dificulta o controle da infla\u00e7\u00e3o, com aten\u00e7\u00e3o especial \u00e0 de servi\u00e7os.<\/p>\n\n\n\n<p>Nos tr\u00eas meses at\u00e9 agosto, o n\u00famero de desempregados caiu 9,0% ante o trimestre at\u00e9 maio e atingiu 6,084 milh\u00f5es de pessoas, o menor contingente da s\u00e9rie, o que representa ainda queda de 14,6% sobre o mesmo per\u00edodo de 2024.<\/p>\n\n\n\n<p>J\u00e1 o total de ocupados aumentou 0,5% na compara\u00e7\u00e3o trimestral, com 102,418 milh\u00f5es de empregados, uma alta de 1,8% em rela\u00e7\u00e3o ao ano anterior.<\/p>\n\n\n<section class=\"recirculation-area\">\n    <div class=\"container\">\n                <p class=\"title\">Leia mais<\/p>\n     \n            <ul class=\"recirculation-list\" data-tracking-position=\"Leia mais\">\n                            <li class=\"list-item\">\n                    <a \n                        href=\"https:\/\/investnews.com.br\/economia\/carteira-de-trabalho-digital-como-fazer\/\" \n                        title=\"Como fazer sua carteira de trabalho digital\" \n                        class=\"item-title recirculation-link\"\n                        data-btn-name=\"Como fazer sua carteira de trabalho digital\"\n                        data-posicao=\"Leia mais\"\n                        data-click-url=\"https:\/\/investnews.com.br\/economia\/carteira-de-trabalho-digital-como-fazer\/\"\n                    >\n                        Como fazer sua carteira de trabalho digital                    <\/a>\n                <\/li>\n                            <li class=\"list-item\">\n                    <a \n                        href=\"https:\/\/investnews.com.br\/guias\/aposentadoria\/\" \n                        title=\"Aposentadoria do INSS: regra atual, como calcular e quando se aposentar\" \n                        class=\"item-title recirculation-link\"\n                        data-btn-name=\"Aposentadoria do INSS: regra atual, como calcular e quando se aposentar\"\n                        data-posicao=\"Leia mais\"\n                        data-click-url=\"https:\/\/investnews.com.br\/guias\/aposentadoria\/\"\n                    >\n                        Aposentadoria do INSS: regra atual, como calcular e quando se aposentar                    <\/a>\n                <\/li>\n                    <\/ul>\n    <\/div><\/section>\n\n\n\n<p>Os trabalhadores com carteira assinada no setor privado registraram aumento de 0,4% nos tr\u00eas meses at\u00e9 agosto sobre o trimestre imediatamente anterior, atingindo um recorde de 39,118 milh\u00f5es de pessoas. Os que n\u00e3o tinham carteira subiram 0,5%.<\/p>\n\n\n\n<p>&#8220;O mercado de trabalho aquecido proporciona uma altera\u00e7\u00e3o do perfil das contrata\u00e7\u00f5es, pois com menor disponibilidade relativa de m\u00e3o de obra, as contrata\u00e7\u00f5es somente acontecem com mais benef\u00edcios para os trabalhadores, como a carteira assinada por exemplo\u201d, explicou o analista da pesquisa, William Kratochwill.<\/p>\n\n\n\n<p>Segundo ele, a queda na desocupa\u00e7\u00e3o passa pelo setor de educa\u00e7\u00e3o p\u00fablica.<\/p>\n\n\n\n<p>&#8220;A educa\u00e7\u00e3o pr\u00e9-escolar e fundamental faz contrata\u00e7\u00f5es ao longo do primeiro semestre. S\u00e3o trabalhadores sem carteira, com contratos de trabalho tempor\u00e1rios&#8221;, explicou ele.<\/p>\n\n\n\n<p>Esse grupo faz parte dos trabalhadores sem carteira do setor p\u00fablico, que cresceu 5,5% em rela\u00e7\u00e3o ao trimestre at\u00e9 maio e aumentou 0,8% frente ao trimestre at\u00e9 agosto de 2024.<\/p>\n\n\n\n<p>No per\u00edodo, a renda m\u00e9dia real chegou a R$3.488, de R$3.457 no trimestre at\u00e9 maio, uma alta de 0,9%.<\/p>\n","protected":false},"excerpt":{"rendered":"<p>Pa\u00eds registrou o menor contingente de pessoas desocupadas, mostrando que o mercado de trabalho segue aquecido e resiliente<\/p>\n","protected":false},"author":61,"featured_media":626693,"comment_status":"closed","ping_status":"closed","sticky":false,"template":"","format":"standard","meta":{"_acf_changed":false,"inline_featured_image":false,"footnotes":""},"categories":[5],"tags":[374],"autor-wsj":[],"coauthors":[2494],"class_list":["post-721318","post","type-post","status-publish","format-standard","has-post-thumbnail","hentry","category-economia","tag-desemprego"],"acf":[],"amp_enabled":true,"_links":{"self":[{"href":"https:\/\/investnews.com.br\/inv-api\/wp\/v2\/posts\/721318","targetHints":{"allow":["GET"]}}],"collection":[{"href":"https:\/\/investnews.com.br\/inv-api\/wp\/v2\/posts"}],"about":[{"href":"https:\/\/investnews.com.br\/inv-api\/wp\/v2\/types\/post"}],"author":[{"embeddable":true,"href":"https:\/\/investnews.com.br\/inv-api\/wp\/v2\/users\/61"}],"replies":[{"embeddable":true,"href":"https:\/\/investnews.com.br\/inv-api\/wp\/v2\/comments?post=721318"}],"version-history":[{"count":5,"href":"https:\/\/investnews.com.br\/inv-api\/wp\/v2\/posts\/721318\/revisions"}],"predecessor-version":[{"id":721329,"href":"https:\/\/investnews.com.br\/inv-api\/wp\/v2\/posts\/721318\/revisions\/721329"}],"wp:featuredmedia":[{"embeddable":true,"href":"https:\/\/investnews.com.br\/inv-api\/wp\/v2\/media\/626693"}],"wp:attachment":[{"href":"https:\/\/investnews.com.br\/inv-api\/wp\/v2\/media?parent=721318"}],"wp:term":[{"taxonomy":"category","embeddable":true,"href":"https:\/\/investnews.com.br\/inv-api\/wp\/v2\/categories?post=721318"},{"taxonomy":"post_tag","embeddable":true,"href":"https:\/\/investnews.com.br\/inv-api\/wp\/v2\/tags?post=721318"},{"taxonomy":"autor-wsj","embeddable":true,"href":"https:\/\/investnews.com.br\/inv-api\/wp\/v2\/autor-wsj?post=721318"},{"taxonomy":"author","embeddable":true,"href":"https:\/\/investnews.com.br\/inv-api\/wp\/v2\/coauthors?post=721318"}],"curies":[{"name":"wp","href":"https:\/\/api.w.org\/{rel}","templated":true}]}}