{"id":722013,"date":"2025-10-01T18:16:31","date_gmt":"2025-10-01T21:16:31","guid":{"rendered":"https:\/\/investnews.com.br\/?p=722013"},"modified":"2025-10-01T18:19:50","modified_gmt":"2025-10-01T21:19:50","slug":"shein-lojas-paris","status":"publish","type":"post","link":"https:\/\/investnews.com.br\/negocios\/shein-lojas-paris\/","title":{"rendered":"Shein quer abrir lojas permanentes em Paris, mas vai ter de lidar com oposi\u00e7\u00e3o"},"content":{"rendered":"\n<p><br>A <a href=\"https:\/\/investnews.com.br\/negocios\/a-shein-conquistou-o-mundo-e-agora-o-mundo-quer-acabar-com-ela\/\" data-type=\"link\" data-id=\"https:\/\/investnews.com.br\/negocios\/a-shein-conquistou-o-mundo-e-agora-o-mundo-quer-acabar-com-ela\/\">plataforma online de fast fashion <strong>Shein<\/strong> <\/a>planeja abrir seis lojas permanentes na Fran\u00e7a, come\u00e7ando justamente por <strong>Paris<\/strong>, a capital da moda \u2014 mas n\u00e3o sem enfrentar resist\u00eancia. O plano para abrir lojas f\u00edsicas em cidades regionais francesas dentro de unidades que carregam o nome Galeries Lafayette. <\/p>\n\n\n\n<p>Em setembro, a companhia j\u00e1 havia testado o formato f\u00edsico com uma loja tempor\u00e1ria (pop-up) no bairro do Marais, na capital, com o conceito \u201cStyle Hunt\u201d \u2014 em que pe\u00e7as eram organizadas por estilos associados a bairros parisienses. Por aqui, no Brasil, a varejista tamb\u00e9m testou o modelo de lojas tempor\u00e1rias em diversas capitais, como S\u00e3o Paulo, Rio de Janeiro e Goi\u00e2nia. <\/p>\n\n\n<section class=\"recirculation-area\">\n    <div class=\"container\">\n                <p class=\"title\">LEIA MAIS:<\/p>\n     \n            <ul class=\"recirculation-list\" data-tracking-position=\"Leia mais\">\n                            <li class=\"list-item\">\n                    <a \n                        href=\"https:\/\/investnews.com.br\/negocios\/a-shein-conquistou-o-mundo-e-agora-o-mundo-quer-acabar-com-ela\/\" \n                        title=\"A Shein conquistou o mundo. E agora o mundo quer acabar com ela\" \n                        class=\"item-title recirculation-link\"\n                        data-btn-name=\"A Shein conquistou o mundo. E agora o mundo quer acabar com ela\"\n                        data-posicao=\"Leia mais\"\n                        data-click-url=\"https:\/\/investnews.com.br\/negocios\/a-shein-conquistou-o-mundo-e-agora-o-mundo-quer-acabar-com-ela\/\"\n                    >\n                        A Shein conquistou o mundo. E agora o mundo quer acabar com ela                    <\/a>\n                <\/li>\n                            <li class=\"list-item\">\n                    <a \n                        href=\"https:\/\/investnews.com.br\/the-wall-street-journal\/a-shein-prometeu-fazer-um-grande-ipo-nos-eua-suas-raizes-na-china-atrapalharam\/\" \n                        title=\"A Shein prometeu fazer um grande IPO nos EUA. Suas ra\u00edzes na China atrapalharam\" \n                        class=\"item-title recirculation-link\"\n                        data-btn-name=\"A Shein prometeu fazer um grande IPO nos EUA. Suas ra\u00edzes na China atrapalharam\"\n                        data-posicao=\"Leia mais\"\n                        data-click-url=\"https:\/\/investnews.com.br\/the-wall-street-journal\/a-shein-prometeu-fazer-um-grande-ipo-nos-eua-suas-raizes-na-china-atrapalharam\/\"\n                    >\n                        A Shein prometeu fazer um grande IPO nos EUA. Suas ra\u00edzes na China atrapalharam                    <\/a>\n                <\/li>\n                    <\/ul>\n    <\/div><\/section>\n\n\n\n<p>A Galeries Lafayette vendeu essas lojas em 2021 para a Soci\u00e9t\u00e9 des Grands Magasins (SGM), que manteve o direito de usar o nome do varejista franc\u00eas.<\/p>\n\n\n\n<p>Fundada na China e hoje sediada em Singapura, a Shein Group Ltd. virou um fen\u00f4meno do varejo online e das redes sociais, enviando roupas baratas para clientes em todo o mundo. A Soci\u00e9t\u00e9 des Grands Magasins disse nesta quarta-feira (01) que a Shein havia concordado em abrir lojas dentro das unidades Galeries Lafayette da SGM em Dijon, Grenoble, Reims, Limoges e Angers.<\/p>\n\n\n\n<p>No entanto, a tradicional Galeries Lafayette afirmou que n\u00e3o compartilha os \u201cvalores\u201d da Shein e que impedir\u00e1 a abertura dessas lojas, alegando que a medida violaria as obriga\u00e7\u00f5es contratuais da SGM. Fundada no fim do s\u00e9culo XIX, a Galeries Lafayette \u00e9 mais conhecida por sua loja de departamentos em Paris, pr\u00f3xima \u00e0 \u00d3pera Garnier.<\/p>\n\n\n\n<figure class=\"wp-block-image size-full\"><img loading=\"lazy\" decoding=\"async\" width=\"800\" height=\"450\" src=\"https:\/\/media.investnews.com.br\/uploads\/2022\/11\/unnamed.jpg\" alt=\"Shein\" class=\"wp-image-379892\" srcset=\"https:\/\/media.investnews.com.br\/uploads\/2022\/11\/unnamed.jpg 800w, https:\/\/media.investnews.com.br\/uploads\/2022\/11\/unnamed-300x169.jpg 300w, https:\/\/media.investnews.com.br\/uploads\/2022\/11\/unnamed-768x432.jpg 768w, https:\/\/media.investnews.com.br\/uploads\/2022\/11\/unnamed-172x97.jpg 172w, https:\/\/media.investnews.com.br\/uploads\/2022\/11\/unnamed-150x84.jpg 150w\" sizes=\"auto, (max-width: 800px) 100vw, 800px\" \/><figcaption class=\"wp-element-caption\">Companhia chegou a abrir lojas tempor\u00e1rias no Brasil<\/figcaption><\/figure>\n\n\n\n<p>Em resposta, a SGM disse que seus planos est\u00e3o em conformidade com as condi\u00e7\u00f5es do acordo com a Galeries Lafayette. Fundada em 2018 por Fr\u00e9d\u00e9ric e Maryline Merlin, a SGM \u00e9 uma empresa francesa de im\u00f3veis e operadora de lojas de departamento.<\/p>\n\n\n\n<p>A primeira inaugura\u00e7\u00e3o f\u00edsica da Shein est\u00e1 prevista para novembro, na loja de departamentos BHV Marais, da SGM, no centro de Paris.<\/p>\n\n\n\n<p>\u201cJuntas, SGM e Shein buscam atrair um p\u00fablico mais jovem e conectado, ao mesmo tempo em que preservam o DNA hist\u00f3rico das lojas de departamento\u201d, disseram as empresas em comunicado conjunto, acrescentando que as iniciativas criar\u00e3o 200 empregos diretos e indiretos na Fran\u00e7a.<\/p>\n\n\n\n<p>A abertura planejada das lojas da Shein no pa\u00eds demonstra uma \u201cfalta de respeito\u201d com os clientes fi\u00e9is do BHV e da Galeries Lafayette e enfraquecer\u00e1 a imagem da moda francesa, afirmou em comunicado separado Yann Rivoallan, presidente da Federa\u00e7\u00e3o Francesa de Pr\u00eat-\u00e0-Porter Feminino.<\/p>\n\n\n\n<figure class=\"wp-block-embed is-type-video is-provider-youtube wp-block-embed-youtube wp-embed-aspect-16-9 wp-has-aspect-ratio\"><div class=\"wp-block-embed__wrapper\">\n<iframe loading=\"lazy\" title=\"Por que seu governo odeia a Shein\" width=\"500\" height=\"281\" src=\"https:\/\/www.youtube.com\/embed\/BS9u5wXamlU?feature=oembed\" frameborder=\"0\" allow=\"accelerometer; autoplay; clipboard-write; encrypted-media; gyroscope; picture-in-picture; web-share\" referrerpolicy=\"strict-origin-when-cross-origin\" allowfullscreen><\/iframe>\n<\/div><\/figure>\n\n\n\n<p>A entrada f\u00edsica da Shein tamb\u00e9m acontece em meio a um ambiente regulat\u00f3rio mais hostil: a Fran\u00e7a discute medidas para frear o modelo de \u201cultra fast fashion\u201d, em raz\u00e3o de seu impacto ambiental e social. A empresa tamb\u00e9m est\u00e1 sob escrut\u00ednio de \u00f3rg\u00e3os como o ponto de contato da OCDE no pa\u00eds, que acompanha den\u00fancias relacionadas a condi\u00e7\u00f5es de trabalho em sua cadeia de fornecimento.<\/p>\n\n\n\n<p><\/p>\n","protected":false},"excerpt":{"rendered":"<p>A plataforma online de fast fashion Shein planeja abrir seis lojas permanentes na Fran\u00e7a, come\u00e7ando justamente por Paris, a capital da moda \u2014 mas n\u00e3o sem enfrentar resist\u00eancia. O plano para abrir lojas f\u00edsicas em cidades regionais francesas dentro de unidades que carregam o nome Galeries Lafayette. Em setembro, a companhia j\u00e1 havia testado o [&hellip;]<\/p>\n","protected":false},"author":76,"featured_media":655460,"comment_status":"closed","ping_status":"closed","sticky":false,"template":"","format":"standard","meta":{"_acf_changed":false,"inline_featured_image":false,"footnotes":""},"categories":[6],"tags":[443,376],"autor-wsj":[],"coauthors":[101325,103075],"class_list":["post-722013","post","type-post","status-publish","format-standard","has-post-thumbnail","hentry","category-negocios","tag-franca","tag-varejo"],"acf":[],"amp_enabled":true,"_links":{"self":[{"href":"https:\/\/investnews.com.br\/inv-api\/wp\/v2\/posts\/722013","targetHints":{"allow":["GET"]}}],"collection":[{"href":"https:\/\/investnews.com.br\/inv-api\/wp\/v2\/posts"}],"about":[{"href":"https:\/\/investnews.com.br\/inv-api\/wp\/v2\/types\/post"}],"author":[{"embeddable":true,"href":"https:\/\/investnews.com.br\/inv-api\/wp\/v2\/users\/76"}],"replies":[{"embeddable":true,"href":"https:\/\/investnews.com.br\/inv-api\/wp\/v2\/comments?post=722013"}],"version-history":[{"count":3,"href":"https:\/\/investnews.com.br\/inv-api\/wp\/v2\/posts\/722013\/revisions"}],"predecessor-version":[{"id":722334,"href":"https:\/\/investnews.com.br\/inv-api\/wp\/v2\/posts\/722013\/revisions\/722334"}],"wp:featuredmedia":[{"embeddable":true,"href":"https:\/\/investnews.com.br\/inv-api\/wp\/v2\/media\/655460"}],"wp:attachment":[{"href":"https:\/\/investnews.com.br\/inv-api\/wp\/v2\/media?parent=722013"}],"wp:term":[{"taxonomy":"category","embeddable":true,"href":"https:\/\/investnews.com.br\/inv-api\/wp\/v2\/categories?post=722013"},{"taxonomy":"post_tag","embeddable":true,"href":"https:\/\/investnews.com.br\/inv-api\/wp\/v2\/tags?post=722013"},{"taxonomy":"autor-wsj","embeddable":true,"href":"https:\/\/investnews.com.br\/inv-api\/wp\/v2\/autor-wsj?post=722013"},{"taxonomy":"author","embeddable":true,"href":"https:\/\/investnews.com.br\/inv-api\/wp\/v2\/coauthors?post=722013"}],"curies":[{"name":"wp","href":"https:\/\/api.w.org\/{rel}","templated":true}]}}