{"id":724692,"date":"2025-10-11T15:32:00","date_gmt":"2025-10-11T18:32:00","guid":{"rendered":"https:\/\/investnews.com.br\/?p=724692"},"modified":"2025-10-11T17:33:10","modified_gmt":"2025-10-11T20:33:10","slug":"enjoei-brecho-cresci-perdi-venda","status":"publish","type":"post","link":"https:\/\/investnews.com.br\/negocios\/enjoei-brecho-cresci-perdi-venda\/","title":{"rendered":"Ap\u00f3s aposta em brech\u00f3s infantis, Enjoei encerra sociedade com a Cresci e Perdi"},"content":{"rendered":"\n<p>Durou pouco. Nesta sexta-feira, o <a href=\"https:\/\/investnews.com.br\/economia\/brechos-movimentam-e-commerce-na-pandemia\/\" data-type=\"link\" data-id=\"https:\/\/investnews.com.br\/economia\/brechos-movimentam-e-commerce-na-pandemia\/\">Enjoei<\/a> anunciou a venda da participa\u00e7\u00e3o de 25% que detinha na rede de brech\u00f3s infantis <strong>Cresci e Perdi <\/strong>por R$ 36,19 milh\u00f5es, com pagamento \u00e0 vista. O neg\u00f3cio foi aprovado pelo conselho de administra\u00e7\u00e3o da companhia e ocorre menos de dois anos ap\u00f3s o investimento inicial, feito em dezembro de 2023.<\/p>\n\n\n\n<p>Segundo <a href=\"https:\/\/www.rad.cvm.gov.br\/ENET\/frmExibirArquivoIPEExterno.aspx?NumeroProtocoloEntrega=1432015\" data-type=\"link\" data-id=\"https:\/\/www.rad.cvm.gov.br\/ENET\/frmExibirArquivoIPEExterno.aspx?NumeroProtocoloEntrega=1432015\" target=\"_blank\" rel=\"noopener\">fato relevante<\/a>, a decis\u00e3o foi motivada por um descumprimento contratual relevante que inviabilizou a continuidade da sociedade \u201cde forma imediata\u201d. A empresa afirma que a transa\u00e7\u00e3o foi realizada por acordo entre as partes e que n\u00e3o h\u00e1 ind\u00edcios de impacto nas demonstra\u00e7\u00f5es financeiras do grupo Cresci e Perdi.<\/p>\n\n\n<section class=\"recirculation-area\">\n    <div class=\"container\">\n                <p class=\"title\">LEIA MAIS:<\/p>\n     \n            <ul class=\"recirculation-list\" data-tracking-position=\"Leia mais\">\n                            <li class=\"list-item\">\n                    <a href=\"https:\/\/investnews.com.br\/negocios\/raizen-oxxo-raiz4-femsa-fim\/\" title=\"Ra\u00edzen sonhou com 5 mil lojas Oxxo, mas crise e d\u00edvida mudaram os planos e for\u00e7aram a sa\u00edda do neg\u00f3cio\" class=\"item-title recirculation-link\" data-btn-name=\"Ra\u00edzen sonhou com 5 mil lojas Oxxo, mas crise e d\u00edvida mudaram os planos e for\u00e7aram a sa\u00edda do neg\u00f3cio\" data-posicao=\"Leia mais\" data-click-url=\"https:\/\/investnews.com.br\/negocios\/raizen-oxxo-raiz4-femsa-fim\/\">\n                        Ra\u00edzen sonhou com 5 mil lojas Oxxo, mas crise e d\u00edvida mudaram os planos e for\u00e7aram a sa\u00edda do neg\u00f3cio                    <\/a>\n                <\/li>\n                            <li class=\"list-item\">\n                    <a href=\"https:\/\/investnews.com.br\/negocios\/renner-lren3-investimento-lideranca\/\" title=\"As armas da Renner para defender a lideran\u00e7a em tempos de brilho de H&amp;M, C&amp;A e Riachuelo\" class=\"item-title recirculation-link\" data-btn-name=\"As armas da Renner para defender a lideran\u00e7a em tempos de brilho de H&amp;M, C&amp;A e Riachuelo\" data-posicao=\"Leia mais\" data-click-url=\"https:\/\/investnews.com.br\/negocios\/renner-lren3-investimento-lideranca\/\">\n                        As armas da Renner para defender a lideran\u00e7a em tempos de brilho de H&amp;M, C&amp;A e Riachuelo                    <\/a>\n                <\/li>\n                    <\/ul>\n    <\/div><\/section>\n\n\n\n<p>A Cresci e Perdi havia sido um dos pilares da estrat\u00e9gia do Enjoei para entrar no varejo f\u00edsico e ampliar seu ecossistema no mercado de produtos de segunda m\u00e3o. \u00c0 \u00e9poca da compra, a rede contava com cerca de 550 franquias, R$ 700 milh\u00f5es em <a href=\"https:\/\/investnews.com.br\/guias\/gmv\/\">GMV<\/a> (valor total de mercadorias vendidas) e <a href=\"https:\/\/investnews.com.br\/guias\/ebitda-o-que-e-como-calcular\/\">EBITDA<\/a> de R$ 45 milh\u00f5es. O Enjoei desembolsou R$ 30 milh\u00f5es pela fatia inicial, com possibilidade de pagamento adicional atrelado \u00e0 performance do neg\u00f3cio at\u00e9 2027.<\/p>\n\n\n\n<p>O acordo original previa ainda op\u00e7\u00f5es de compra e venda entre os s\u00f3cios: o Enjoei poderia adquirir o controle total da Cresci e Perdi ap\u00f3s 2028, enquanto os fundadores tinham o direito de vender sua participa\u00e7\u00e3o para o marketplace no mesmo per\u00edodo. Caso o relacionamento societ\u00e1rio tivesse sido mantido, o Enjoei teria a chance de incorporar integralmente a opera\u00e7\u00e3o, refor\u00e7ando sua presen\u00e7a no varejo f\u00edsico de usados e fortalecendo a integra\u00e7\u00e3o com a <strong>Elo7,<\/strong> <a href=\"https:\/\/investnews.com.br\/negocios\/acoes-da-enjoei-disparam-22-apos-compra-do-grupo-elo7\/\">adquirida da americana Etsy<\/a> no mesmo ano.<\/p>\n\n\n\n<div class=\"flourish-embed flourish-chart\" data-src=\"visualisation\/25590889?1253931\"><script src=\"https:\/\/public.flourish.studio\/resources\/embed.js\"><\/script><noscript><img decoding=\"async\" src=\"https:\/\/public.flourish.studio\/visualisation\/25590889\/thumbnail\" width=\"100%\" alt=\"chart visualization\" \/><\/noscript><\/div>\n\n\n\n<p>Em nota enviada ao <strong>InvestNews<\/strong>, a companhia afirmou que a decis\u00e3o de sair da sociedade foi tomada \u201cem defesa dos interesses da empresa\u201d e reafirmou seu compromisso com \u00e9tica e boas pr\u00e1ticas de governan\u00e7a corporativa. O Enjoei destacou ainda que segue apostando na expans\u00e3o f\u00edsica \u2014 movimento que j\u00e1 inclui cinco lojas pr\u00f3prias abertas desde o fim de 2023, em cidades como S\u00e3o Paulo, Rio de Janeiro, S\u00e3o Jos\u00e9 do Rio Preto e Goi\u00e2nia.<\/p>\n\n\n\n<p>O Enjoei acumula uma perda de 18,3% ao longo de 2025, negociada a menos de R$ 1. Na sexta-feira, fechou cotada a R$ 0,89. A plataforma abriu capital em novembro de 2020, com a\u00e7\u00e3o precificada em R$ 10,25.<\/p>\n\n\n\n<figure class=\"wp-block-embed is-type-video is-provider-youtube wp-block-embed-youtube wp-embed-aspect-16-9 wp-has-aspect-ratio\"><div class=\"wp-block-embed__wrapper\">\n<iframe loading=\"lazy\" title=\"As estrat\u00e9gias da Renner para se manter na lideran\u00e7a do varejo de moda brasileiro\" width=\"500\" height=\"281\" src=\"https:\/\/www.youtube.com\/embed\/5Y9-K48Q_YA?feature=oembed\" frameborder=\"0\" allow=\"accelerometer; autoplay; clipboard-write; encrypted-media; gyroscope; picture-in-picture; web-share\" referrerpolicy=\"strict-origin-when-cross-origin\" allowfullscreen><\/iframe>\n<\/div><\/figure>\n","protected":false},"excerpt":{"rendered":"<p>Neg\u00f3cio de R$ 36 milh\u00f5es marca sa\u00edda da plataforma da rede infantil, menos de dois anos ap\u00f3s entrada na sociedade<\/p>\n","protected":false},"author":161,"featured_media":724693,"comment_status":"closed","ping_status":"closed","sticky":false,"template":"","format":"standard","meta":{"_acf_changed":false,"inline_featured_image":false,"footnotes":""},"categories":[6],"tags":[2324,2265],"autor-wsj":[],"coauthors":[109595],"class_list":["post-724692","post","type-post","status-publish","format-standard","has-post-thumbnail","hentry","category-negocios","tag-fusoes-e-aquisicoes","tag-enjoei"],"acf":[],"amp_enabled":true,"_links":{"self":[{"href":"https:\/\/investnews.com.br\/inv-api\/wp\/v2\/posts\/724692","targetHints":{"allow":["GET"]}}],"collection":[{"href":"https:\/\/investnews.com.br\/inv-api\/wp\/v2\/posts"}],"about":[{"href":"https:\/\/investnews.com.br\/inv-api\/wp\/v2\/types\/post"}],"author":[{"embeddable":true,"href":"https:\/\/investnews.com.br\/inv-api\/wp\/v2\/users\/161"}],"replies":[{"embeddable":true,"href":"https:\/\/investnews.com.br\/inv-api\/wp\/v2\/comments?post=724692"}],"version-history":[{"count":2,"href":"https:\/\/investnews.com.br\/inv-api\/wp\/v2\/posts\/724692\/revisions"}],"predecessor-version":[{"id":724696,"href":"https:\/\/investnews.com.br\/inv-api\/wp\/v2\/posts\/724692\/revisions\/724696"}],"wp:featuredmedia":[{"embeddable":true,"href":"https:\/\/investnews.com.br\/inv-api\/wp\/v2\/media\/724693"}],"wp:attachment":[{"href":"https:\/\/investnews.com.br\/inv-api\/wp\/v2\/media?parent=724692"}],"wp:term":[{"taxonomy":"category","embeddable":true,"href":"https:\/\/investnews.com.br\/inv-api\/wp\/v2\/categories?post=724692"},{"taxonomy":"post_tag","embeddable":true,"href":"https:\/\/investnews.com.br\/inv-api\/wp\/v2\/tags?post=724692"},{"taxonomy":"autor-wsj","embeddable":true,"href":"https:\/\/investnews.com.br\/inv-api\/wp\/v2\/autor-wsj?post=724692"},{"taxonomy":"author","embeddable":true,"href":"https:\/\/investnews.com.br\/inv-api\/wp\/v2\/coauthors?post=724692"}],"curies":[{"name":"wp","href":"https:\/\/api.w.org\/{rel}","templated":true}]}}