{"id":724991,"date":"2025-10-16T18:30:00","date_gmt":"2025-10-16T21:30:00","guid":{"rendered":"https:\/\/investnews.com.br\/?p=724991"},"modified":"2025-10-16T18:52:56","modified_gmt":"2025-10-16T21:52:56","slug":"cosan-pode-viver-a-transicao-mais-delicada-desde-que-rubens-ometto-assumiu-o-comando","status":"publish","type":"post","link":"https:\/\/investnews.com.br\/negocios\/cosan-pode-viver-a-transicao-mais-delicada-desde-que-rubens-ometto-assumiu-o-comando\/","title":{"rendered":"Cosan pode viver a transi\u00e7\u00e3o mais delicada desde que Rubens Ometto assumiu o comando"},"content":{"rendered":"\n<p>A Cosan est\u00e1 prestes a viver uma das transi\u00e7\u00f5es mais importantes da sua hist\u00f3ria. Com uma d\u00edvida de R$ 17,5 bilh\u00f5es, o grupo fundado por Rubens Ometto se prepara para a entrada de novos s\u00f3cios: o banco BTG Pactual, de Andr\u00e9 Esteves, e a gestora Perfin.&nbsp;<\/p>\n\n\n\n<p>A oferta de a\u00e7\u00f5es que vai garantir a entrada desses s\u00f3cios e uma inje\u00e7\u00e3o de at\u00e9 R$ 10 bilh\u00f5es na Cosan est\u00e1 em an\u00e1lise pelos acionistas e deve ser votada em assembleia marcada para o dia 23 de outubro.<\/p>\n\n\n\n<p>Se aprovada, a opera\u00e7\u00e3o pode mudar o equil\u00edbrio de poder num conglomerado onde, por mais de tr\u00eas d\u00e9cadas, Ometto teve a palavra final.&nbsp;<\/p>\n\n\n\n<figure class=\"wp-block-embed is-type-video is-provider-youtube wp-block-embed-youtube wp-embed-aspect-16-9 wp-has-aspect-ratio\"><div class=\"wp-block-embed__wrapper\">\n<iframe loading=\"lazy\" title=\"A jornada de Rubens Ometto no controle da Cosan e as d\u00favidas sobre sua sucess\u00e3o\" width=\"500\" height=\"281\" src=\"https:\/\/www.youtube.com\/embed\/XSJWDMIZLtY?feature=oembed\" frameborder=\"0\" allow=\"accelerometer; autoplay; clipboard-write; encrypted-media; gyroscope; picture-in-picture; web-share\" referrerpolicy=\"strict-origin-when-cross-origin\" allowfullscreen><\/iframe>\n<\/div><\/figure>\n\n\n\n<p>A mudan\u00e7a deve ser gradual. Ao final da opera\u00e7\u00e3o de entrada dos novos s\u00f3cios o BTG Pactual passar\u00e1 a ser o maior <a href=\"https:\/\/investnews.com.br\/guias\/acionista-o-que-e-e-como-funciona\/\">acionista<\/a> individual da Cosan. Mas, pelo acordo firmado entre o banco, a Perfin e a <a href=\"https:\/\/investnews.com.br\/guias\/holding\/\">holding<\/a> da fam\u00edlia Ometto, Rubens preservar\u00e1 sua condi\u00e7\u00e3o de controlador e a presid\u00eancia do conselho de administra\u00e7\u00e3o at\u00e9 2031, quando completar\u00e1 81 anos.<\/p>\n\n\n\n<p>Depois desse per\u00edodo, BTG e Perfin poder\u00e3o atrelar mais pap\u00e9is da Cosan ao acordo de acionistas e, com isso, mudar a composi\u00e7\u00e3o do bloco de controle.<\/p>\n\n\n\n<p>A entrada dos novos s\u00f3cios, \u00e9 claro, n\u00e3o ocorre em um momento qualquer. O imp\u00e9rio que come\u00e7ou com usinas de cana-de-a\u00e7\u00facar no interior paulista e hoje abrange etanol, energia, ferrovias, g\u00e1s natural e lubrificantes, mas carrega um n\u00edvel de alavancagem que amea\u00e7a a autonomia que Rubens Ometto sempre defendeu com unhas e dentes.<\/p>\n\n\n\n<p>Para conter a escalada da d\u00edvida, a Cosan iniciou uma sequ\u00eancia de desinvestimentos. Ao longo de 2025, a companhia vendeu sua participa\u00e7\u00e3o minorit\u00e1ria na Vale, al\u00e9m de usinas e ativos de energia e a\u00e7\u00facar. Tamb\u00e9m se desfez da sociedade com o Grupo N\u00f3s, que operava os minimercados Oxxo no Brasil.&nbsp;<\/p>\n\n\n\n<h2 class=\"wp-block-heading\">Um imp\u00e9rio constru\u00eddo no conflito<\/h2>\n\n\n\n<p>A centraliza\u00e7\u00e3o de poder nas m\u00e3os de Ometto n\u00e3o \u00e9 acaso. Ela vem de uma trajet\u00f3ria marcada por disputas familiares e decis\u00f5es solit\u00e1rias.<\/p>\n\n\n\n<p>Ometto nasceu em uma das fam\u00edlias mais tradicionais do setor sucroenerg\u00e9tico de Piracicaba (SP), herdeira da Usina Junqueira, fundada em 1936 por seu av\u00f4, o imigrante italiano Pedro Ometto.<\/p>\n\n\n<section class=\"recirculation-area\">\n    <div class=\"container\">\n                <p class=\"title\">Leia mais:<\/p>\n     \n            <ul class=\"recirculation-list\" data-tracking-position=\"Leia mais\">\n                            <li class=\"list-item\">\n                    <a \n                        href=\"https:\/\/investnews.com.br\/negocios\/a-aposta-da-familia-jereissati-para-a-iguatemi-mais-shoppings-com-caras-marcas-internacionais\/\" \n                        title=\"A aposta da fam\u00edlia Jereissati para a Iguatemi:  mais shoppings com (caras) marcas internacionais\" \n                        class=\"item-title recirculation-link\"\n                        data-btn-name=\"A aposta da fam\u00edlia Jereissati para a Iguatemi:  mais shoppings com (caras) marcas internacionais\"\n                        data-posicao=\"Leia mais\"\n                        data-click-url=\"https:\/\/investnews.com.br\/negocios\/a-aposta-da-familia-jereissati-para-a-iguatemi-mais-shoppings-com-caras-marcas-internacionais\/\"\n                    >\n                        A aposta da fam\u00edlia Jereissati para a Iguatemi:  mais shoppings com (caras) marcas internacionais                    <\/a>\n                <\/li>\n                            <li class=\"list-item\">\n                    <a \n                        href=\"https:\/\/investnews.com.br\/negocios\/familia-pinheiro-redesenha-rumos-da-hapvida-apos-megafusao-com-a-notredame-intermedica\/\" \n                        title=\"Fam\u00edlia Pinheiro redesenha rumos da Hapvida ap\u00f3s megafus\u00e3o com a NotreDame Interm\u00e9dica\" \n                        class=\"item-title recirculation-link\"\n                        data-btn-name=\"Fam\u00edlia Pinheiro redesenha rumos da Hapvida ap\u00f3s megafus\u00e3o com a NotreDame Interm\u00e9dica\"\n                        data-posicao=\"Leia mais\"\n                        data-click-url=\"https:\/\/investnews.com.br\/negocios\/familia-pinheiro-redesenha-rumos-da-hapvida-apos-megafusao-com-a-notredame-intermedica\/\"\n                    >\n                        Fam\u00edlia Pinheiro redesenha rumos da Hapvida ap\u00f3s megafus\u00e3o com a NotreDame Interm\u00e9dica                    <\/a>\n                <\/li>\n                            <li class=\"list-item\">\n                    <a \n                        href=\"https:\/\/investnews.com.br\/negocios\/nao-e-so-motor-a-weg-e-lider-na-producao-de-herdeiros-bilionarios\/\" \n                        title=\"Mais do que motor: a WEG \u00e9 l\u00edder na produ\u00e7\u00e3o de herdeiros bilion\u00e1rios\" \n                        class=\"item-title recirculation-link\"\n                        data-btn-name=\"Mais do que motor: a WEG \u00e9 l\u00edder na produ\u00e7\u00e3o de herdeiros bilion\u00e1rios\"\n                        data-posicao=\"Leia mais\"\n                        data-click-url=\"https:\/\/investnews.com.br\/negocios\/nao-e-so-motor-a-weg-e-lider-na-producao-de-herdeiros-bilionarios\/\"\n                    >\n                        Mais do que motor: a WEG \u00e9 l\u00edder na produ\u00e7\u00e3o de herdeiros bilion\u00e1rios                    <\/a>\n                <\/li>\n                    <\/ul>\n    <\/div><\/section>\n\n\n\n<p>Mas o neg\u00f3cio familiar era dividido entre sete irm\u00e3os, o que alimentou conflitos por poder e gest\u00e3o. A m\u00e3e de Rubens detinha apenas 11% do patrim\u00f4nio, e o jovem engenheiro chegou a planejar carreira fora do ramo. Trabalhou quase dez anos no Grupo Votorantim, como bra\u00e7o direito de Jos\u00e9 Erm\u00edrio de Moraes Filho, experi\u00eancia que moldou seu estilo de comando \u2014 austero e voltado para resultados.<\/p>\n\n\n\n<p>A volta aos neg\u00f3cios da fam\u00edlia aconteceu por acaso, quando o tio Orlando Ometto adoeceu e pediu ajuda. Rubens assumiu parte das opera\u00e7\u00f5es, mas, ap\u00f3s a morte do tio, foi afastado pelos primos. O conflito se transformou em uma batalha judicial de cinco anos, encerrada em 1993, que lhe devolveu o controle.<\/p>\n\n\n\n<p>Pouco depois, ele enfrentou a pr\u00f3pria m\u00e3e e os irm\u00e3os ao propor a cria\u00e7\u00e3o de uma holding para unificar as usinas sob gest\u00e3o profissional. Saiu novamente vitorioso \u2014 e livre para consolidar o imp\u00e9rio que sonhava.<\/p>\n\n\n\n<h3 class=\"wp-block-heading\">A ascens\u00e3o da Cosan<\/h3>\n\n\n\n<p>Nos anos seguintes, Ometto comprou usinas endividadas, abriu o capital da Cosan na B3 (2005) e na Bolsa de Nova York (2007), e expandiu para novos segmentos. Em 2008, adquiriu os postos da Esso e, em 2011, criou a Ra\u00edzen, em uma joint venture com a Shell.<\/p>\n\n\n\n<p>Vieram ainda a Rumo, bra\u00e7o de ferrovias e log\u00edstica; a Radar, de gest\u00e3o de terras agr\u00edcolas; a Moove, de lubrificantes, e a Compass, distribuidora de g\u00e1s natural.<\/p>\n\n\n\n<p>Por quase duas d\u00e9cadas, Ometto comandou uma expans\u00e3o agressiva e diversificada, que colocou a Cosan entre os dez maiores grupos empresariais do Brasil, com faturamento anual de cerca de R$ 45 bilh\u00f5es.<\/p>\n\n\n\n<h2 class=\"wp-block-heading\">A aposta na Vale \u2014 e o in\u00edcio da virada<\/h2>\n\n\n\n<p>Mas a decis\u00e3o de entrar na Vale, em 2022, marcou um ponto de inflex\u00e3o. A Cosan desembolsou R$ 18,5 bilh\u00f5es para comprar uma fatia minorit\u00e1ria na mineradora \u2014 uma jogada rara para Ometto, que sempre preferiu ter o controle total de suas empresas.<\/p>\n\n\n\n<p>O objetivo era influenciar a sucess\u00e3o no comando da Vale e indicar um nome de confian\u00e7a para o cargo de CEO. A disputa, por\u00e9m, envolveu outros grandes acionistas e at\u00e9 o governo federal, e terminou sem vit\u00f3ria para nenhum dos lados. O epis\u00f3dio deixou a Cosan com uma d\u00edvida pesada em meio ao ciclo de juros altos, for\u00e7ando a venda da pr\u00f3pria participa\u00e7\u00e3o na Vale.<\/p>\n\n\n\n<p>Mesmo assim, a press\u00e3o financeira continuou \u2014 e a entrada do BTG e da Perfin agora aparece como uma solu\u00e7\u00e3o inevit\u00e1vel.<\/p>\n\n\n\n<h3 class=\"wp-block-heading\"><strong>Um novo jogo de poder<\/strong><\/h3>\n\n\n\n<p>O acordo proposto prev\u00ea duas etapas de capitaliza\u00e7\u00e3o: a primeira, de R$ 7 bilh\u00f5es, seria subscrita integralmente pelo <a href=\"https:\/\/investnews.com.br\/guias\/o-que-e-consorcio\/\">cons\u00f3rcio<\/a> formado por Ometto, BTG e Perfin. A segunda, de at\u00e9 R$ 2,75 bilh\u00f5es, ficaria dispon\u00edvel aos acionistas minorit\u00e1rios.<\/p>\n\n\n\n<p>A figura central dessa nova fase \u00e9 Andr\u00e9 Esteves, que, al\u00e9m de comandar o BTG, tem participa\u00e7\u00e3o minorit\u00e1ria relevante na Perfin. Sua presen\u00e7a insere o banco de investimento no cora\u00e7\u00e3o de um conglomerado que impacta diretamente o PIB brasileiro.<\/p>\n\n\n\n<p>Rubens Ometto tem duas filhas, que n\u00e3o participam da gest\u00e3o, e netos ainda jovens. Em entrevistas, o empres\u00e1rio sempre disse n\u00e3o fazer quest\u00e3o de que sua fam\u00edlia trabalhe nos neg\u00f3cios.<\/p>\n\n\n\n<p>A Cosan nasceu de conflitos familiares e chegou ao topo sob o controle centralizado de um \u00fanico homem. Agora, seu futuro depender\u00e1 da capacidade de dividir poder sem perder a dire\u00e7\u00e3o.<\/p>\n\n\n\n<p>Se a entrada do BTG e da Perfin marcar o in\u00edcio de uma nova era, a Cosan pode se transformar de um imp\u00e9rio familiar em um grupo corporativo de capital aberto \u2014 e Rubens Ometto, o engenheiro que passou a vida lutando para concentrar o controle, talvez esteja prestes a protagonizar a sua sucess\u00e3o mais desafiadora.<\/p>\n\n\n\n<p>O <strong>InvestNews<\/strong> procurou Rubens Ometto, mas o empres\u00e1rio n\u00e3o concedeu entrevista.<\/p>\n","protected":false},"excerpt":{"rendered":"<p>Os novos s\u00f3cios BTG e Perfin podem, no m\u00e9dio prazo, redefinir o comando da companhia <\/p>\n","protected":false},"author":145,"featured_media":725901,"comment_status":"closed","ping_status":"closed","sticky":false,"template":"","format":"standard","meta":{"_acf_changed":false,"inline_featured_image":false,"footnotes":""},"categories":[6],"tags":[103369],"autor-wsj":[],"coauthors":[103370],"class_list":["post-724991","post","type-post","status-publish","format-standard","has-post-thumbnail","hentry","category-negocios","tag-empresas-negocios-de-familia"],"acf":[],"amp_enabled":true,"_links":{"self":[{"href":"https:\/\/investnews.com.br\/inv-api\/wp\/v2\/posts\/724991","targetHints":{"allow":["GET"]}}],"collection":[{"href":"https:\/\/investnews.com.br\/inv-api\/wp\/v2\/posts"}],"about":[{"href":"https:\/\/investnews.com.br\/inv-api\/wp\/v2\/types\/post"}],"author":[{"embeddable":true,"href":"https:\/\/investnews.com.br\/inv-api\/wp\/v2\/users\/145"}],"replies":[{"embeddable":true,"href":"https:\/\/investnews.com.br\/inv-api\/wp\/v2\/comments?post=724991"}],"version-history":[{"count":5,"href":"https:\/\/investnews.com.br\/inv-api\/wp\/v2\/posts\/724991\/revisions"}],"predecessor-version":[{"id":726016,"href":"https:\/\/investnews.com.br\/inv-api\/wp\/v2\/posts\/724991\/revisions\/726016"}],"wp:featuredmedia":[{"embeddable":true,"href":"https:\/\/investnews.com.br\/inv-api\/wp\/v2\/media\/725901"}],"wp:attachment":[{"href":"https:\/\/investnews.com.br\/inv-api\/wp\/v2\/media?parent=724991"}],"wp:term":[{"taxonomy":"category","embeddable":true,"href":"https:\/\/investnews.com.br\/inv-api\/wp\/v2\/categories?post=724991"},{"taxonomy":"post_tag","embeddable":true,"href":"https:\/\/investnews.com.br\/inv-api\/wp\/v2\/tags?post=724991"},{"taxonomy":"autor-wsj","embeddable":true,"href":"https:\/\/investnews.com.br\/inv-api\/wp\/v2\/autor-wsj?post=724991"},{"taxonomy":"author","embeddable":true,"href":"https:\/\/investnews.com.br\/inv-api\/wp\/v2\/coauthors?post=724991"}],"curies":[{"name":"wp","href":"https:\/\/api.w.org\/{rel}","templated":true}]}}