{"id":725731,"date":"2025-10-16T08:30:33","date_gmt":"2025-10-16T11:30:33","guid":{"rendered":"https:\/\/investnews.com.br\/?p=725731"},"modified":"2025-10-16T10:27:30","modified_gmt":"2025-10-16T13:27:30","slug":"nestle-demissao","status":"publish","type":"post","link":"https:\/\/investnews.com.br\/negocios\/nestle-demissao\/","title":{"rendered":"Nestl\u00e9 anuncia demiss\u00e3o de 16 mil pessoas sob comando de novo CEO"},"content":{"rendered":"\n<p id=\"tw-target-text\">O novo CEO da Nestl\u00e9, Philipp Navratil, anunciou que vai demitir 16.000 pessoas. A medida acontece no embalo do aumento das vendas trimestrais, que impulsionou as a\u00e7\u00f5es da fabricante de alimentos su\u00ed\u00e7a ao valor m\u00e1ximo em 17 anos.<\/p>\n\n\n\n<p id=\"tw-target-text\">O an\u00fancio das demiss\u00f5es ocorreu em paralelo a um aumento de 4,3% nas vendas do terceiro trimestre, impulsionado por pre\u00e7os mais altos e pela melhora do crescimento real \u2014 um indicador-chave de volumes observado de perto por analistas e investidores.<\/p>\n\n\n\n<p id=\"tw-target-text\">Navratil, que assumiu ap\u00f3s a demiss\u00e3o de <a href=\"https:\/\/investnews.com.br\/negocios\/nestle-demite-ceo\/\" data-type=\"post\" data-id=\"712268\">Laurent Freixe<\/a> por esconder um relacionamento com uma subordinada, aumentou a meta de redu\u00e7\u00e3o de custos da Nestl\u00e9 de 2,5 bilh\u00f5es de francos su\u00ed\u00e7os para 3 bilh\u00f5es de francos su\u00ed\u00e7os (US$ 3,7 bilh\u00f5es) at\u00e9 o final de 2027.<\/p>\n\n\n\n<p id=\"tw-target-text\">As medidas indicam que o novo CEO est\u00e1 mantendo a estrat\u00e9gia mais ampla de seu antecessor, que inclu\u00eda revis\u00f5es e poss\u00edveis vendas de unidades com baixo desempenho.<\/p>\n\n\n\n<p id=\"tw-target-text\">&#8220;O mundo est\u00e1 mudando e a Nestl\u00e9 precisa mudar mais r\u00e1pido&#8221;, disse Navratil nesta quinta-feira (16). &#8220;Isso incluir\u00e1 a tomada de decis\u00f5es dif\u00edceis, mas necess\u00e1rias, para reduzir o quadro de funcion\u00e1rios.&#8221;<\/p>\n\n\n\n<p id=\"tw-target-text\">As a\u00e7\u00f5es da fabricante de alimentos subiram at\u00e9 8,2% nas negocia\u00e7\u00f5es na Su\u00ed\u00e7a, o maior ganho desde 2008.<\/p>\n\n\n\n<p id=\"tw-target-text\">As demiss\u00f5es, que somam cerca de 6% da for\u00e7a de trabalho, ocorrer\u00e3o nos pr\u00f3ximos dois anos, informou a fabricante das c\u00e1psulas de caf\u00e9 Nespresso e das barras de chocolate KitKat.<\/p>\n\n\n<section class=\"recirculation-area\">\n    <div class=\"container\">\n                <p class=\"title\">Leia mais<\/p>\n     \n            <ul class=\"recirculation-list\" data-tracking-position=\"Leia mais\">\n                            <li class=\"list-item\">\n                    <a \n                        href=\"https:\/\/investnews.com.br\/negocios\/nestle-teste-decisivo\/\" \n                        title=\"Nestl\u00e9 enfrenta teste decisivo, com sa\u00edda de CEO, investidores insatisfeitos e perda de mercado\" \n                        class=\"item-title recirculation-link\"\n                        data-btn-name=\"Nestl\u00e9 enfrenta teste decisivo, com sa\u00edda de CEO, investidores insatisfeitos e perda de mercado\"\n                        data-posicao=\"Leia mais\"\n                        data-click-url=\"https:\/\/investnews.com.br\/negocios\/nestle-teste-decisivo\/\"\n                    >\n                        Nestl\u00e9 enfrenta teste decisivo, com sa\u00edda de CEO, investidores insatisfeitos e perda de mercado                    <\/a>\n                <\/li>\n                            <li class=\"list-item\">\n                    <a \n                        href=\"https:\/\/investnews.com.br\/negocios\/nestle-demite-ceo\/\" \n                        title=\"Com um ano no cargo, CEO \u00e9 demitido da Nestl\u00e9 por manter romance secreto com subordinada\" \n                        class=\"item-title recirculation-link\"\n                        data-btn-name=\"Com um ano no cargo, CEO \u00e9 demitido da Nestl\u00e9 por manter romance secreto com subordinada\"\n                        data-posicao=\"Leia mais\"\n                        data-click-url=\"https:\/\/investnews.com.br\/negocios\/nestle-demite-ceo\/\"\n                    >\n                        Com um ano no cargo, CEO \u00e9 demitido da Nestl\u00e9 por manter romance secreto com subordinada                    <\/a>\n                <\/li>\n                            <li class=\"list-item\">\n                    <a \n                        href=\"https:\/\/investnews.com.br\/the-wall-street-journal\/ceo-da-nestle-denuncia\/\" \n                        title=\"Como uma den\u00facia an\u00f4nima derrubou o CEO da Nestl\u00e9\" \n                        class=\"item-title recirculation-link\"\n                        data-btn-name=\"Como uma den\u00facia an\u00f4nima derrubou o CEO da Nestl\u00e9\"\n                        data-posicao=\"Leia mais\"\n                        data-click-url=\"https:\/\/investnews.com.br\/the-wall-street-journal\/ceo-da-nestle-denuncia\/\"\n                    >\n                        Como uma den\u00facia an\u00f4nima derrubou o CEO da Nestl\u00e9                    <\/a>\n                <\/li>\n                    <\/ul>\n    <\/div><\/section>\n\n\n\n<h2 class=\"wp-block-heading\">Nestl\u00e9 e investidores<\/h2>\n\n\n\n<p id=\"tw-target-text\">\u201cEmbora ainda muito fr\u00e1gil, acreditamos que este conjunto de resultados ajudar\u00e1 a Nestl\u00e9 a restaurar parcialmente a confian\u00e7a dos investidores\u201d, disse Jean-Philippe Bertschy, analista da Vontobel.<\/p>\n\n\n\n<p id=\"tw-target-text\">A Nestl\u00e9 nomeou Navratil como CEO no m\u00eas passado, ap\u00f3s demitir Freixe um ano ap\u00f3s o in\u00edcio de sua gest\u00e3o. Ap\u00f3s o esc\u00e2ndalo, o presidente do conselho, Paul Bulcke, renunciou antes do previsto, sendo substitu\u00eddo pelo ex-CEO da Inditex, Pablo Isla.<\/p>\n\n\n\n<p id=\"tw-target-text\">A mudan\u00e7a gerou turbul\u00eancia na c\u00fapula de uma empresa conhecida por sua cultura corporativa s\u00f3lida e deixou a nova dupla de lideran\u00e7a com a tarefa de apresentar um plano para reativar o crescimento do volume e lidar com quest\u00f5es de governan\u00e7a.<\/p>\n\n\n\n<p id=\"tw-target-text\">Veterano da Nestl\u00e9 com mais de 20 anos de experi\u00eancia, que recentemente comandou a unidade Nespresso, Navratil indicou que manter\u00e1 a estrat\u00e9gia da Freixe de aumentar os gastos com publicidade, apostar em menos iniciativas de produtos, por\u00e9m maiores, e se livrar de unidades com baixo desempenho.<\/p>\n\n\n\n<h2 class=\"wp-block-heading\">Quem ser\u00e1 demitido<\/h2>\n\n\n\n<p id=\"tw-target-text\">Dos cortes de empregos planejados, cerca de 12.000 ser\u00e3o de funcion\u00e1rios administrativos, com o restante em fun\u00e7\u00f5es de manufatura e cadeia de suprimentos.<\/p>\n\n\n\n<p id=\"tw-target-text\">Quanto \u00e0 constru\u00e7\u00e3o da cultura da empresa, &#8220;todos somos avaliados pelos mesmos indicadores-chave de desempenho&#8221;, disse Navratil em uma teleconfer\u00eancia com analistas. &#8220;Ser\u00e1 f\u00e1cil ver quem est\u00e1 tendo um bom desempenho e quem n\u00e3o est\u00e1. Seremos implac\u00e1veis \u200b\u200bna avalia\u00e7\u00e3o de nossos funcion\u00e1rios.&#8221;<\/p>\n\n\n\n<p id=\"tw-target-text\">O CEO identificou como principal prioridade da Nestl\u00e9 o aumento do crescimento interno real e acrescentou que a empresa est\u00e1 avaliando tudo em seu portf\u00f3lio.<\/p>\n\n\n\n<p id=\"tw-target-text\">\u201cAcolhemos a ambi\u00e7\u00e3o de Navratil de promover uma cultura que n\u00e3o aceita a perda de participa\u00e7\u00e3o de mercado e onde a vit\u00f3ria \u00e9 recompensada, o que soa mais assertivo do que antes\u201d, disse James Edwardes Jones, analista da RBC Capital Markets.<\/p>\n\n\n\n<p id=\"tw-target-text\">Jones acrescentou que a melhora no crescimento real no trimestre foi importante, pois esta tem sido a maior \u00e1rea de preocupa\u00e7\u00e3o para os investidores.<\/p>\n\n\n\n<p id=\"tw-target-text\">O antecessor de Navratil havia iniciado uma reestrutura\u00e7\u00e3o que inclu\u00eda a potencial venda de marcas de vitaminas em dificuldades e a busca por um poss\u00edvel parceiro para o neg\u00f3cio de \u00e1gua engarrafada da Nestl\u00e9, que a Freixe separou em uma unidade independente.<\/p>\n\n\n\n<p id=\"tw-target-text\">Quaisquer perdas de empregos por meio de desinvestimentos n\u00e3o ser\u00e3o contabilizadas nas 16.000 redu\u00e7\u00f5es planejadas, disse a Navratil a rep\u00f3rteres em uma teleconfer\u00eancia.<\/p>\n","protected":false},"excerpt":{"rendered":"<p>As demiss\u00f5es, que representam 6% da for\u00e7a de trabalho da Nestl\u00e9, ocorrer\u00e3o nos pr\u00f3ximos dois anos<\/p>\n","protected":false},"author":76,"featured_media":242780,"comment_status":"closed","ping_status":"closed","sticky":false,"template":"","format":"standard","meta":{"_acf_changed":false,"inline_featured_image":false,"footnotes":""},"categories":[6],"tags":[110509],"autor-wsj":[],"coauthors":[101325],"class_list":["post-725731","post","type-post","status-publish","format-standard","has-post-thumbnail","hentry","category-negocios","tag-nestle"],"acf":[],"amp_enabled":true,"_links":{"self":[{"href":"https:\/\/investnews.com.br\/inv-api\/wp\/v2\/posts\/725731","targetHints":{"allow":["GET"]}}],"collection":[{"href":"https:\/\/investnews.com.br\/inv-api\/wp\/v2\/posts"}],"about":[{"href":"https:\/\/investnews.com.br\/inv-api\/wp\/v2\/types\/post"}],"author":[{"embeddable":true,"href":"https:\/\/investnews.com.br\/inv-api\/wp\/v2\/users\/76"}],"replies":[{"embeddable":true,"href":"https:\/\/investnews.com.br\/inv-api\/wp\/v2\/comments?post=725731"}],"version-history":[{"count":6,"href":"https:\/\/investnews.com.br\/inv-api\/wp\/v2\/posts\/725731\/revisions"}],"predecessor-version":[{"id":725792,"href":"https:\/\/investnews.com.br\/inv-api\/wp\/v2\/posts\/725731\/revisions\/725792"}],"wp:featuredmedia":[{"embeddable":true,"href":"https:\/\/investnews.com.br\/inv-api\/wp\/v2\/media\/242780"}],"wp:attachment":[{"href":"https:\/\/investnews.com.br\/inv-api\/wp\/v2\/media?parent=725731"}],"wp:term":[{"taxonomy":"category","embeddable":true,"href":"https:\/\/investnews.com.br\/inv-api\/wp\/v2\/categories?post=725731"},{"taxonomy":"post_tag","embeddable":true,"href":"https:\/\/investnews.com.br\/inv-api\/wp\/v2\/tags?post=725731"},{"taxonomy":"autor-wsj","embeddable":true,"href":"https:\/\/investnews.com.br\/inv-api\/wp\/v2\/autor-wsj?post=725731"},{"taxonomy":"author","embeddable":true,"href":"https:\/\/investnews.com.br\/inv-api\/wp\/v2\/coauthors?post=725731"}],"curies":[{"name":"wp","href":"https:\/\/api.w.org\/{rel}","templated":true}]}}