{"id":727278,"date":"2025-10-22T09:16:58","date_gmt":"2025-10-22T12:16:58","guid":{"rendered":"https:\/\/investnews.com.br\/?p=727278"},"modified":"2025-10-23T10:02:36","modified_gmt":"2025-10-23T13:02:36","slug":"jsl-anuncia-guilherme-sampaio-como-ceo-interino-a-partir-de-janeiro","status":"publish","type":"post","link":"https:\/\/investnews.com.br\/negocios\/jsl-anuncia-guilherme-sampaio-como-ceo-interino-a-partir-de-janeiro\/","title":{"rendered":"JSL anuncia Guilherme Sampaio como CEO interino a partir de janeiro"},"content":{"rendered":"\n<figure class=\"wp-block-image size-full\"><img loading=\"lazy\" decoding=\"async\" width=\"1000\" height=\"500\" src=\"https:\/\/media.investnews.com.br\/uploads\/2022\/02\/jsl.jpg\" alt=\"jsl\" class=\"wp-image-308446\" srcset=\"https:\/\/media.investnews.com.br\/uploads\/2022\/02\/jsl.jpg 1000w, https:\/\/media.investnews.com.br\/uploads\/2022\/02\/jsl-300x150.jpg 300w, https:\/\/media.investnews.com.br\/uploads\/2022\/02\/jsl-768x384.jpg 768w, https:\/\/media.investnews.com.br\/uploads\/2022\/02\/jsl-172x86.jpg 172w, https:\/\/media.investnews.com.br\/uploads\/2022\/02\/jsl-200x100.jpg 200w, https:\/\/media.investnews.com.br\/uploads\/2022\/02\/jsl-150x75.jpg 150w\" sizes=\"auto, (max-width: 1000px) 100vw, 1000px\" \/><figcaption class=\"wp-element-caption\">Divulga\u00e7\u00e3o\/site da empresa <\/figcaption><\/figure>\n\n\n\n<p>O conselho de administra\u00e7\u00e3o da JSL elegeu Guilherme de Andrade Fonseca Sampaio como CEO interino a partir de 1\u00ba de janeiro de 2026. O executivo vai suceder Ramon Peres Martinez Garcia de Alcaraz, que permanecer\u00e1 como <a href=\"https:\/\/investnews.com.br\/guias\/acionista-o-que-e-e-como-funciona\/\">acionista<\/a> e conselheiro consultivo.<\/p>\n\n\n\n<p>Guilherme Sampaio, na JSL\/SIMPAR desde 2019, acumula as fun\u00e7\u00f5es de CFO e DRI. Ele coordenou iniciativas como a reorganiza\u00e7\u00e3o societ\u00e1ria que criou a SIMPAR e a relistagem da JSL. <\/p>\n\n\n\n<p>Antes, trabalhou na EY por 13 anos em \u00e1reas de transa\u00e7\u00f5es corporativas e mercados estrat\u00e9gicos. Sampaio \u00e9 formado em administra\u00e7\u00e3o com especializa\u00e7\u00f5es pela Funda\u00e7\u00e3o Getulio Vargas e Wharton School of Business.<\/p>\n\n\n<section class=\"recirculation-area\">\n    <div class=\"container\">\n                <p class=\"title\">LEIA MAIS<\/p>\n     \n            <ul class=\"recirculation-list\" data-tracking-position=\"Leia mais\">\n                            <li class=\"list-item\">\n                    <a \n                        href=\"https:\/\/investnews.com.br\/negocios\/jsl-jslg3-2tri-25-jogo-margem\/\" \n                        title=\"JSL deixa &#8216;disputa&#8217; da margem baixa e aumenta receita: foco agora \u00e9 a desalavancagem\" \n                        class=\"item-title recirculation-link\"\n                        data-btn-name=\"JSL deixa &#8216;disputa&#8217; da margem baixa e aumenta receita: foco agora \u00e9 a desalavancagem\"\n                        data-posicao=\"Leia mais\"\n                        data-click-url=\"https:\/\/investnews.com.br\/negocios\/jsl-jslg3-2tri-25-jogo-margem\/\"\n                    >\n                        JSL deixa &#8216;disputa&#8217; da margem baixa e aumenta receita: foco agora \u00e9 a desalavancagem                    <\/a>\n                <\/li>\n                    <\/ul>\n    <\/div><\/section>\n\n\n\n<p>Uma das maiores empresas de log\u00edstica do Brasil, a JSL \u00e9 controlada pela fam\u00edlia Sim\u00f5es e oferece servi\u00e7os que v\u00e3o de transporte rodovi\u00e1rio de cargas a gest\u00e3o de frotas e armazenagem. <\/p>\n\n\n\n<p><span style=\"font-size: medium;\"><i><b>Disclaimer:<\/b> Este texto foi escrito por um agente de intelig\u00eancia artificial a partir de informa\u00e7\u00f5es oficiais e de bases de dados confi\u00e1veis selecionadas pelo <b>InvestNews<\/b>. O trabalho foi revisado pela equipe de jornalistas do IN antes de sua publica\u00e7\u00e3o.<\/i><\/span><\/p>\n","protected":false},"excerpt":{"rendered":"<p>Futuro CEO atualmente ocupa os cargos de CFO e diretor de RI<\/p>\n","protected":false},"author":149,"featured_media":653696,"comment_status":"closed","ping_status":"closed","sticky":false,"template":"","format":"standard","meta":{"_acf_changed":false,"inline_featured_image":false,"footnotes":""},"categories":[6],"tags":[103615,112850],"autor-wsj":[],"coauthors":[103624],"class_list":["post-727278","post","type-post","status-publish","format-standard","has-post-thumbnail","hentry","category-negocios","tag-fatos-relevantes","tag-jsl"],"acf":[],"amp_enabled":true,"_links":{"self":[{"href":"https:\/\/investnews.com.br\/inv-api\/wp\/v2\/posts\/727278","targetHints":{"allow":["GET"]}}],"collection":[{"href":"https:\/\/investnews.com.br\/inv-api\/wp\/v2\/posts"}],"about":[{"href":"https:\/\/investnews.com.br\/inv-api\/wp\/v2\/types\/post"}],"author":[{"embeddable":true,"href":"https:\/\/investnews.com.br\/inv-api\/wp\/v2\/users\/149"}],"replies":[{"embeddable":true,"href":"https:\/\/investnews.com.br\/inv-api\/wp\/v2\/comments?post=727278"}],"version-history":[{"count":1,"href":"https:\/\/investnews.com.br\/inv-api\/wp\/v2\/posts\/727278\/revisions"}],"predecessor-version":[{"id":727339,"href":"https:\/\/investnews.com.br\/inv-api\/wp\/v2\/posts\/727278\/revisions\/727339"}],"wp:featuredmedia":[{"embeddable":true,"href":"https:\/\/investnews.com.br\/inv-api\/wp\/v2\/media\/653696"}],"wp:attachment":[{"href":"https:\/\/investnews.com.br\/inv-api\/wp\/v2\/media?parent=727278"}],"wp:term":[{"taxonomy":"category","embeddable":true,"href":"https:\/\/investnews.com.br\/inv-api\/wp\/v2\/categories?post=727278"},{"taxonomy":"post_tag","embeddable":true,"href":"https:\/\/investnews.com.br\/inv-api\/wp\/v2\/tags?post=727278"},{"taxonomy":"autor-wsj","embeddable":true,"href":"https:\/\/investnews.com.br\/inv-api\/wp\/v2\/autor-wsj?post=727278"},{"taxonomy":"author","embeddable":true,"href":"https:\/\/investnews.com.br\/inv-api\/wp\/v2\/coauthors?post=727278"}],"curies":[{"name":"wp","href":"https:\/\/api.w.org\/{rel}","templated":true}]}}