{"id":727541,"date":"2025-10-22T16:10:44","date_gmt":"2025-10-22T19:10:44","guid":{"rendered":"https:\/\/investnews.com.br\/?p=727541"},"modified":"2025-10-22T16:24:49","modified_gmt":"2025-10-22T19:24:49","slug":"pimentel-ceo-renuncia-gpa-pcar3","status":"publish","type":"post","link":"https:\/\/investnews.com.br\/negocios\/pimentel-ceo-renuncia-gpa-pcar3\/","title":{"rendered":"Sa\u00edda anunciada: CEO do GPA, Marcelo Pimentel, renuncia ap\u00f3s atritos no conselho"},"content":{"rendered":"\n<p>O CEO do <strong>GPA<\/strong>, <strong>Marcelo Pimentel<\/strong>, renunciou nesta quarta-feira (22) ao cargo, apurou o <strong>InvestNews<\/strong>. O executivo ser\u00e1 substitu\u00eddo interinamente pelo diretor financeiro (CFO) <strong>Rafael Sirotsky Russowsky<\/strong>, enquanto o conselho conduz a escolha de um novo nome para a presid\u00eancia \u2014 que dever\u00e1 ser mais alinhado \u00e0 <strong>fam\u00edlia Coelho Diniz<\/strong>, hoje a maior <a href=\"https:\/\/www.gpari.com.br\/governanca-corporativa\/composicao-acionaria\/\" target=\"_blank\" rel=\"noopener\">acionista<\/a> do grupo.<\/p>\n\n\n\n<p>A situa\u00e7\u00e3o de Pimentel j\u00e1 era considerada insustent\u00e1vel, como o <strong>InvestNews<\/strong> publicou h\u00e1 duas semanas, quando o ent\u00e3o CEO <a href=\"https:\/\/investnews.com.br\/negocios\/gpa-eleicao-novo-conselho-diniz\/\">chegou a amea\u00e7ar deixar o cargo<\/a> durante a primeira reuni\u00e3o do novo conselho de administra\u00e7\u00e3o. O encontro foi marcado por um embate com o conselheiro <strong>Edison Ticle<\/strong>, ligado ao investidor <strong>Rafael Ferri<\/strong>, que acabou eleito vice-presidente do <em>board<\/em>; <strong>Andr\u00e9 Coelho Diniz<\/strong> comanda o conselho.<\/p>\n\n\n\n<p>Naquele momento, Pimentel demonstrou desconforto com a elei\u00e7\u00e3o de Ticle por um suposto conflito de interesse (Ticle \u00e9 CFO da Minerva e investidor da Shopper). Mas acabou sendo voto vencido, mostrando um enfraquecimento do executivo junto aos novos controladores.<\/p>\n\n\n\n<p>Segundo fontes pr\u00f3ximas ao GPA, os Coelho Diniz preparam um novo plano para a empresa, estruturado em duas etapas: primeiro, corte de custos e redu\u00e7\u00e3o de <a href=\"https:\/\/investnews.com.br\/guias\/capex-e-opex\/\">capex<\/a>; em seguida, foco nas opera\u00e7\u00f5es mais rent\u00e1veis, especialmente no Estado de S\u00e3o Paulo, principal pra\u00e7a do grupo. Esse dever\u00e1 ser o mandato do futuro CEO do grupo.<\/p>\n\n\n\n<p>Um aumento de capital de R$ 500 milh\u00f5es chegou a ser cogitado, mas n\u00e3o est\u00e1 em debate neste momento, ap\u00f3s <a href=\"https:\/\/investnews.com.br\/negocios\/gpa-aumento-capital-coelho-diniz-casino\/\">n\u00e3o encontrar ades\u00e3o<\/a> nem entre os Coelho Diniz, nem no Casino, os dois principais acionistas do grupo dono das redes P\u00e3o de A\u00e7\u00facar e Extra.<\/p>\n\n\n\n<p>Indicado originalmente pelo grupo franc\u00eas Casino, Pimentel tamb\u00e9m deixar\u00e1 o conselho, abrindo espa\u00e7o para que os franceses nomeiem um novo representante. Ap\u00f3s a publica\u00e7\u00e3o do texto, o GPA <a href=\"https:\/\/www.rad.cvm.gov.br\/ENET\/frmExibirArquivoIPEExterno.aspx?NumeroProtocoloEntrega=1434748\" target=\"_blank\" rel=\"noopener\">confirmou<\/a> a ren\u00fancia do executivo em fato relevante.<\/p>\n\n\n\n<figure class=\"wp-block-embed is-type-video is-provider-youtube wp-block-embed-youtube wp-embed-aspect-16-9 wp-has-aspect-ratio\"><div class=\"wp-block-embed__wrapper\">\n<iframe loading=\"lazy\" title=\"Quem s\u00e3o os Coelho Diniz, mineiros que  comem pelas beiradas o controle do  P\u00e3o de A\u00e7\u00facar\" width=\"500\" height=\"281\" src=\"https:\/\/www.youtube.com\/embed\/vq7C3xUdX-8?feature=oembed\" frameborder=\"0\" allow=\"accelerometer; autoplay; clipboard-write; encrypted-media; gyroscope; picture-in-picture; web-share\" referrerpolicy=\"strict-origin-when-cross-origin\" allowfullscreen><\/iframe>\n<\/div><\/figure>\n","protected":false},"excerpt":{"rendered":"<p>Executivo deixa o cargo duas semanas ap\u00f3s amea\u00e7ar ren\u00fancia em reuni\u00e3o do board; CFO Rafael Russowsky assume interinamente.<\/p>\n","protected":false},"author":123,"featured_media":572450,"comment_status":"closed","ping_status":"closed","sticky":false,"template":"","format":"standard","meta":{"_acf_changed":false,"inline_featured_image":false,"footnotes":""},"categories":[6],"tags":[195],"autor-wsj":[],"coauthors":[102704,109595],"class_list":["post-727541","post","type-post","status-publish","format-standard","has-post-thumbnail","hentry","category-negocios","tag-grupo-pao-de-acucar"],"acf":[],"amp_enabled":true,"_links":{"self":[{"href":"https:\/\/investnews.com.br\/inv-api\/wp\/v2\/posts\/727541","targetHints":{"allow":["GET"]}}],"collection":[{"href":"https:\/\/investnews.com.br\/inv-api\/wp\/v2\/posts"}],"about":[{"href":"https:\/\/investnews.com.br\/inv-api\/wp\/v2\/types\/post"}],"author":[{"embeddable":true,"href":"https:\/\/investnews.com.br\/inv-api\/wp\/v2\/users\/123"}],"replies":[{"embeddable":true,"href":"https:\/\/investnews.com.br\/inv-api\/wp\/v2\/comments?post=727541"}],"version-history":[{"count":8,"href":"https:\/\/investnews.com.br\/inv-api\/wp\/v2\/posts\/727541\/revisions"}],"predecessor-version":[{"id":727559,"href":"https:\/\/investnews.com.br\/inv-api\/wp\/v2\/posts\/727541\/revisions\/727559"}],"wp:featuredmedia":[{"embeddable":true,"href":"https:\/\/investnews.com.br\/inv-api\/wp\/v2\/media\/572450"}],"wp:attachment":[{"href":"https:\/\/investnews.com.br\/inv-api\/wp\/v2\/media?parent=727541"}],"wp:term":[{"taxonomy":"category","embeddable":true,"href":"https:\/\/investnews.com.br\/inv-api\/wp\/v2\/categories?post=727541"},{"taxonomy":"post_tag","embeddable":true,"href":"https:\/\/investnews.com.br\/inv-api\/wp\/v2\/tags?post=727541"},{"taxonomy":"autor-wsj","embeddable":true,"href":"https:\/\/investnews.com.br\/inv-api\/wp\/v2\/autor-wsj?post=727541"},{"taxonomy":"author","embeddable":true,"href":"https:\/\/investnews.com.br\/inv-api\/wp\/v2\/coauthors?post=727541"}],"curies":[{"name":"wp","href":"https:\/\/api.w.org\/{rel}","templated":true}]}}