{"id":728406,"date":"2025-10-24T17:19:36","date_gmt":"2025-10-24T20:19:36","guid":{"rendered":"https:\/\/investnews.com.br\/?p=728406"},"modified":"2025-10-24T17:19:38","modified_gmt":"2025-10-24T20:19:38","slug":"o-agente-secreto-oscar","status":"publish","type":"post","link":"https:\/\/investnews.com.br\/off-work\/o-agente-secreto-oscar\/","title":{"rendered":"Por que assistir a &#8216;O Agente Secreto&#8217;, a aposta brasileira para o Oscar"},"content":{"rendered":"\n<p>O filme \u201c<strong>O Agente Secreto<\/strong>\u201d, novo longa de <strong>Kleber Mendon\u00e7a Filho<\/strong>, chega aos cinemas em 6 de novembro na esteira do sucesso nacional e internacional de <a href=\"https:\/\/investnews.com.br\/off-work\/ainda-estou-aqui-faz-historia-e-leva-o-1o-oscar-do-brasil-em-melhor-filme-internacional\/\" target=\"_blank\" rel=\"noreferrer noopener\">\u201cAinda Estou Aqui\u201d<\/a>. Assim como o filme de <strong>Walter Salles<\/strong>, aplaudido em festivais e celebrado pela cr\u00edtica, a obra de Mendon\u00e7a, que <a href=\"https:\/\/www.gov.br\/cultura\/pt-br\/assuntos\/noticias\/o-agente-secreto-e-escolhido-para-representar-o-brasil-no-oscar-2026#:~:text=O%20Agente%20Secreto%20%C3%A9%20escolhido,Oscar%202026%20%E2%80%94%20Minist%C3%A9rio%20da%20Cultura&amp;text=O%20que%20%C3%A9%20o%20SNBP?\" target=\"_blank\" rel=\"noopener\">pode representar o pa\u00eds no <strong>Oscar<\/strong><\/a>, combina reconhecimento art\u00edstico com alta repercuss\u00e3o internacional.<\/p>\n\n\n\n<p>O longa saiu do <a href=\"https:\/\/www.festival-cannes.com\/en\/\" target=\"_blank\" rel=\"noreferrer noopener\">Festival de Cannes<\/a> com tr\u00eas pr\u00eamios importantes: Melhor Diretor, Melhor Ator (<strong>Wagner Moura<\/strong>) e o Pr\u00eamio da Cr\u00edtica Internacional (FIPRESCI). Esse tipo de chancela serve como um selo de confian\u00e7a para o mercado global, elevando o valor de venda internacional, acelerando negocia\u00e7\u00f5es e ampliando a visibilidade junto \u00e0s principais distribuidoras internacionais. Na pr\u00e1tica, cada pr\u00eamio \u00e9 convertido em aumento de alcance e potencial de receita.<\/p>\n\n\n\n<p>Sobre a produ\u00e7\u00e3o cinematogr\u00e1fica brasileira, Mendon\u00e7a Filho afirmou recentemente, em entrevista \u00e0 <em>Veja<\/em>, que \u201cproteger a cultura \u00e9 estrat\u00e9gico\u201d, defendendo a import\u00e2ncia de pol\u00edticas p\u00fablicas para fortalecer a cultura cinematogr\u00e1fica nacional. <\/p>\n\n\n\n<p>O cineasta ressaltou ainda que temos &#8220;problemas cr\u00f4nicos de distribui\u00e7\u00e3o, falta de salas e necessidade urgente de forma\u00e7\u00e3o de p\u00fablico&#8221;. &#8220;Precisamos de pol\u00edticas p\u00fablicas como as que existem na Fran\u00e7a, que s\u00e3o essenciais para fortalecer a cultura cinematogr\u00e1fica nacional&#8221;, disse ele.<\/p>\n\n\n\n<h2 class=\"wp-block-heading\">Or\u00e7amento e coprodu\u00e7\u00e3o internacional<\/h2>\n\n\n\n<p><strong>O or\u00e7amento de \u201cO Agente Secreto\u201d gira em torno de R$ 27 milh\u00f5es<\/strong>, somando capital privado e recursos do Fundo Setorial do Audiovisual (FSA). Esse tipo de coprodu\u00e7\u00e3o, envolvendo tamb\u00e9m Fran\u00e7a, Alemanha e Holanda, aumenta o grau de competitividade nos festivais internacionais e melhora a entrada do Brasil no mercado europeu, onde a presen\u00e7a latino-americana ainda \u00e9 limitada.<\/p>\n\n\n\n<p>Antes mesmo da estreia no Brasil, \u201cO Agente Secreto\u201d j\u00e1 havia fechado acordos de distribui\u00e7\u00e3o com a Neon, nos Estados Unidos, e com a MUBI, na Am\u00e9rica Latina (exceto Brasil), Reino Unido e \u00cdndia. Ao todo, j\u00e1 s\u00e3o mais de 90 pa\u00edses confirmados ou em negocia\u00e7\u00e3o avan\u00e7ada.<\/p>\n\n\n\n<p>Mendon\u00e7a Filho opera na mesma l\u00f3gica bem-sucedida de \u201cAquarius\u201d e \u201cBacurau\u201d, mas em um patamar de escala maior. \u201cO Agente Secreto\u201d se beneficia de um cen\u00e1rio internacional mais receptivo ao Brasil e de uma plataforma de distribui\u00e7\u00e3o mais ampla. <\/p>\n\n\n\n<figure class=\"wp-block-embed is-type-video is-provider-youtube wp-block-embed-youtube wp-embed-aspect-16-9 wp-has-aspect-ratio\"><div class=\"wp-block-embed__wrapper\">\n<iframe loading=\"lazy\" title=\"O AGENTE SECRETO - Trailer Oficial\" width=\"500\" height=\"281\" src=\"https:\/\/www.youtube.com\/embed\/AOBPXs_euPA?feature=oembed\" frameborder=\"0\" allow=\"accelerometer; autoplay; clipboard-write; encrypted-media; gyroscope; picture-in-picture; web-share\" referrerpolicy=\"strict-origin-when-cross-origin\" allowfullscreen><\/iframe>\n<\/div><\/figure>\n\n\n\n<h2 class=\"wp-block-heading\">Hist\u00f3ria do filme<\/h2>\n\n\n\n<p>Para o p\u00fablico, a motiva\u00e7\u00e3o \u00e9 diferente: trata-se de uma hist\u00f3ria que resgata passagens do Brasil recente com tens\u00e3o, ritmo e linguagem contempor\u00e2nea, sem abrir m\u00e3o da dimens\u00e3o simb\u00f3lica. No centro da narrativa do longa est\u00e1 a trajet\u00f3ria de um agente do governo envolvido em opera\u00e7\u00f5es secretas em meio a tens\u00f5es pol\u00edticas e sociais no Recife contempor\u00e2neo.<\/p>\n\n\n\n<p>O filme acompanha a luta desse personagem entre lealdade, \u00e9tica e sobreviv\u00eancia, enquanto eventos do passado influenciam decis\u00f5es do presente. Com ritmo de <em>thriller<\/em> e elementos de drama social, \u201cO Agente Secreto\u201d explora a complexidade das estruturas de poder no Brasil, revelando dilemas pessoais e coletivos.<\/p>\n\n\n\n<h2 class=\"wp-block-heading\">Oscar<\/h2>\n\n\n\n<p>A poss\u00edvel indica\u00e7\u00e3o ao Oscar traz ainda mais visibilidade \u00e0 produ\u00e7\u00e3o. Mesmo que o filme ainda esteja na etapa anterior \u00e0 <em>shortlist<\/em>, lista em que s\u00e3o definidos os filmes que v\u00e3o disputar a estatueta no dia 15 de mar\u00e7o de 2026, o simples fato de circular como candidato j\u00e1 aumenta o valor negociado nos contratos de exibi\u00e7\u00e3o, principalmente no mercado norte-americano.<\/p>\n\n\n\n<p>\u201cO Agente Secreto\u201d foi escolhido como o representante brasileiro ao Oscar no m\u00eas passado, mas isso n\u00e3o significa que a obra j\u00e1 ter\u00e1 garantida uma indica\u00e7\u00e3o ao pr\u00eamio. Cada pa\u00eds indica um filme como seu representante para a disputa. A partir dessas indica\u00e7\u00f5es, o Oscar faz uma sele\u00e7\u00e3o das pel\u00edculas que, de fato, v\u00e3o concorrer ao pr\u00eamio mais famoso do cinema mundial.<\/p>\n\n\n\n<p>Os outros filmes que estavam na lista dos pr\u00e9-selecionados eram &#8220;Baby&#8221;, de Marcelo Caetano; &#8220;Kasa Branca&#8221;, de Luciano Vidigal; <a href=\"https:\/\/investnews.com.br\/off-work\/filme-manas\/\">&#8220;Manas&#8221;<\/a>, de Marianna Brennand; &#8220;O \u00daltimo Azul&#8221;, de Gabriel Mascaro e Oeste Outra Vez, de Erico Rassi.<\/p>\n\n\n\n<p>No in\u00edcio deste ano, o Brasil conquistou seu primeiro Oscar, com o filme &#8220;Ainda Estou Aqui&#8221;, de <a href=\"https:\/\/investnews.com.br\/financas\/oscar-2025-de-onde-vem-a-fortuna-de-walter-salles-diretor-de-ainda-estou-aqui\/\">Walter Salles<\/a>, na categoria de Melhor Filme Internacional.<\/p>\n\n\n\n<h2 class=\"wp-block-heading\">Estreia de &#8220;O Agente Secreto&#8221; no Brasil<\/h2>\n\n\n\n<p>T\u00edtulo: O Agente Secreto<br>Dire\u00e7\u00e3o: Kleber Mendon\u00e7a Filho<br>Protagonista: Wagner Moura<br>Estreia nos cinemas brasileiros: 6 de novembro de 2025<br>Distribui\u00e7\u00e3o no Brasil: Vitrine Filmes<br>Distribui\u00e7\u00e3o internacional: Neon (EUA) \/ MUBI (Am\u00e9rica Latina, Reino Unido, \u00cdndia e demais territ\u00f3rios)<br>Classifica\u00e7\u00e3o indicativa: 14 anos<\/p>\n","protected":false},"excerpt":{"rendered":"<p>Produ\u00e7\u00e3o premiada em Cannes, filme &#8220;O Agente Secreto&#8221; mostra como o cinema nacional voltou a atrair capital e audi\u00eancia global<\/p>\n","protected":false},"author":157,"featured_media":728412,"comment_status":"closed","ping_status":"closed","sticky":false,"template":"","format":"standard","meta":{"_acf_changed":false,"inline_featured_image":false,"footnotes":""},"categories":[102723],"tags":[],"autor-wsj":[],"coauthors":[109237],"class_list":["post-728406","post","type-post","status-publish","format-standard","has-post-thumbnail","hentry","category-off-work"],"acf":[],"amp_enabled":true,"_links":{"self":[{"href":"https:\/\/investnews.com.br\/inv-api\/wp\/v2\/posts\/728406","targetHints":{"allow":["GET"]}}],"collection":[{"href":"https:\/\/investnews.com.br\/inv-api\/wp\/v2\/posts"}],"about":[{"href":"https:\/\/investnews.com.br\/inv-api\/wp\/v2\/types\/post"}],"author":[{"embeddable":true,"href":"https:\/\/investnews.com.br\/inv-api\/wp\/v2\/users\/157"}],"replies":[{"embeddable":true,"href":"https:\/\/investnews.com.br\/inv-api\/wp\/v2\/comments?post=728406"}],"version-history":[{"count":10,"href":"https:\/\/investnews.com.br\/inv-api\/wp\/v2\/posts\/728406\/revisions"}],"predecessor-version":[{"id":728464,"href":"https:\/\/investnews.com.br\/inv-api\/wp\/v2\/posts\/728406\/revisions\/728464"}],"wp:featuredmedia":[{"embeddable":true,"href":"https:\/\/investnews.com.br\/inv-api\/wp\/v2\/media\/728412"}],"wp:attachment":[{"href":"https:\/\/investnews.com.br\/inv-api\/wp\/v2\/media?parent=728406"}],"wp:term":[{"taxonomy":"category","embeddable":true,"href":"https:\/\/investnews.com.br\/inv-api\/wp\/v2\/categories?post=728406"},{"taxonomy":"post_tag","embeddable":true,"href":"https:\/\/investnews.com.br\/inv-api\/wp\/v2\/tags?post=728406"},{"taxonomy":"autor-wsj","embeddable":true,"href":"https:\/\/investnews.com.br\/inv-api\/wp\/v2\/autor-wsj?post=728406"},{"taxonomy":"author","embeddable":true,"href":"https:\/\/investnews.com.br\/inv-api\/wp\/v2\/coauthors?post=728406"}],"curies":[{"name":"wp","href":"https:\/\/api.w.org\/{rel}","templated":true}]}}