{"id":728479,"date":"2025-10-31T06:00:00","date_gmt":"2025-10-31T09:00:00","guid":{"rendered":"https:\/\/investnews.com.br\/?p=728479"},"modified":"2025-12-19T13:44:12","modified_gmt":"2025-12-19T16:44:12","slug":"sobra-energia-no-brasil-mas-a-conta-de-luz-nao-cai-por-que","status":"publish","type":"post","link":"https:\/\/investnews.com.br\/economia\/sobra-energia-no-brasil-mas-a-conta-de-luz-nao-cai-por-que\/","title":{"rendered":"Sobra energia no Brasil, mas a conta de luz n\u00e3o cai. Por qu\u00ea?"},"content":{"rendered":"\n<p>Est\u00e1 sobrando energia el\u00e9trica. As hidrel\u00e9tricas voltaram a operar com reservat\u00f3rios cheios depois de um ciclo de secas hist\u00f3ricas; o vento, especialmente no Nordeste, impulsionou a expans\u00e3o da gera\u00e7\u00e3o e\u00f3lica; e os telhados de todo o pa\u00eds se encheram de pain\u00e9is solares, movidos tanto pela redu\u00e7\u00e3o do custo da tecnologia quanto por incentivos generosos.<\/p>\n\n\n\n<p>Ainda assim, as tarifas seguem encarecendo. S\u00f3 em 2025, <a href=\"https:\/\/agenciadenoticias.ibge.gov.br\/agencia-noticias\/2012-agencia-de-noticias\/noticias\/44693-com-alta-em-energia-eletrica-inflacao-acelera-para-0-48-em-setembro\" target=\"_blank\" rel=\"noopener\">a energia el\u00e9trica residencial acumula alta de 16%<\/a> \u2013 bem acima da infla\u00e7\u00e3o, que at\u00e9 setembro acumula 3,6%.<\/p>\n\n\n\n<p>\u00c9 que o problema n\u00e3o est\u00e1 na oferta, mas na estrutura da tarifa.<\/p>\n\n\n<section class=\"recirculation-area\">\n    <div class=\"container\">\n                <p class=\"title\">Leia tamb\u00e9m: <\/p>\n     \n            <ul class=\"recirculation-list\" data-tracking-position=\"outros\">\n                            <li class=\"list-item\">\n                    <a href=\"https:\/\/investnews.com.br\/negocios\/a-conta-da-luz-do-sol-como-o-boom-dos-paineis-solares-virou-um-problema-para-o-sistema-eletrico\/\" title=\"A conta da luz do sol: como o boom dos pain\u00e9is solares virou um problema para o sistema el\u00e9trico\" class=\"item-title recirculation-link\" data-btn-name=\"A conta da luz do sol: como o boom dos pain\u00e9is solares virou um problema para o sistema el\u00e9trico\" data-posicao=\"outros\" data-click-url=\"https:\/\/investnews.com.br\/negocios\/a-conta-da-luz-do-sol-como-o-boom-dos-paineis-solares-virou-um-problema-para-o-sistema-eletrico\/\">\n                        A conta da luz do sol: como o boom dos pain\u00e9is solares virou um problema para o sistema el\u00e9trico                    <\/a>\n                <\/li>\n                            <li class=\"list-item\">\n                    <a href=\"https:\/\/investnews.com.br\/negocios\/mega-baterias-estocam-vento-energia-eletrica-brasil\/\" title=\"As megabaterias que &#8216;estocam vento&#8217;: o que j\u00e1 funciona e o que ainda falta para o Brasil\" class=\"item-title recirculation-link\" data-btn-name=\"As megabaterias que &#8216;estocam vento&#8217;: o que j\u00e1 funciona e o que ainda falta para o Brasil\" data-posicao=\"outros\" data-click-url=\"https:\/\/investnews.com.br\/negocios\/mega-baterias-estocam-vento-energia-eletrica-brasil\/\">\n                        As megabaterias que &#8216;estocam vento&#8217;: o que j\u00e1 funciona e o que ainda falta para o Brasil                    <\/a>\n                <\/li>\n                            <li class=\"list-item\">\n                    <a href=\"https:\/\/investnews.com.br\/negocios\/vento-contra-o-que-esta-dando-errado-para-a-energia-eolica-no-brasil\/\" title=\"Vento contra: o que est\u00e1 dando errado para a energia e\u00f3lica no Brasil\" class=\"item-title recirculation-link\" data-btn-name=\"Vento contra: o que est\u00e1 dando errado para a energia e\u00f3lica no Brasil\" data-posicao=\"outros\" data-click-url=\"https:\/\/investnews.com.br\/negocios\/vento-contra-o-que-esta-dando-errado-para-a-energia-eolica-no-brasil\/\">\n                        Vento contra: o que est\u00e1 dando errado para a energia e\u00f3lica no Brasil                    <\/a>\n                <\/li>\n                    <\/ul>\n    <\/div><\/section>\n\n\n\n<p>A conta de luz no Brasil \u00e9 composta por uma soma de custos fixos, tributos e encargos que, ao longo das \u00faltimas d\u00e9cadas, se empilharam uns sobre os outros. O resultado \u00e9 um sistema distorcido e caro, em que a energia propriamente dita \u2014 o quilowatt-hora que sai da tomada \u2014 responde por <strong>apenas 30% da fatura<\/strong>. Os outros 70% correspondem \u00e0 manuten\u00e7\u00e3o e expans\u00e3o da rede, aos encargos setoriais e aos impostos.<\/p>\n\n\n\n<p>A l\u00f3gica de forma\u00e7\u00e3o dessa conta revela uma engrenagem que se retroalimenta. Cada tentativa de consertar uma distor\u00e7\u00e3o gera outra.<\/p>\n\n\n\n<h2 class=\"wp-block-heading\">A origem da rigidez <\/h2>\n\n\n\n<p>A primeira pe\u00e7a dessa engrenagem est\u00e1 no custo da gera\u00e7\u00e3o \u2014 o cora\u00e7\u00e3o do sistema el\u00e9trico. No Brasil, o grosso da gera\u00e7\u00e3o \u00e9 regida por contratos de longo prazo, firmados com base em regras criadas h\u00e1 mais de duas d\u00e9cadas.<\/p>\n\n\n\n<p>O formato atual nasceu da tentativa de evitar outro trauma como o apag\u00e3o de 2001, quando a escassez de chuvas e a falta de planejamento levaram \u00e0 necessidade de um racionamento nacional. A resposta do governo veio em 2004, com o chamado \u201cnovo modelo do setor el\u00e9trico\u201d, estruturado para garantir que nunca mais faltasse luz. <\/p>\n\n\n\n<figure class=\"wp-block-embed is-type-video is-provider-youtube wp-block-embed-youtube wp-embed-aspect-16-9 wp-has-aspect-ratio\"><div class=\"wp-block-embed__wrapper\">\n<iframe loading=\"lazy\" title=\"Sobra energia no Brasil, mas a conta de luz n\u00e3o cai. Por qu\u00ea?\" width=\"500\" height=\"281\" src=\"https:\/\/www.youtube.com\/embed\/s-y9G0DzueU?feature=oembed\" frameborder=\"0\" allow=\"accelerometer; autoplay; clipboard-write; encrypted-media; gyroscope; picture-in-picture; web-share\" referrerpolicy=\"strict-origin-when-cross-origin\" allowfullscreen><\/iframe>\n<\/div><\/figure>\n\n\n\n<p>A ideia era obrigar as distribuidoras a comprar, com anteced\u00eancia, 100% da energia que estimam precisar para atender seus clientes. Essa compra \u00e9 feita em leil\u00f5es de longo prazo, com contratos de 15 a 30 anos, quase sempre reajustados pela infla\u00e7\u00e3o (<a href=\"https:\/\/investnews.com.br\/guias\/o-que-e-ipca\/\">IPCA<\/a> ou <a href=\"https:\/\/investnews.com.br\/guias\/igp-m\/\">IGP-M<\/a>).<\/p>\n\n\n\n<p>O sistema cumpriu seu objetivo: desde ent\u00e3o, o pa\u00eds n\u00e3o viveu mais apag\u00f5es por falta de energia. Mas a seguran\u00e7a teve um pre\u00e7o. Quando os contratos s\u00e3o longos e indexados, as tarifas sobem automaticamente, mesmo que o custo de gera\u00e7\u00e3o caia.<\/p>\n\n\n\n<p>E o custo efetivamente caiu, sobretudo com a revolu\u00e7\u00e3o das fontes e\u00f3lica e solar.<\/p>\n\n\n\n<p>Esse tipo de distor\u00e7\u00e3o se repete em outros pontos. Parte da energia brasileira \u00e9 comprada de Itaipu, cujos contratos s\u00e3o dolarizados, o que torna o custo vulner\u00e1vel \u00e0s flutua\u00e7\u00f5es cambiais. Outras parcelas v\u00eam de &#8220;t\u00e9rmicas inflex\u00edveis&#8221;, usinas que s\u00e3o obrigadas a operar independentemente da necessidade do sistema, muitas delas contratadas por for\u00e7a de lei.<\/p>\n\n\n\n<p>O caso mais not\u00f3rio \u00e9 o da Lei 14.182\/21, aprovada junto com a privatiza\u00e7\u00e3o da Eletrobras. Ela determinou a contrata\u00e7\u00e3o de 8 gigawatts de t\u00e9rmicas a g\u00e1s natural, com funcionamento m\u00ednimo de 70% do tempo, inclusive em regi\u00f5es sem gasodutos. O custo total estimado \u00e9 de <strong>R$ 5 bilh\u00f5es por ano, durante quinze anos<\/strong>.<\/p>\n\n\n\n<figure class=\"wp-block-embed is-type-video is-provider-youtube wp-block-embed-youtube wp-embed-aspect-16-9 wp-has-aspect-ratio\"><div class=\"wp-block-embed__wrapper\">\n<iframe loading=\"lazy\" title=\"Energia Solar: como uma solu\u00e7\u00e3o sustent\u00e1vel virou um problema para o setor el\u00e9trico?\" width=\"500\" height=\"281\" src=\"https:\/\/www.youtube.com\/embed\/4jNUZ6sFGhM?feature=oembed\" frameborder=\"0\" allow=\"accelerometer; autoplay; clipboard-write; encrypted-media; gyroscope; picture-in-picture; web-share\" referrerpolicy=\"strict-origin-when-cross-origin\" allowfullscreen><\/iframe>\n<\/div><\/figure>\n\n\n\n<h2 class=\"wp-block-heading\">Tudo por um fio<\/h2>\n\n\n\n<p>Se a gera\u00e7\u00e3o explica por que o pre\u00e7o n\u00e3o cai, o fio \u2014 o custo de levar a energia at\u00e9 o consumidor \u2014 mostra por que ele quase sempre sobe.<\/p>\n\n\n\n<p>Nos \u00faltimos anos, a expans\u00e3o das fontes renov\u00e1veis ajudou a aumentar essa conta. O Nordeste, cheio de vento e sol, gera muito mais energia do que consome, enquanto o Sudeste concentra a demanda. At\u00e9 a\u00ed, tudo certo. Mas a estrutura da rede n\u00e3o estava pronta para lidar com isso.<\/p>\n\n\n\n<figure class=\"wp-block-embed is-type-video is-provider-youtube wp-block-embed-youtube wp-embed-aspect-16-9 wp-has-aspect-ratio\"><div class=\"wp-block-embed__wrapper\">\n<iframe loading=\"lazy\" title=\"Como um apag\u00e3o estragou os planos da energia e\u00f3lica no Brasil\" width=\"500\" height=\"281\" src=\"https:\/\/www.youtube.com\/embed\/bQ7P_nR9cSQ?feature=oembed\" frameborder=\"0\" allow=\"accelerometer; autoplay; clipboard-write; encrypted-media; gyroscope; picture-in-picture; web-share\" referrerpolicy=\"strict-origin-when-cross-origin\" allowfullscreen><\/iframe>\n<\/div><\/figure>\n\n\n\n<p>E ainda n\u00e3o est\u00e1. Em v\u00e1rios momentos, o Operador Nacional do Sistema (ONS) <strong>precisa desligar parques e\u00f3licos e solares <\/strong>porque as linhas est\u00e3o saturadas. \u00c9 o chamado <em>curtailment<\/em> \u2014 um desperd\u00edcio literal de energia limpa. Ou seja, o pa\u00eds ainda precisa investir muito para ampliar a rede de transmiss\u00e3o. A estimativa \u00e9 que os novos projetos <a href=\"https:\/\/eixos.com.br\/energia-eletrica\/epe-recomenda-r-347-bilhoes-de-investimentos-em-expansao-da-transmissao\/\" target=\"_blank\" rel=\"noopener\">exijam R$ 34,7 bilh\u00f5es nos pr\u00f3ximos anos<\/a>.<\/p>\n\n\n\n<p>A distribui\u00e7\u00e3o, por sua vez, \u00e9 o elo final e mais delicado dessa cadeia. \u00c9 ela que transforma a alta tens\u00e3o das torres em energia dom\u00e9stica e faz a manuten\u00e7\u00e3o da rede que cruza ruas e avenidas. E \u00e9 tamb\u00e9m onde aparecem duas distor\u00e7\u00f5es t\u00edpicas do Brasil. As chamadas &#8220;perdas n\u00e3o t\u00e9cnicas&#8221; \u2014 furto de energia e inadimpl\u00eancia \u2014 <a href=\"https:\/\/www.gov.br\/aneel\/pt-br\/assuntos\/noticias\/2025\/relatorio-traz-niveis-de-perdas-tecnicas-e-nao-tecnicas-em-2024-no-sistema-de-distribuicao-de-energia\" target=\"_blank\" rel=\"noopener\">somaram R$ 10,3 bilh\u00f5es em 2024<\/a>, um custo adicional rateado entre os consumidores adimplentes. <\/p>\n\n\n\n<p>Em outras palavras, parte do que cada brasileiro paga na conta serve para cobrir a massa que n\u00e3o paga.<\/p>\n\n\n\n<h2 class=\"wp-block-heading\">O balaio dos encargos<\/h2>\n\n\n\n<p>Se a gera\u00e7\u00e3o explica a rigidez dos pre\u00e7os e o fio revela os custos invis\u00edveis da infraestrutura, \u00e9 nos encargos setoriais que se encontra o motor do encarecimento da energia. Nenhum outro componente da conta cresceu tanto, nem se tornou t\u00e3o confuso, quanto a Conta de Desenvolvimento Energ\u00e9tico (CDE) \u2014 o fundo criado para universalizar o acesso \u00e0 energia.<\/p>\n\n\n\n<p>A CDE nasceu em 2002, ap\u00f3s o trauma do apag\u00e3o. A ideia original era financiar pol\u00edticas p\u00fablicas como a Tarifa Social de Energia El\u00e9trica, que d\u00e1 descontos na conta de luz para fam\u00edlias de baixa renda. Mas a CDE acabou se tornando uma caixa de Pandora: um reposit\u00f3rio de encargos, subs\u00eddios e programas que se acumulam.<\/p>\n\n\n\n<p>Os n\u00fameros contam a hist\u00f3ria. Em 2018, o or\u00e7amento da Conta de Desenvolvimento Energ\u00e9tico era de R$ 18,7 bilh\u00f5es. Em 2023, j\u00e1 passava dos R$ 40 bilh\u00f5es, e a previs\u00e3o para 2025 chega a <strong>R$ 49,2 bilh\u00f5es<\/strong>.<\/p>\n\n\n\n<p>Hoje, a CDE sozinha representa cerca de 15% da conta de luz \u2014 e, mais grave, cresceu em propor\u00e7\u00e3o muito superior ao consumo de energia no pa\u00eds. \u00c9 que dentro da CDE, convivem programas de interesse leg\u00edtimo, como a Tarifa Social, e uma lista cada vez mais longa de subs\u00eddios econ\u00f4micos e regionais discut\u00edveis.<\/p>\n\n\n\n<p>O mais antigo \u00e9 o do carv\u00e3o mineral, criado em 1973, durante o governo M\u00e9dici, para preservar empregos nas minas de Santa Catarina e do Rio Grande do Sul. O benef\u00edcio deveria ter acabado em 1998, mas foi prorrogado repetidas vezes. Em 2024, custou R$ 1,22 bilh\u00e3o. E nesta quinta-feira (30), o Congresso aprovou a MP que <a href=\"https:\/\/oglobo.globo.com\/economia\/noticia\/2025\/10\/28\/relatorio-de-mp-do-setor-eletrico-resgata-beneficios-para-usinas-a-gas-e-carvao-que-impactam-a-conta-de-luz.ghtml\" target=\"_blank\" rel=\"noopener\">extende a ajuda at\u00e9 2040<\/a>. O texto segue para a san\u00e7\u00e3o presidencial.<\/p>\n\n\n\n<figure class=\"wp-block-image size-large\"><img loading=\"lazy\" decoding=\"async\" width=\"1024\" height=\"576\" src=\"https:\/\/media.investnews.com.br\/uploads\/2024\/09\/ENERGIA-SOLAR-1024x576.webp\" alt=\"pain\u00e9is de energia solar\" class=\"wp-image-616080\" srcset=\"https:\/\/media.investnews.com.br\/uploads\/2024\/09\/ENERGIA-SOLAR-1024x576.webp 1024w, https:\/\/media.investnews.com.br\/uploads\/2024\/09\/ENERGIA-SOLAR-300x169.webp 300w, https:\/\/media.investnews.com.br\/uploads\/2024\/09\/ENERGIA-SOLAR-768x432.webp 768w, https:\/\/media.investnews.com.br\/uploads\/2024\/09\/ENERGIA-SOLAR-1536x864.webp 1536w, https:\/\/media.investnews.com.br\/uploads\/2024\/09\/ENERGIA-SOLAR-1256x707.webp 1256w, https:\/\/media.investnews.com.br\/uploads\/2024\/09\/ENERGIA-SOLAR-172x97.webp 172w, https:\/\/media.investnews.com.br\/uploads\/2024\/09\/ENERGIA-SOLAR-150x84.webp 150w, https:\/\/media.investnews.com.br\/uploads\/2024\/09\/ENERGIA-SOLAR.webp 1920w\" sizes=\"auto, (max-width: 1024px) 100vw, 1024px\" \/><\/figure>\n\n\n\n<p>Um dos benef\u00edcios mais pesados, no entanto, \u00e9 dado aos pain\u00e9is solares instalados sobre os tetos e lajes residenciais. Eles representam 97% da chamada mini e microgera\u00e7\u00e3o distribu\u00edda (GD). <\/p>\n\n\n\n<p>Criada em 2012, a GD permitiu que consumidores com pain\u00e9is solares compensassem na conta a energia que injetassem na rede, sem pagar pelos custos de transmiss\u00e3o e distribui\u00e7\u00e3o. Era um est\u00edmulo necess\u00e1rio para difundir a tecnologia, ainda era cara e restrita. <\/p>\n\n\n\n<p>Mas a manuten\u00e7\u00e3o do benef\u00edcio por mais de uma d\u00e9cada, mesmo depois da queda dr\u00e1stica no custo dos pain\u00e9is solares, <a href=\"https:\/\/investnews.com.br\/negocios\/a-conta-da-luz-do-sol-como-o-boom-dos-paineis-solares-virou-um-problema-para-o-sistema-eletrico\/\">transformou o incentivo em privil\u00e9gio<\/a>: quem tem menos recursos e consome pouca energia acaba subsidiando quem consome mais e pode investir em autogera\u00e7\u00e3o.<\/p>\n\n\n\n<p>Em 2022, o Congresso aprovou um regime de transi\u00e7\u00e3o para reduzir, aos poucos, os benef\u00edcios da GD. Mas bem aos poucos: quem instalou paineis solares at\u00e9 janeiro de 2023 tem o direito de usar a rede sem pagar pelo fio na conta de luz at\u00e9 2045. Sistemas instalados depois disso v\u00e3o pagando uma tarifa do fio que cresce aos poucos, chegando aos 100% s\u00f3 2029.<\/p>\n\n\n<section class=\"recirculation-area\">\n    <div class=\"container\">\n                <p class=\"title\">Leia tamb\u00e9m: <\/p>\n     \n            <ul class=\"recirculation-list\" data-tracking-position=\"outros\">\n                            <li class=\"list-item\">\n                    <a href=\"https:\/\/investnews.com.br\/negocios\/investimento-de-us-500-milhoes-veja-por-que-a-supercana-de-eike-batista-nao-para-em-pe\/\" title=\"Por que a &#8216;supercana&#8217; de Eike Batista n\u00e3o para em p\u00e9\" class=\"item-title recirculation-link\" data-btn-name=\"Por que a &#8216;supercana&#8217; de Eike Batista n\u00e3o para em p\u00e9\" data-posicao=\"outros\" data-click-url=\"https:\/\/investnews.com.br\/negocios\/investimento-de-us-500-milhoes-veja-por-que-a-supercana-de-eike-batista-nao-para-em-pe\/\">\n                        Por que a &#8216;supercana&#8217; de Eike Batista n\u00e3o para em p\u00e9                    <\/a>\n                <\/li>\n                            <li class=\"list-item\">\n                    <a href=\"https:\/\/investnews.com.br\/negocios\/o-plano-da-n5x-para-transformar-energia-eletrica-em-ativo-financeiro-e-virar-a-uma-bolsa-ate-2027\/\" title=\"O plano da N5X para transformar energia el\u00e9trica em ativo financeiro e virar uma bolsa at\u00e9 2027\" class=\"item-title recirculation-link\" data-btn-name=\"O plano da N5X para transformar energia el\u00e9trica em ativo financeiro e virar uma bolsa at\u00e9 2027\" data-posicao=\"outros\" data-click-url=\"https:\/\/investnews.com.br\/negocios\/o-plano-da-n5x-para-transformar-energia-eletrica-em-ativo-financeiro-e-virar-a-uma-bolsa-ate-2027\/\">\n                        O plano da N5X para transformar energia el\u00e9trica em ativo financeiro e virar uma bolsa at\u00e9 2027                    <\/a>\n                <\/li>\n                    <\/ul>\n    <\/div><\/section>\n\n\n\n<p>O resultado tem sido uma corrida, que multiplicou o peso financeiro da iniciativa. Em 2020, o subs\u00eddio para os pain\u00e9is solares custou R$ 448 milh\u00f5es. Neste 2025, at\u00e9 o fim de outubro, j\u00e1 est\u00e1 em <strong>R$ 11,8 bilh\u00f5es<\/strong>.<\/p>\n\n\n\n<p>Algo semelhante ocorre com as chamadas fontes incentivadas \u2014 usinas e\u00f3licas, solares, de biomassa e pequenas centrais hidrel\u00e9tricas (PCHs). Elas receberam descontos de at\u00e9 100% nas tarifas de uso da rede para atrair investimento privado. A pol\u00edtica funcionou: hoje, 93% da eletricidade brasileira vem de de fontes renov\u00e1veis. <\/p>\n\n\n\n<p>Mas o benef\u00edcio nunca foi retirado. E o peso do subs\u00eddio escalou: de R$ 4,8 bilh\u00f5es em 2020 para<strong> R$ 11,9 bilh\u00f5es <\/strong>nos primeiros dez meses de 2025. Se n\u00e3o houver mudan\u00e7as, os subs\u00eddios \u00e0 gera\u00e7\u00e3o distribu\u00edda ser\u00e3o pagos pelo consumidor<strong> at\u00e9 2045<\/strong>; os subs\u00eddios das fontes incentivadas, a<strong>t\u00e9 2047<\/strong>.<\/p>\n\n\n\n<figure class=\"wp-block-image size-large\"><img loading=\"lazy\" decoding=\"async\" width=\"1024\" height=\"683\" src=\"https:\/\/media.investnews.com.br\/uploads\/2024\/04\/AdobeStock_244818164-1024x683.webp\" alt=\"Postes de energia el\u00e9trica um do lado do outro, sob o c\u00e9u azul\" class=\"wp-image-572751\" srcset=\"https:\/\/media.investnews.com.br\/uploads\/2024\/04\/AdobeStock_244818164-1024x683.webp 1024w, https:\/\/media.investnews.com.br\/uploads\/2024\/04\/AdobeStock_244818164-300x200.webp 300w, https:\/\/media.investnews.com.br\/uploads\/2024\/04\/AdobeStock_244818164-768x512.webp 768w, https:\/\/media.investnews.com.br\/uploads\/2024\/04\/AdobeStock_244818164-1536x1025.webp 1536w, https:\/\/media.investnews.com.br\/uploads\/2024\/04\/AdobeStock_244818164-1256x838.webp 1256w, https:\/\/media.investnews.com.br\/uploads\/2024\/04\/AdobeStock_244818164-172x115.webp 172w, https:\/\/media.investnews.com.br\/uploads\/2024\/04\/AdobeStock_244818164-150x100.webp 150w, https:\/\/media.investnews.com.br\/uploads\/2024\/04\/AdobeStock_244818164.webp 1920w\" sizes=\"auto, (max-width: 1024px) 100vw, 1024px\" \/><figcaption class=\"wp-element-caption\">Foto: Adobe Stock Photo<\/figcaption><\/figure>\n\n\n\n<p>Para agravar o quadro, h\u00e1 uma distor\u00e7\u00e3o adicional. Os impostos representam, em m\u00e9dia, 18% do valor da conta de luz. Como os encargos integram a base de c\u00e1lculo dos tributos estaduais e federais, o consumidor tamb\u00e9m paga<strong> impostos sobre os subs\u00eddios<\/strong> que banca.<\/p>\n\n\n\n<p>Segundo uma estimativa da Abrace Energia, associa\u00e7\u00e3o que re\u00fane grandes empresas consumidoras, <a href=\"https:\/\/megawhat.uol.com.br\/economia-e-politica\/empresas\/ineficiencias-do-setor-de-energia-chegam-a-r-60-bilhoes-na-conta-de-luz-em-2025\/\" target=\"_blank\" rel=\"noopener\">R$ 21 bilh\u00f5es da arrecada\u00e7\u00e3o de ICMS e PIS\/Cofins<\/a> em 2025 vir\u00e3o de tributos cobrados sobre esse tipo de encargo.<\/p>\n\n\n\n<p>Em suma, \u00e9 como se cada linha da conta de luz retratasse um v\u00edcio da hist\u00f3ria econ\u00f4mica nacional.<\/p>\n\n\n\n<p>*<em>Colaborou Felipe Mendes<\/em><\/p>\n","protected":false},"excerpt":{"rendered":"<p>Mesmo com gera\u00e7\u00e3o recorde de energia, o brasileiro continua pagando caro. Entenda como contratos antigos, subs\u00eddios e inefici\u00eancias do sistema travam a queda nas tarifas<\/p>\n","protected":false},"author":104,"featured_media":614915,"comment_status":"closed","ping_status":"closed","sticky":false,"template":"post-template-special.php","format":"standard","meta":{"_acf_changed":false,"inline_featured_image":false,"footnotes":""},"categories":[5],"tags":[155,499,103132],"autor-wsj":[],"coauthors":[102045],"class_list":["post-728479","post","type-post","status-publish","format-standard","has-post-thumbnail","hentry","category-economia","tag-brasil","tag-economia","tag-energia-eletrica"],"acf":[],"amp_enabled":true,"_links":{"self":[{"href":"https:\/\/investnews.com.br\/inv-api\/wp\/v2\/posts\/728479","targetHints":{"allow":["GET"]}}],"collection":[{"href":"https:\/\/investnews.com.br\/inv-api\/wp\/v2\/posts"}],"about":[{"href":"https:\/\/investnews.com.br\/inv-api\/wp\/v2\/types\/post"}],"author":[{"embeddable":true,"href":"https:\/\/investnews.com.br\/inv-api\/wp\/v2\/users\/104"}],"replies":[{"embeddable":true,"href":"https:\/\/investnews.com.br\/inv-api\/wp\/v2\/comments?post=728479"}],"version-history":[{"count":46,"href":"https:\/\/investnews.com.br\/inv-api\/wp\/v2\/posts\/728479\/revisions"}],"predecessor-version":[{"id":743462,"href":"https:\/\/investnews.com.br\/inv-api\/wp\/v2\/posts\/728479\/revisions\/743462"}],"wp:featuredmedia":[{"embeddable":true,"href":"https:\/\/investnews.com.br\/inv-api\/wp\/v2\/media\/614915"}],"wp:attachment":[{"href":"https:\/\/investnews.com.br\/inv-api\/wp\/v2\/media?parent=728479"}],"wp:term":[{"taxonomy":"category","embeddable":true,"href":"https:\/\/investnews.com.br\/inv-api\/wp\/v2\/categories?post=728479"},{"taxonomy":"post_tag","embeddable":true,"href":"https:\/\/investnews.com.br\/inv-api\/wp\/v2\/tags?post=728479"},{"taxonomy":"autor-wsj","embeddable":true,"href":"https:\/\/investnews.com.br\/inv-api\/wp\/v2\/autor-wsj?post=728479"},{"taxonomy":"author","embeddable":true,"href":"https:\/\/investnews.com.br\/inv-api\/wp\/v2\/coauthors?post=728479"}],"curies":[{"name":"wp","href":"https:\/\/api.w.org\/{rel}","templated":true}]}}