{"id":728582,"date":"2025-10-26T07:49:29","date_gmt":"2025-10-26T10:49:29","guid":{"rendered":"https:\/\/investnews.com.br\/?p=728582"},"modified":"2025-10-26T09:06:39","modified_gmt":"2025-10-26T12:06:39","slug":"em-reuniao-de-45-minutos-lula-e-trump-ensaiam-fim-da-disputa-tarifaria","status":"publish","type":"post","link":"https:\/\/investnews.com.br\/economia\/em-reuniao-de-45-minutos-lula-e-trump-ensaiam-fim-da-disputa-tarifaria\/","title":{"rendered":"Em reuni\u00e3o de 45 minutos, Lula e Trump ensaiam fim da disputa tarif\u00e1ria"},"content":{"rendered":"\n<p>Brasil e Estados Unidos iniciaram neste domingo (26) um processo de negocia\u00e7\u00e3o para tentar encerrar as tarifas comerciais impostas por Washington a produtos brasileiros. O encontro entre o presidente Luiz In\u00e1cio Lula da Silva e o presidente norte-americano, Donald Trump, ocorreu em Kuala Lumpur, durante a c\u00fapula da Associa\u00e7\u00e3o das Na\u00e7\u00f5es do Sudeste Asi\u00e1tico (Asean), e marcou a primeira reuni\u00e3o oficial entre os dois desde o in\u00edcio da atual crise diplom\u00e1tica.<\/p>\n\n\n\n<p>Segundo o chanceler Mauro Vieira, a conversa, que durou cerca de 45 minutos, foi \u201cmuito positiva e produtiva\u201d. Lula pediu que as tarifas sejam suspensas durante as negocia\u00e7\u00f5es, enquanto Trump afirmou acreditar que os dois pa\u00edses poder\u00e3o chegar a \u201cbons acordos\u201d em breve.<\/p>\n\n\n<section class=\"recirculation-area\">\n    <div class=\"container\">\n                <p class=\"title\">Leia tamb\u00e9m: <\/p>\n     \n            <ul class=\"recirculation-list\" data-tracking-position=\"outros\">\n                            <li class=\"list-item\">\n                    <a \n                        href=\"https:\/\/investnews.com.br\/economia\/a-america-latina-esta-presa-no-meio-da-guerra-comercial-de-trump-com-a-china\/\" \n                        title=\"A Am\u00e9rica Latina est\u00e1 presa no meio da guerra comercial de Trump com a China\" \n                        class=\"item-title recirculation-link\"\n                        data-btn-name=\"A Am\u00e9rica Latina est\u00e1 presa no meio da guerra comercial de Trump com a China\"\n                        data-posicao=\"outros\"\n                        data-click-url=\"https:\/\/investnews.com.br\/economia\/a-america-latina-esta-presa-no-meio-da-guerra-comercial-de-trump-com-a-china\/\"\n                    >\n                        A Am\u00e9rica Latina est\u00e1 presa no meio da guerra comercial de Trump com a China                    <\/a>\n                <\/li>\n                            <li class=\"list-item\">\n                    <a \n                        href=\"https:\/\/investnews.com.br\/the-wall-street-journal\/argentina-crise\/\" \n                        title=\"A Argentina est\u00e1 perdendo a f\u00e9 no choque liberal de Milei\" \n                        class=\"item-title recirculation-link\"\n                        data-btn-name=\"A Argentina est\u00e1 perdendo a f\u00e9 no choque liberal de Milei\"\n                        data-posicao=\"outros\"\n                        data-click-url=\"https:\/\/investnews.com.br\/the-wall-street-journal\/argentina-crise\/\"\n                    >\n                        A Argentina est\u00e1 perdendo a f\u00e9 no choque liberal de Milei                    <\/a>\n                <\/li>\n                            <li class=\"list-item\">\n                    <a \n                        href=\"https:\/\/investnews.com.br\/economia\/apos-g20-lula-e-xi-jinping-estreitam-lacos-entre-brasil-e-china\/\" \n                        title=\"Ap\u00f3s G20, Lula e Xi Jinping estreitam la\u00e7os entre Brasil e China\" \n                        class=\"item-title recirculation-link\"\n                        data-btn-name=\"Ap\u00f3s G20, Lula e Xi Jinping estreitam la\u00e7os entre Brasil e China\"\n                        data-posicao=\"outros\"\n                        data-click-url=\"https:\/\/investnews.com.br\/economia\/apos-g20-lula-e-xi-jinping-estreitam-lacos-entre-brasil-e-china\/\"\n                    >\n                        Ap\u00f3s G20, Lula e Xi Jinping estreitam la\u00e7os entre Brasil e China                    <\/a>\n                <\/li>\n                    <\/ul>\n    <\/div><\/section>\n\n\n\n<p>Lula pubicou sobre o encontro com Trump em suas redes socias. &#8220;Tive uma \u00f3tima reuni\u00e3o com o presidente Trump na tarde deste domingo, na Mal\u00e1sia. Discutimos de forma franca e construtiva a agenda comercial e econ\u00f4mica bilateral. Acertamos que nossas equipes v\u00e3o se reunir imediatamente para avan\u00e7ar na busca de solu\u00e7\u00f5es para as tarifas e as san\u00e7\u00f5es contra as autoridades brasileiras&#8221;, escreveu.<\/p>\n\n\n\n<p>O l\u00edder norte-americano disse que os secret\u00e1rios do Tesouro, Scott Bessent, e o representante comercial dos Estados Unidos, Jamieson Greer, conduzir\u00e3o as tratativas com o Brasil e previu uma \u201cconclus\u00e3o r\u00e1pida\u201d das discuss\u00f5es. J\u00e1 Lula declarou estar otimista e afirmou que n\u00e3o h\u00e1 \u201craz\u00e3o para qualquer desaven\u00e7a\u201d entre os dois pa\u00edses.<\/p>\n\n\n\n<figure class=\"wp-block-image size-large\"><img loading=\"lazy\" decoding=\"async\" width=\"1024\" height=\"683\" src=\"https:\/\/media.investnews.com.br\/uploads\/2025\/10\/2025-10-26T095120Z_1_LYNXMPEL9P06N_RTROPTP_4_POLITICA-LULA-TRUMP-VIEIRA_50-1024x683.webp\" alt=\"Lula e Trump em reuni\u00e3o\" class=\"wp-image-728585\" srcset=\"https:\/\/media.investnews.com.br\/uploads\/2025\/10\/2025-10-26T095120Z_1_LYNXMPEL9P06N_RTROPTP_4_POLITICA-LULA-TRUMP-VIEIRA_50-1024x683.webp 1024w, https:\/\/media.investnews.com.br\/uploads\/2025\/10\/2025-10-26T095120Z_1_LYNXMPEL9P06N_RTROPTP_4_POLITICA-LULA-TRUMP-VIEIRA_50-300x200.webp 300w, https:\/\/media.investnews.com.br\/uploads\/2025\/10\/2025-10-26T095120Z_1_LYNXMPEL9P06N_RTROPTP_4_POLITICA-LULA-TRUMP-VIEIRA_50-768x512.webp 768w, https:\/\/media.investnews.com.br\/uploads\/2025\/10\/2025-10-26T095120Z_1_LYNXMPEL9P06N_RTROPTP_4_POLITICA-LULA-TRUMP-VIEIRA_50-1536x1024.webp 1536w, https:\/\/media.investnews.com.br\/uploads\/2025\/10\/2025-10-26T095120Z_1_LYNXMPEL9P06N_RTROPTP_4_POLITICA-LULA-TRUMP-VIEIRA_50-2048x1366.webp 2048w, https:\/\/media.investnews.com.br\/uploads\/2025\/10\/2025-10-26T095120Z_1_LYNXMPEL9P06N_RTROPTP_4_POLITICA-LULA-TRUMP-VIEIRA_50-1256x838.webp 1256w, https:\/\/media.investnews.com.br\/uploads\/2025\/10\/2025-10-26T095120Z_1_LYNXMPEL9P06N_RTROPTP_4_POLITICA-LULA-TRUMP-VIEIRA_50-172x115.webp 172w, https:\/\/media.investnews.com.br\/uploads\/2025\/10\/2025-10-26T095120Z_1_LYNXMPEL9P06N_RTROPTP_4_POLITICA-LULA-TRUMP-VIEIRA_50-150x100.webp 150w\" sizes=\"auto, (max-width: 1024px) 100vw, 1024px\" \/><figcaption class=\"wp-element-caption\">Presidente Luiz In\u00e1cio Lula da Silva durante reuni\u00e3o com presidente dos EUA, Donald Trump, em Kuala Lumpur, na Mal\u00e1sia 26\/10\/2025 REUTERS\/Evelyn Hockstein<\/figcaption><\/figure>\n\n\n\n<p>O encontro simboliza a retomada de um di\u00e1logo de alto n\u00edvel ap\u00f3s meses de tens\u00e3o. As rela\u00e7\u00f5es haviam se deteriorado desde que Trump <a href=\"https:\/\/investnews.com.br\/economia\/trump-impoe-tarifa-de-50-contra-o-brasil-e-cita-bolsonaro\/\">imp\u00f4s tarifas de at\u00e9 50% sobre exporta\u00e7\u00f5es brasileiras<\/a> de caf\u00e9 e carne, al\u00e9m de san\u00e7\u00f5es e restri\u00e7\u00f5es de visto a autoridades. O gesto tamb\u00e9m vem depois de uma breve aproxima\u00e7\u00e3o entre os l\u00edderes na Assembleia Geral da ONU, em Nova York, que abriu caminho para a retomada das conversas.<\/p>\n\n\n\n<figure class=\"wp-block-embed is-type-video is-provider-youtube wp-block-embed-youtube wp-embed-aspect-16-9 wp-has-aspect-ratio\"><div class=\"wp-block-embed__wrapper\">\n<iframe loading=\"lazy\" title=\"O Brasil \u00e9 injusto com os EUA? Veja o que os n\u00fameros dizem sobre as tarifas de Trump\" width=\"500\" height=\"281\" src=\"https:\/\/www.youtube.com\/embed\/m3bPEo5rwag?feature=oembed\" frameborder=\"0\" allow=\"accelerometer; autoplay; clipboard-write; encrypted-media; gyroscope; picture-in-picture; web-share\" referrerpolicy=\"strict-origin-when-cross-origin\" allowfullscreen><\/iframe>\n<\/div><\/figure>\n\n\n\n<p>Nos bastidores, o governo brasileiro tenta aproveitar o momento para discutir n\u00e3o apenas as barreiras comerciais, mas tamb\u00e9m temas mais amplos, como regula\u00e7\u00e3o de redes sociais de empresas americanas, pol\u00edticas para o etanol e oportunidades ligadas a minerais cr\u00edticos \u2014 \u00e1rea em que o Brasil, que tem a segunda maior reserva de terras-raras do mundo, <a href=\"https:\/\/investnews.com.br\/negocios\/o-brasil-tem-as-terras-raras-que-eua-e-china-querem-a-disputa-e-pra-ver-quem-vai-levar-primeiro\/\">v\u00ea espa\u00e7o para estreitar parcerias estrat\u00e9gicas com os Estados Unidos<\/a>.<\/p>\n\n\n\n<p>Lula ainda se ofereceu para atuar como interlocutor nas rela\u00e7\u00f5es com a Venezuela. Nos \u00faltimos meses, os Estados Unidos derrubaram diversas embarca\u00e7\u00f5es que, segundo o governo americano, transportavam drogas a partir da Venezuela, o que gerou especula\u00e7\u00f5es de que o pa\u00eds possa estar se preparando para atacar o territ\u00f3rio venezuelano. Embora o Brasil tenha evitado qualquer envolvimento direto, Lula j\u00e1 havia dito a Trump, em uma liga\u00e7\u00e3o anterior, que um conflito militar na Am\u00e9rica do Sul seria devastador para a regi\u00e3o.<\/p>\n\n\n\n<p><em>*Com informa\u00e7\u00f5es de Reuters e Bloomberg<\/em><\/p>\n","protected":false},"excerpt":{"rendered":"<p>Durante o encontro na c\u00fapula da Asean, Lula pediu a suspens\u00e3o das tarifas e Trump acenou com \u201cbons neg\u00f3cios\u201d<\/p>\n","protected":false},"author":7,"featured_media":728623,"comment_status":"closed","ping_status":"closed","sticky":false,"template":"post-template-special.php","format":"standard","meta":{"_acf_changed":false,"inline_featured_image":false,"footnotes":""},"categories":[5],"tags":[79,78,2370],"autor-wsj":[],"coauthors":[1494],"class_list":["post-728582","post","type-post","status-publish","format-standard","has-post-thumbnail","hentry","category-economia","tag-donald-trump","tag-estados-unidos","tag-luiz-inacio-lula-da-silva"],"acf":[],"amp_enabled":true,"_links":{"self":[{"href":"https:\/\/investnews.com.br\/inv-api\/wp\/v2\/posts\/728582","targetHints":{"allow":["GET"]}}],"collection":[{"href":"https:\/\/investnews.com.br\/inv-api\/wp\/v2\/posts"}],"about":[{"href":"https:\/\/investnews.com.br\/inv-api\/wp\/v2\/types\/post"}],"author":[{"embeddable":true,"href":"https:\/\/investnews.com.br\/inv-api\/wp\/v2\/users\/7"}],"replies":[{"embeddable":true,"href":"https:\/\/investnews.com.br\/inv-api\/wp\/v2\/comments?post=728582"}],"version-history":[{"count":10,"href":"https:\/\/investnews.com.br\/inv-api\/wp\/v2\/posts\/728582\/revisions"}],"predecessor-version":[{"id":728624,"href":"https:\/\/investnews.com.br\/inv-api\/wp\/v2\/posts\/728582\/revisions\/728624"}],"wp:featuredmedia":[{"embeddable":true,"href":"https:\/\/investnews.com.br\/inv-api\/wp\/v2\/media\/728623"}],"wp:attachment":[{"href":"https:\/\/investnews.com.br\/inv-api\/wp\/v2\/media?parent=728582"}],"wp:term":[{"taxonomy":"category","embeddable":true,"href":"https:\/\/investnews.com.br\/inv-api\/wp\/v2\/categories?post=728582"},{"taxonomy":"post_tag","embeddable":true,"href":"https:\/\/investnews.com.br\/inv-api\/wp\/v2\/tags?post=728582"},{"taxonomy":"autor-wsj","embeddable":true,"href":"https:\/\/investnews.com.br\/inv-api\/wp\/v2\/autor-wsj?post=728582"},{"taxonomy":"author","embeddable":true,"href":"https:\/\/investnews.com.br\/inv-api\/wp\/v2\/coauthors?post=728582"}],"curies":[{"name":"wp","href":"https:\/\/api.w.org\/{rel}","templated":true}]}}