{"id":728599,"date":"2025-10-26T08:15:12","date_gmt":"2025-10-26T11:15:12","guid":{"rendered":"https:\/\/investnews.com.br\/?p=728599"},"modified":"2025-10-26T08:15:39","modified_gmt":"2025-10-26T11:15:39","slug":"embraer-calcula-impacto-de-us-80-milhoes-com-tarifas-dos-eua-e-alerta-para-risco-de-cancelamentos","status":"publish","type":"post","link":"https:\/\/investnews.com.br\/negocios\/embraer-calcula-impacto-de-us-80-milhoes-com-tarifas-dos-eua-e-alerta-para-risco-de-cancelamentos\/","title":{"rendered":"Embraer calcula impacto de US$ 80 milh\u00f5es com tarifas dos EUA e alerta para risco de cancelamentos"},"content":{"rendered":"\n<p>A Embraer alertou que pode enfrentar cancelamentos e atrasos de pedidos caso sejam mantidas as tarifas impostas pelos Estados Unidos sobre produtos brasileiros.<\/p>\n\n\n\n<p>\u201cPor enquanto, n\u00e3o temos nenhum problema de cancelamento, mas, no m\u00e9dio prazo, isso pode acontecer\u201d, afirmou o presidente-executivo Francisco Gomes Neto em entrevista \u00e0 Bloomberg Television neste domingo, durante a c\u00fapula da Associa\u00e7\u00e3o das Na\u00e7\u00f5es do Sudeste Asi\u00e1tico (Asean), na Mal\u00e1sia, onde o presidente Luiz In\u00e1cio Lula da Silva se reuniu com Donald Trump.<\/p>\n\n\n<section class=\"recirculation-area\">\n    <div class=\"container\">\n                <p class=\"title\">Leia tamb\u00e9m: <\/p>\n     \n            <ul class=\"recirculation-list\" data-tracking-position=\"outros\">\n                            <li class=\"list-item\">\n                    <a \n                        href=\"https:\/\/investnews.com.br\/investimentos\/embraer-mesmo-com-alta-de-40-no-ano-analistas-ainda-recomendam-compra-da-acao\/\" \n                        title=\"Embraer: mesmo com alta de 40% no ano, analistas ainda recomendam compra da a\u00e7\u00e3o\" \n                        class=\"item-title recirculation-link\"\n                        data-btn-name=\"Embraer: mesmo com alta de 40% no ano, analistas ainda recomendam compra da a\u00e7\u00e3o\"\n                        data-posicao=\"outros\"\n                        data-click-url=\"https:\/\/investnews.com.br\/investimentos\/embraer-mesmo-com-alta-de-40-no-ano-analistas-ainda-recomendam-compra-da-acao\/\"\n                    >\n                        Embraer: mesmo com alta de 40% no ano, analistas ainda recomendam compra da a\u00e7\u00e3o                    <\/a>\n                <\/li>\n                            <li class=\"list-item\">\n                    <a \n                        href=\"https:\/\/investnews.com.br\/negocios\/suecia-encomenda-4-aeronaves-c-390-e-dao-novo-impulso-a-embraer\/\" \n                        title=\"Su\u00e9cia encomenda 4 aeronaves C-390 e d\u00e1 novo impulso \u00e0 Embraer\" \n                        class=\"item-title recirculation-link\"\n                        data-btn-name=\"Su\u00e9cia encomenda 4 aeronaves C-390 e d\u00e1 novo impulso \u00e0 Embraer\"\n                        data-posicao=\"outros\"\n                        data-click-url=\"https:\/\/investnews.com.br\/negocios\/suecia-encomenda-4-aeronaves-c-390-e-dao-novo-impulso-a-embraer\/\"\n                    >\n                        Su\u00e9cia encomenda 4 aeronaves C-390 e d\u00e1 novo impulso \u00e0 Embraer                    <\/a>\n                <\/li>\n                    <\/ul>\n    <\/div><\/section>\n\n\n\n<p>Segundo Gomes Neto, a continuidade das tarifas seria ruim tamb\u00e9m para a ind\u00fastria americana. \u201cSe produzirmos menos avi\u00f5es, compraremos menos equipamentos dos Estados Unidos. \u00c9 por isso que o fim das tarifas \u00e9 importante.\u201d O executivo estimou que a medida poderia aumentar em at\u00e9 US$ 2 milh\u00f5es o custo de cada aeronave.<\/p>\n\n\n\n<p>A fabricante calcula um impacto tarif\u00e1rio de cerca de US$ 80 milh\u00f5es neste ano, valor equivalente ao lucro l\u00edquido do segundo trimestre. A empresa chegou a ter parte de seus produtos e pe\u00e7as isentos das sobretaxas impostas por Washington, mas ainda sente os efeitos das barreiras comerciais.<\/p>\n\n\n\n<p>Gomes Neto disse tamb\u00e9m que a companhia mant\u00e9m uma carteira de pedidos de US$ 31 bilh\u00f5es, o maior n\u00edvel em nove anos.<\/p>\n\n\n\n<p><a href=\"https:\/\/investnews.com.br\/economia\/em-reuniao-de-45-minutos-lula-e-trump-ensaiam-fim-da-disputa-tarifaria\/\">Neste domingo, os presidentes Lula e Donald Trump conversaram por 45 minutos<\/a>. Lula pediu a suspens\u00e3o das tarifas durante o processo de negocia\u00e7\u00e3o, enquanto o presidente norte-americano afirmou acreditar que os dois pa\u00edses poder\u00e3o chegar a \u201cbons acordos\u201d em breve.<\/p>\n\n\n\n<figure class=\"wp-block-embed is-type-video is-provider-youtube wp-block-embed-youtube wp-embed-aspect-16-9 wp-has-aspect-ratio\"><div class=\"wp-block-embed__wrapper\">\n<iframe loading=\"lazy\" title=\"Embraer: mesmo com alta de 40% no ano, ainda vale a pena comprar a\u00e7\u00f5es?\" width=\"500\" height=\"281\" src=\"https:\/\/www.youtube.com\/embed\/yQlV1_r1SqY?feature=oembed\" frameborder=\"0\" allow=\"accelerometer; autoplay; clipboard-write; encrypted-media; gyroscope; picture-in-picture; web-share\" referrerpolicy=\"strict-origin-when-cross-origin\" allowfullscreen><\/iframe>\n<\/div><\/figure>\n\n\n\n<p>Para a Embraer, o resultado dessas conversas pode ser decisivo. As tarifas elevam o custo dos avi\u00f5es brasileiros e afetam planos de investimento, como os US$ 500 milh\u00f5es previstos para uma nova linha de montagem nos Estados Unidos, que criaria cerca de 2,5 mil empregos caso o cargueiro militar KC-390 seja escolhido pelo governo americano. Outros US$ 500 milh\u00f5es est\u00e3o destinados \u00e0 expans\u00e3o das f\u00e1bricas no Brasil nos pr\u00f3ximos cinco anos.<\/p>\n\n\n\n<p>Apesar das incertezas, Gomes Neto afirmou que a empresa mant\u00e9m forte crescimento nos lucros e segue \u201ccom um plano robusto para o pr\u00f3ximo ano\u201d.<\/p>\n","protected":false},"excerpt":{"rendered":"<p>A fabricante teme atrasos e perda de pedidos se as cobran\u00e7as n\u00e3o forem suspensas. As tarifas impostas por Washington encarecem cada avi\u00e3o em at\u00e9 US$ 2 milh\u00f5es<\/p>\n","protected":false},"author":76,"featured_media":687812,"comment_status":"closed","ping_status":"closed","sticky":false,"template":"","format":"standard","meta":{"_acf_changed":false,"inline_featured_image":false,"footnotes":""},"categories":[6],"tags":[155,78],"autor-wsj":[],"coauthors":[101325],"class_list":["post-728599","post","type-post","status-publish","format-standard","has-post-thumbnail","hentry","category-negocios","tag-brasil","tag-estados-unidos"],"acf":[],"amp_enabled":true,"_links":{"self":[{"href":"https:\/\/investnews.com.br\/inv-api\/wp\/v2\/posts\/728599","targetHints":{"allow":["GET"]}}],"collection":[{"href":"https:\/\/investnews.com.br\/inv-api\/wp\/v2\/posts"}],"about":[{"href":"https:\/\/investnews.com.br\/inv-api\/wp\/v2\/types\/post"}],"author":[{"embeddable":true,"href":"https:\/\/investnews.com.br\/inv-api\/wp\/v2\/users\/76"}],"replies":[{"embeddable":true,"href":"https:\/\/investnews.com.br\/inv-api\/wp\/v2\/comments?post=728599"}],"version-history":[{"count":4,"href":"https:\/\/investnews.com.br\/inv-api\/wp\/v2\/posts\/728599\/revisions"}],"predecessor-version":[{"id":728603,"href":"https:\/\/investnews.com.br\/inv-api\/wp\/v2\/posts\/728599\/revisions\/728603"}],"wp:featuredmedia":[{"embeddable":true,"href":"https:\/\/investnews.com.br\/inv-api\/wp\/v2\/media\/687812"}],"wp:attachment":[{"href":"https:\/\/investnews.com.br\/inv-api\/wp\/v2\/media?parent=728599"}],"wp:term":[{"taxonomy":"category","embeddable":true,"href":"https:\/\/investnews.com.br\/inv-api\/wp\/v2\/categories?post=728599"},{"taxonomy":"post_tag","embeddable":true,"href":"https:\/\/investnews.com.br\/inv-api\/wp\/v2\/tags?post=728599"},{"taxonomy":"autor-wsj","embeddable":true,"href":"https:\/\/investnews.com.br\/inv-api\/wp\/v2\/autor-wsj?post=728599"},{"taxonomy":"author","embeddable":true,"href":"https:\/\/investnews.com.br\/inv-api\/wp\/v2\/coauthors?post=728599"}],"curies":[{"name":"wp","href":"https:\/\/api.w.org\/{rel}","templated":true}]}}