{"id":729144,"date":"2025-10-28T08:50:23","date_gmt":"2025-10-28T11:50:23","guid":{"rendered":"https:\/\/investnews.com.br\/?p=729144"},"modified":"2025-10-28T11:41:02","modified_gmt":"2025-10-28T14:41:02","slug":"amazon-cortara-empregos","status":"publish","type":"post","link":"https:\/\/investnews.com.br\/negocios\/amazon-cortara-empregos\/","title":{"rendered":"Amazon vai cortar 14 mil vagas, conforme o uso de IA reduz a necessidade de funcion\u00e1rios"},"content":{"rendered":"\n<p>A Amazon vai eliminar cerca de 14 mil empregos poucos meses ap\u00f3s o CEO Andy Jassy alertar que a IA reduzir\u00e1 a for\u00e7a de trabalho da empresa.<\/p>\n\n\n\n<p id=\"tw-target-text\">A redu\u00e7\u00e3o de pessoal marca a segunda rodada de cortes da Amazon em cerca de tr\u00eas anos.<\/p>\n\n\n\n<p id=\"tw-target-text\">Jassy sinalizou em junho que o n\u00famero de funcion\u00e1rios da companhia provavelmente diminuiria \u00e0 medida que a empresa aumentasse o uso de <a href=\"https:\/\/investnews.com.br\/guias\/inteligencia-artificial\/\">intelig\u00eancia artificial<\/a> para concluir tarefas normalmente realizadas por pessoas.<\/p>\n\n\n\n<p id=\"tw-target-text\">Esses coment\u00e1rios geraram p\u00e2nico entre os trabalhadores, que vasculharam salas de bate-papo an\u00f4nimas online em busca de informa\u00e7\u00f5es sobre poss\u00edveis cortes de empregos.<\/p>\n\n\n<section class=\"recirculation-area\">\n    <div class=\"container\">\n                <p class=\"title\">Leia mais<\/p>\n     \n            <ul class=\"recirculation-list\" data-tracking-position=\"Leia mais\">\n                            <li class=\"list-item\">\n                    <a \n                        href=\"https:\/\/investnews.com.br\/negocios\/amazon-ia-bolha\/\" \n                        title=\"Fundador da Amazon v\u00ea bolha da IA, mas aposta em legado para a sociedade\" \n                        class=\"item-title recirculation-link\"\n                        data-btn-name=\"Fundador da Amazon v\u00ea bolha da IA, mas aposta em legado para a sociedade\"\n                        data-posicao=\"Leia mais\"\n                        data-click-url=\"https:\/\/investnews.com.br\/negocios\/amazon-ia-bolha\/\"\n                    >\n                        Fundador da Amazon v\u00ea bolha da IA, mas aposta em legado para a sociedade                    <\/a>\n                <\/li>\n                            <li class=\"list-item\">\n                    <a \n                        href=\"https:\/\/investnews.com.br\/the-wall-street-journal\/acoes-da-amazon\/\" \n                        title=\"As a\u00e7\u00f5es da Amazon est\u00e3o sendo negociadas com desconto hist\u00f3rico. Seria a pechincha da d\u00e9cada?\" \n                        class=\"item-title recirculation-link\"\n                        data-btn-name=\"As a\u00e7\u00f5es da Amazon est\u00e3o sendo negociadas com desconto hist\u00f3rico. Seria a pechincha da d\u00e9cada?\"\n                        data-posicao=\"Leia mais\"\n                        data-click-url=\"https:\/\/investnews.com.br\/the-wall-street-journal\/acoes-da-amazon\/\"\n                    >\n                        As a\u00e7\u00f5es da Amazon est\u00e3o sendo negociadas com desconto hist\u00f3rico. Seria a pechincha da d\u00e9cada?                    <\/a>\n                <\/li>\n                            <li class=\"list-item\">\n                    <a \n                        href=\"https:\/\/investnews.com.br\/negocios\/amazon-openai\/\" \n                        title=\"Depois do DeepSeek, Amazon vai oferecer modelos de IA aberto\" \n                        class=\"item-title recirculation-link\"\n                        data-btn-name=\"Depois do DeepSeek, Amazon vai oferecer modelos de IA aberto\"\n                        data-posicao=\"Leia mais\"\n                        data-click-url=\"https:\/\/investnews.com.br\/negocios\/amazon-openai\/\"\n                    >\n                        Depois do DeepSeek, Amazon vai oferecer modelos de IA aberto                    <\/a>\n                <\/li>\n                    <\/ul>\n    <\/div><\/section>\n\n\n\n<h2 class=\"wp-block-heading\">N\u00e3o \u00e9 s\u00f3 a Amazon<\/h2>\n\n\n\n<p id=\"tw-target-text\">Em todos os setores, os l\u00edderes empresariais est\u00e3o explorando cada vez mais n\u00e3o apenas novos servi\u00e7os de IA, mas tamb\u00e9m maneiras pelas quais a tecnologia pode substituir fun\u00e7\u00f5es humanas.<\/p>\n\n\n\n<p id=\"tw-target-text\">Os cortes na Amazon abranger\u00e3o fun\u00e7\u00f5es que v\u00e3o de log\u00edstica e videogames \u00e0 unidade de computa\u00e7\u00e3o na nuvem, de acordo com pessoas familiarizadas com o assunto.<\/p>\n\n\n\n<p id=\"tw-target-text\">&#8220;As redu\u00e7\u00f5es que estamos compartilhando hoje s\u00e3o uma continua\u00e7\u00e3o deste trabalho para nos fortalecermos ainda mais, reduzindo ainda mais a burocracia, removendo camadas e transferindo recursos para garantir que estamos investindo em nossas maiores apostas&#8221;, disse Beth Galetti, vice-presidente s\u00eanior de experi\u00eancia de pessoas e tecnologia da Amazon, em uma publica\u00e7\u00e3o de blog na ter\u00e7a-feira.<\/p>\n\n\n\n<p id=\"tw-target-text\">&#8220;A empresa aumentar\u00e1 as contrata\u00e7\u00f5es em algumas \u00e1reas do neg\u00f3cio e o n\u00famero de 14 mil pessoas representa uma redu\u00e7\u00e3o geral da for\u00e7a de trabalho&#8217;, disse Galetti. A Reuters noticiou anteriormente que at\u00e9 <a href=\"https:\/\/investnews.com.br\/negocios\/amazon-demissao\/\" data-type=\"post\" data-id=\"729019\">30 mil pessoas perderiam seus empregos<\/a>.<\/p>\n\n\n\n<p id=\"tw-target-text\">Cortes dessa magnitude superariam as redu\u00e7\u00f5es cont\u00ednuas no final de 2022 e in\u00edcio de 2023, que acabaram afetando mais de 27 mil funcion\u00e1rios corporativos, enquanto a Jassy buscava reduzir custos ap\u00f3s o boom da pandemia. Desde ent\u00e3o, tem havido um fluxo constante de demiss\u00f5es mais modestas, visando equipes individuais.<\/p>\n\n\n\n<p id=\"tw-target-text\">A varejista online e provedora de computa\u00e7\u00e3o em nuvem, que empregava 1,55 milh\u00e3o de pessoas globalmente em 30 de junho, deve divulgar seus lucros trimestrais na quinta-feira (30). A gest\u00e3o de Jassy foi marcada por cortes de empregos e o encerramento de v\u00e1rios projetos.<\/p>\n\n\n\n<p id=\"tw-target-text\">O CEO enfatizou que uma parte maior do trabalho da empresa deveria ser automatizada e que ela continua inchada devido \u00e0 onda de contrata\u00e7\u00f5es da era da Covid, apesar dos cortes nos \u00faltimos tr\u00eas anos, de acordo com uma pessoa familiarizada com o assunto.<\/p>\n\n\n\n<p id=\"tw-target-text\">Sinais de aperto de gastos corporativos surgiram logo ap\u00f3s os coment\u00e1rios de Jassy em junho. A Amazon estabeleceu metas de rotatividade mais agressivas durante o ver\u00e3o e n\u00e3o preencheu cargos vagos em suas opera\u00e7\u00f5es corporativas de log\u00edstica e publicidade, de acordo com pessoas familiarizadas com o assunto.<\/p>\n","protected":false},"excerpt":{"rendered":"<p>Os cortes na Amazon abranger\u00e3o fun\u00e7\u00f5es que v\u00e3o de log\u00edstica e pagamentos \u00e0 computa\u00e7\u00e3o na nuvem<\/p>\n","protected":false},"author":76,"featured_media":572068,"comment_status":"closed","ping_status":"closed","sticky":false,"template":"","format":"standard","meta":{"_acf_changed":false,"inline_featured_image":false,"footnotes":""},"categories":[6,102727],"tags":[],"autor-wsj":[],"coauthors":[101325],"class_list":["post-729144","post","type-post","status-publish","format-standard","has-post-thumbnail","hentry","category-negocios","category-carreira"],"acf":[],"amp_enabled":true,"_links":{"self":[{"href":"https:\/\/investnews.com.br\/inv-api\/wp\/v2\/posts\/729144","targetHints":{"allow":["GET"]}}],"collection":[{"href":"https:\/\/investnews.com.br\/inv-api\/wp\/v2\/posts"}],"about":[{"href":"https:\/\/investnews.com.br\/inv-api\/wp\/v2\/types\/post"}],"author":[{"embeddable":true,"href":"https:\/\/investnews.com.br\/inv-api\/wp\/v2\/users\/76"}],"replies":[{"embeddable":true,"href":"https:\/\/investnews.com.br\/inv-api\/wp\/v2\/comments?post=729144"}],"version-history":[{"count":6,"href":"https:\/\/investnews.com.br\/inv-api\/wp\/v2\/posts\/729144\/revisions"}],"predecessor-version":[{"id":729219,"href":"https:\/\/investnews.com.br\/inv-api\/wp\/v2\/posts\/729144\/revisions\/729219"}],"wp:featuredmedia":[{"embeddable":true,"href":"https:\/\/investnews.com.br\/inv-api\/wp\/v2\/media\/572068"}],"wp:attachment":[{"href":"https:\/\/investnews.com.br\/inv-api\/wp\/v2\/media?parent=729144"}],"wp:term":[{"taxonomy":"category","embeddable":true,"href":"https:\/\/investnews.com.br\/inv-api\/wp\/v2\/categories?post=729144"},{"taxonomy":"post_tag","embeddable":true,"href":"https:\/\/investnews.com.br\/inv-api\/wp\/v2\/tags?post=729144"},{"taxonomy":"autor-wsj","embeddable":true,"href":"https:\/\/investnews.com.br\/inv-api\/wp\/v2\/autor-wsj?post=729144"},{"taxonomy":"author","embeddable":true,"href":"https:\/\/investnews.com.br\/inv-api\/wp\/v2\/coauthors?post=729144"}],"curies":[{"name":"wp","href":"https:\/\/api.w.org\/{rel}","templated":true}]}}