{"id":729686,"date":"2025-10-29T13:55:55","date_gmt":"2025-10-29T16:55:55","guid":{"rendered":"https:\/\/investnews.com.br\/?p=729686"},"modified":"2025-10-29T13:55:57","modified_gmt":"2025-10-29T16:55:57","slug":"gm-producao-carros-eletricos","status":"publish","type":"post","link":"https:\/\/investnews.com.br\/negocios\/gm-producao-carros-eletricos\/","title":{"rendered":"GM vai cortar produ\u00e7\u00e3o de carros el\u00e9tricos e baterias e demitir 1.200 pessoas nos EUA"},"content":{"rendered":"\n<p>A General Motors (GM) informou nesta quarta-feira (29) que cortar\u00e1 produ\u00e7\u00e3o de ve\u00edculos el\u00e9tricos e baterias nos Estados Unidos. A montadora norte-americana tamb\u00e9m vai demitir 1.200 funcion\u00e1rios da f\u00e1brica de carros el\u00e9tricos em Detroit, em resposta a uma desacelera\u00e7\u00e3o significativa na demanda.<\/p>\n\n\n\n<p>A <a href=\"https:\/\/investnews.com.br\/tag\/gm\/\" data-type=\"post_tag\" data-id=\"578\">montadora de Detroit<\/a> informou que vai interromper a produ\u00e7\u00e3o de c\u00e9lulas de bateria em duas f\u00e1bricas nos EUA (no Tennessee e em Ohio) em janeiro, por cerca de seis meses. A GM acrescentou que vai afastar temporariamente cerca de 1.550 trabalhadores das f\u00e1bricas.<\/p>\n\n\n\n<p>Al\u00e9m disso, na f\u00e1brica de Ohio, a GM vai afastar 550 trabalhadores por tempo indeterminado. A GM opera a f\u00e1brica de Ohio em conjunto com a <a href=\"https:\/\/investnews.com.br\/financas\/ipo-da-lg-energy-tem-demanda-recorde-de-pessoas-fisicas\/\" data-type=\"post\" data-id=\"301397\">LG Energy<\/a> da Coreia do Sul.<\/p>\n\n\n\n<p>A GM informou ainda que reduzir\u00e1 de dois para um turno a produ\u00e7\u00e3o na f\u00e1brica de ve\u00edculos el\u00e9tricos de Detroit a partir de janeiro, em compara\u00e7\u00e3o com os dois turnos atuais. Isso reduzir\u00e1 a produ\u00e7\u00e3o em cerca de 50%, segundo a empresa. A f\u00e1brica produz tr\u00eas picapes el\u00e9tricas, incluindo a Chevrolet Silverado e a GMC Sierra, bem como a Escalade IQ e o SUV Hummer.<\/p>\n\n\n\n<p>A GM disse que os cortes foram &#8220;em resposta \u00e0 ado\u00e7\u00e3o mais lenta de carros el\u00e9tricos no curto prazo e a um ambiente regulat\u00f3rio em evolu\u00e7\u00e3o&#8221;.<\/p>\n\n\n<section class=\"recirculation-area\">\n    <div class=\"container\">\n                <p class=\"title\">Leia mais<\/p>\n     \n            <ul class=\"recirculation-list\" data-tracking-position=\"Leia mais\">\n                            <li class=\"list-item\">\n                    <a \n                        href=\"https:\/\/investnews.com.br\/negocios\/gm-reduz-1-bi-carro-eletrico-eua\/\" \n                        title=\"GM registra preju\u00edzo de US$ 1,6 bilh\u00e3o e reduz planos para carros el\u00e9tricos nos EUA\" \n                        class=\"item-title recirculation-link\"\n                        data-btn-name=\"GM registra preju\u00edzo de US$ 1,6 bilh\u00e3o e reduz planos para carros el\u00e9tricos nos EUA\"\n                        data-posicao=\"Leia mais\"\n                        data-click-url=\"https:\/\/investnews.com.br\/negocios\/gm-reduz-1-bi-carro-eletrico-eua\/\"\n                    >\n                        GM registra preju\u00edzo de US$ 1,6 bilh\u00e3o e reduz planos para carros el\u00e9tricos nos EUA                    <\/a>\n                <\/li>\n                            <li class=\"list-item\">\n                    <a \n                        href=\"https:\/\/investnews.com.br\/negocios\/carros-eletricos-usados-nos-eua-vendem-mais-rapido-do-que-veiculos-a-gasolina\/\" \n                        title=\"Carros el\u00e9tricos usados nos EUA vendem mais r\u00e1pido do que ve\u00edculos a gasolina\" \n                        class=\"item-title recirculation-link\"\n                        data-btn-name=\"Carros el\u00e9tricos usados nos EUA vendem mais r\u00e1pido do que ve\u00edculos a gasolina\"\n                        data-posicao=\"Leia mais\"\n                        data-click-url=\"https:\/\/investnews.com.br\/negocios\/carros-eletricos-usados-nos-eua-vendem-mais-rapido-do-que-veiculos-a-gasolina\/\"\n                    >\n                        Carros el\u00e9tricos usados nos EUA vendem mais r\u00e1pido do que ve\u00edculos a gasolina                    <\/a>\n                <\/li>\n                            <li class=\"list-item\">\n                    <a \n                        href=\"https:\/\/investnews.com.br\/the-wall-street-journal\/o-que-e-preciso-saber-sobre-os-carros-hibridos\/\" \n                        title=\"O que \u00e9 preciso saber sobre os carros h\u00edbridos\" \n                        class=\"item-title recirculation-link\"\n                        data-btn-name=\"O que \u00e9 preciso saber sobre os carros h\u00edbridos\"\n                        data-posicao=\"Leia mais\"\n                        data-click-url=\"https:\/\/investnews.com.br\/the-wall-street-journal\/o-que-e-preciso-saber-sobre-os-carros-hibridos\/\"\n                    >\n                        O que \u00e9 preciso saber sobre os carros h\u00edbridos                    <\/a>\n                <\/li>\n                    <\/ul>\n    <\/div><\/section>\n\n\n\n<h2 class=\"wp-block-heading\">Perspectivas da GM<\/h2>\n\n\n\n<p>A montadora vem reduzindo perspectivas de vendas de ve\u00edculos el\u00e9tricos depois que o governo de Donald Trump cortou um importante incentivo federal, o que reduziu ainda mais a demanda, que j\u00e1 estava em baixa.<\/p>\n\n\n\n<p>Um cr\u00e9dito fiscal de US$ 7.500 para modelos movidos a bateria expirou no final de setembro e o governo dos EUA afrouxou ainda mais as regulamenta\u00e7\u00f5es sobre as emiss\u00f5es de poluentes de ve\u00edculos, o que pesou sobre as vendas de el\u00e9tricos.<\/p>\n\n\n\n<p><em>Foto: Getty Images<\/em><\/p>\n","protected":false},"excerpt":{"rendered":"<p>GM vem reduzindo perspectivas de vendas de ve\u00edculos el\u00e9tricos depois que o governo Trump derrubou incentivo federal<\/p>\n","protected":false},"author":61,"featured_media":729691,"comment_status":"closed","ping_status":"closed","sticky":false,"template":"","format":"standard","meta":{"_acf_changed":false,"inline_featured_image":false,"footnotes":""},"categories":[6],"tags":[109931,578],"autor-wsj":[],"coauthors":[2494],"class_list":["post-729686","post","type-post","status-publish","format-standard","has-post-thumbnail","hentry","category-negocios","tag-carro-eletrico","tag-gm"],"acf":[],"amp_enabled":true,"_links":{"self":[{"href":"https:\/\/investnews.com.br\/inv-api\/wp\/v2\/posts\/729686","targetHints":{"allow":["GET"]}}],"collection":[{"href":"https:\/\/investnews.com.br\/inv-api\/wp\/v2\/posts"}],"about":[{"href":"https:\/\/investnews.com.br\/inv-api\/wp\/v2\/types\/post"}],"author":[{"embeddable":true,"href":"https:\/\/investnews.com.br\/inv-api\/wp\/v2\/users\/61"}],"replies":[{"embeddable":true,"href":"https:\/\/investnews.com.br\/inv-api\/wp\/v2\/comments?post=729686"}],"version-history":[{"count":7,"href":"https:\/\/investnews.com.br\/inv-api\/wp\/v2\/posts\/729686\/revisions"}],"predecessor-version":[{"id":729706,"href":"https:\/\/investnews.com.br\/inv-api\/wp\/v2\/posts\/729686\/revisions\/729706"}],"wp:featuredmedia":[{"embeddable":true,"href":"https:\/\/investnews.com.br\/inv-api\/wp\/v2\/media\/729691"}],"wp:attachment":[{"href":"https:\/\/investnews.com.br\/inv-api\/wp\/v2\/media?parent=729686"}],"wp:term":[{"taxonomy":"category","embeddable":true,"href":"https:\/\/investnews.com.br\/inv-api\/wp\/v2\/categories?post=729686"},{"taxonomy":"post_tag","embeddable":true,"href":"https:\/\/investnews.com.br\/inv-api\/wp\/v2\/tags?post=729686"},{"taxonomy":"autor-wsj","embeddable":true,"href":"https:\/\/investnews.com.br\/inv-api\/wp\/v2\/autor-wsj?post=729686"},{"taxonomy":"author","embeddable":true,"href":"https:\/\/investnews.com.br\/inv-api\/wp\/v2\/coauthors?post=729686"}],"curies":[{"name":"wp","href":"https:\/\/api.w.org\/{rel}","templated":true}]}}