{"id":7346,"date":"2020-03-27T18:46:49","date_gmt":"2020-03-27T21:46:49","guid":{"rendered":"https:\/\/investnews.com.br\/?p=7346"},"modified":"2024-06-24T15:16:34","modified_gmt":"2024-06-24T18:16:34","slug":"novo-pacote-economico-do-governo-dony-e-samy-analisam","status":"publish","type":"post","link":"https:\/\/investnews.com.br\/financas\/novo-pacote-economico-do-governo-dony-e-samy-analisam\/","title":{"rendered":"Novo pacote econ\u00f4mico do governo: Dony e Samy analisam"},"content":{"rendered":"\n<figure class=\"wp-block-embed-youtube wp-block-embed is-type-video is-provider-youtube wp-embed-aspect-16-9 wp-has-aspect-ratio\"><div class=\"wp-block-embed__wrapper\">\n<iframe loading=\"lazy\" title=\"Novo PACOTE ECON\u00d4MICO do governo: Dony e Samy analisam\" width=\"500\" height=\"281\" src=\"https:\/\/www.youtube.com\/embed\/H5G0HUfcS5E?feature=oembed\" frameborder=\"0\" allow=\"accelerometer; autoplay; clipboard-write; encrypted-media; gyroscope; picture-in-picture; web-share\" referrerpolicy=\"strict-origin-when-cross-origin\" allowfullscreen><\/iframe>\n<\/div><\/figure>\n\n\n\n<p>O governo federal anunciou um pacote econ\u00f4mico de R$ 40 bilh\u00f5es para ajudar na recupera\u00e7\u00e3o econ\u00f4mica, paralisada pelos avan\u00e7os do coronav\u00edrus no Brasil. O Banco Central vai assumir a folha de pagamento de pequenas e m\u00e9dias empresas por dois meses, contanto que n\u00e3o haja a demiss\u00e3o de funcion\u00e1rios. E tamb\u00e9m vai conceder um aux\u00edlio de R$ 600 a trabalhadores informais.<\/p>\n\n\n\n<p>Na coluna da Ta\u00eds Laporta, trechos da entrevista da rep\u00f3rter Katherine Rivas com Henrique Bredda, gestor do fundo Alaska Black, um dos mais famosos do Brasil. Ele comentou as fortes perdas que o fundo sofreu com a crise e como pretende reverter a situa\u00e7\u00e3o.  <\/p>\n\n\n\n<p>O programa Conta+, do InvestNews, apresentado por Dony De Nuccio, traz um resumo do que de mais importante aconteceu no mundo das finan\u00e7as, da economia e dos neg\u00f3cios. Uma parada obrigat\u00f3ria para voc\u00ea que quer ficar bem informado e aprender a investir de verdade! <\/p>\n","protected":false},"excerpt":{"rendered":"<p>E a entrevista com Herique Bredda, gestor do fundo Alaska Black<\/p>\n","protected":false},"author":7,"featured_media":7351,"comment_status":"open","ping_status":"open","sticky":false,"template":"","format":"video","meta":{"_acf_changed":false,"inline_featured_image":false,"footnotes":""},"categories":[4],"tags":[404,499,30,283],"autor-wsj":[],"coauthors":[],"class_list":["post-7346","post","type-post","status-publish","format-video","has-post-thumbnail","hentry","category-financas","tag-coronavirus","tag-economia","tag-fundos-de-investimento","tag-governo-federal","post_format-post-format-video"],"acf":[],"amp_enabled":true,"_links":{"self":[{"href":"https:\/\/investnews.com.br\/inv-api\/wp\/v2\/posts\/7346","targetHints":{"allow":["GET"]}}],"collection":[{"href":"https:\/\/investnews.com.br\/inv-api\/wp\/v2\/posts"}],"about":[{"href":"https:\/\/investnews.com.br\/inv-api\/wp\/v2\/types\/post"}],"author":[{"embeddable":true,"href":"https:\/\/investnews.com.br\/inv-api\/wp\/v2\/users\/7"}],"replies":[{"embeddable":true,"href":"https:\/\/investnews.com.br\/inv-api\/wp\/v2\/comments?post=7346"}],"version-history":[{"count":5,"href":"https:\/\/investnews.com.br\/inv-api\/wp\/v2\/posts\/7346\/revisions"}],"predecessor-version":[{"id":7373,"href":"https:\/\/investnews.com.br\/inv-api\/wp\/v2\/posts\/7346\/revisions\/7373"}],"wp:featuredmedia":[{"embeddable":true,"href":"https:\/\/investnews.com.br\/inv-api\/wp\/v2\/media\/7351"}],"wp:attachment":[{"href":"https:\/\/investnews.com.br\/inv-api\/wp\/v2\/media?parent=7346"}],"wp:term":[{"taxonomy":"category","embeddable":true,"href":"https:\/\/investnews.com.br\/inv-api\/wp\/v2\/categories?post=7346"},{"taxonomy":"post_tag","embeddable":true,"href":"https:\/\/investnews.com.br\/inv-api\/wp\/v2\/tags?post=7346"},{"taxonomy":"autor-wsj","embeddable":true,"href":"https:\/\/investnews.com.br\/inv-api\/wp\/v2\/autor-wsj?post=7346"},{"taxonomy":"author","embeddable":true,"href":"https:\/\/investnews.com.br\/inv-api\/wp\/v2\/coauthors?post=7346"}],"curies":[{"name":"wp","href":"https:\/\/api.w.org\/{rel}","templated":true}]}}