{"id":738373,"date":"2025-11-28T17:19:59","date_gmt":"2025-11-28T20:19:59","guid":{"rendered":"https:\/\/investnews.com.br\/?p=738373"},"modified":"2025-11-28T17:49:10","modified_gmt":"2025-11-28T20:49:10","slug":"cena-final-cine-belas-artes-rompe-acordo-de-patrocinio-com-reag","status":"publish","type":"post","link":"https:\/\/investnews.com.br\/negocios\/cena-final-cine-belas-artes-rompe-acordo-de-patrocinio-com-reag\/","title":{"rendered":"Cena final: Cine Belas Artes rompe acordo de patroc\u00ednio com Reag"},"content":{"rendered":"\n<p>Cinema de rua tradicional da cidade de S\u00e3o Paulo, o <strong>Belas Artes<\/strong> vai deixar de levar as cores e o nome da gestora <strong><a href=\"https:\/\/investnews.com.br\/tag\/reag\/\" data-type=\"post_tag\" data-id=\"110428\">Reag Investimentos<\/a><\/strong>. As empresas firmaram um distrato do acordo de patroc\u00ednio, firmado em 2024 e que era v\u00e1lido por cinco anos. O rompimento foi definido na quinta-feira (27), mas o comunicado oficial se deu apenas nesta sexta-feira (28). A <strong>Arandu Partners<\/strong>, companhia que assumiu a Reag, arcar\u00e1 com uma cl\u00e1usula contratual que dar\u00e1 f\u00f4lego de caixa ao cinema durante sua busca por um novo parceiro comercial.<\/p>\n\n\n\n<p>Andr\u00e9 Sturm, o presidente do Belas Artes Grupo, do qual fazem parte o cinema, a distribuidora Pandora Filmes e o streaming \u00c0 La Carte, afirmou ao <strong>InvestNews <\/strong>que n\u00e3o faria sentido manter o contrato com a antiga parceira, j\u00e1 que a marca Reag deixa de existir ap\u00f3s a assun\u00e7\u00e3o do nome Arandu pela gestora. &#8220;A gente precisava rescindir o contrato de uma marca que tecnicamente n\u00e3o existe. Achamos melhor fazer a rescis\u00e3o. Eles tamb\u00e9m&#8221;, disse Sturm. &#8220;Agora, a gente est\u00e1 aberto a novas propostas.&#8221;<\/p>\n\n\n\n<p>A gestora de fundos que patrocinava o espa\u00e7o cultural entrou em uma crise sem precedentes ap\u00f3s ser relacionada \u00e0 Opera\u00e7\u00e3o Carbono Oculto, na qual a Pol\u00edcia Federal investiga o uso de fundos e gestoras para <a href=\"https:\/\/investnews.com.br\/guias\/coaf-lavagem-de-dinheiro\/\">lavagem de dinheiro<\/a> pelo crime organizado. Sob nova gest\u00e3o ap\u00f3s o redesenho do neg\u00f3cio, a Reag mudou seu nome para Arandu recentemente, o que for\u00e7ou uma negocia\u00e7\u00e3o entre as partes.<\/p>\n\n\n\n<p>O imbr\u00f3glio envolvendo a parceira n\u00e3o trouxe danos \u00e0 reputa\u00e7\u00e3o do cinema, na vis\u00e3o de Sturm. O executivo informa que a Reag arcou com os \u00faltimos vencimentos estipulados no acordo e pagou parte de uma cl\u00e1usula prevista em caso de quebra de contrato. <\/p>\n\n\n<section class=\"recirculation-area\">\n    <div class=\"container\">\n         \n            <ul class=\"recirculation-list\" data-tracking-position=\"outros\">\n                            <li class=\"list-item\">\n                    <a \n                        href=\"https:\/\/investnews.com.br\/negocios\/arandu-compra-controle-reag\/\" \n                        title=\"Ap\u00f3s opera\u00e7\u00e3o da PF, executivos assumem controle da Reag por R$ 100 milh\u00f5es\" \n                        class=\"item-title recirculation-link\"\n                        data-btn-name=\"Ap\u00f3s opera\u00e7\u00e3o da PF, executivos assumem controle da Reag por R$ 100 milh\u00f5es\"\n                        data-posicao=\"outros\"\n                        data-click-url=\"https:\/\/investnews.com.br\/negocios\/arandu-compra-controle-reag\/\"\n                    >\n                        Ap\u00f3s opera\u00e7\u00e3o da PF, executivos assumem controle da Reag por R$ 100 milh\u00f5es                    <\/a>\n                <\/li>\n                            <li class=\"list-item\">\n                    <a \n                        href=\"https:\/\/investnews.com.br\/negocios\/getninjas-crise-reag-aquisicao\/\" \n                        title=\"Despercebida na crise da Reag, GetNinjas amarga encolhimento ap\u00f3s aquisi\u00e7\u00e3o\" \n                        class=\"item-title recirculation-link\"\n                        data-btn-name=\"Despercebida na crise da Reag, GetNinjas amarga encolhimento ap\u00f3s aquisi\u00e7\u00e3o\"\n                        data-posicao=\"outros\"\n                        data-click-url=\"https:\/\/investnews.com.br\/negocios\/getninjas-crise-reag-aquisicao\/\"\n                    >\n                        Despercebida na crise da Reag, GetNinjas amarga encolhimento ap\u00f3s aquisi\u00e7\u00e3o                    <\/a>\n                <\/li>\n                    <\/ul>\n    <\/div><\/section>\n\n\n\n<p>&#8220;Logo no come\u00e7o, quando aconteceu todo o problema, teve um atraso, mas as pessoas com quem a gente lidava diretamente fizeram todos os esfor\u00e7os para colocar as coisas em ordem&#8221;, afirmou ele. &#8220;Tendo em vista tudo que estava acontecendo, era razo\u00e1vel fazer uma rescis\u00e3o amig\u00e1vel e eles ainda se dispuseram a fazer um pagamento que ajuda a gente a manter nossos compromissos com aluguel por mais alguns meses.&#8221;<\/p>\n\n\n\n<p>Sturm revela que s\u00f3 esteve uma vez com Jo\u00e3o Carlos Mansur, o fundador da Reag. Ele foi procurado por diretores da empresa no fim de 2023. Na \u00e9poca, o cinema lidava com o fim de outro contrato de <em>naming rights<\/em> \u2014 no caso, com a cervejaria Petr\u00f3polis, dona da marca Petra. Antes disso, o espa\u00e7o foi patrocinado pela Caixa Econ\u00f4mica Federal.<\/p>\n\n\n\n<p>Embora as empresas tenham optado por n\u00e3o divulgar o montante envolvido no acordo de <em>naming rights<\/em> entre o Belas Artes e a Reag, sabe-se que o custo de loca\u00e7\u00e3o do im\u00f3vel que hospeda o cinema atualmente \u00e9 um pouco a mais de R$ 2 milh\u00f5es ao ano, valor que seria coberto pelo patrocinador.<\/p>\n\n\n\n<p>Mesmo com os problemas envolvendo a parceira nos \u00faltimos meses, o Belas Artes evitou abrir conversas com outras empresas para substituir a Reag. &#8220;A gente n\u00e3o poderia fazer isso antes porque n\u00e3o estava assinado. Seria indelicado [abrir conversas com poss\u00edveis patrocinadores], at\u00e9 porque se, de repente, eu falo com a empresa X ou Y, algu\u00e9m poderia vazar a informa\u00e7\u00e3o para a pr\u00f3pria Reag.&#8221;<\/p>\n\n\n\n<p>O Belas Artes opera hoje uma parceria voltada \u00e0 curadoria de cat\u00e1logo com a rede de cinemas Cinesystem, que arrematou as opera\u00e7\u00f5es do antigo Espa\u00e7o Ita\u00fa de Cinema, mas Sturm n\u00e3o vislumbra, no momento, a amplia\u00e7\u00e3o da parceria para o cinema de rua administrado por ele. &#8220;Eles operam multiplex, que t\u00eam uma l\u00f3gica de opera\u00e7\u00e3o, em rela\u00e7\u00e3o a n\u00famero de salas e funcion\u00e1rios, diferente&#8221;, diz ele. &#8220;Mas estamos aberto a possibilidades.&#8221;<\/p>\n\n\n\n<p>Localizado pr\u00f3ximo \u00e0 Avenida Paulista, o edif\u00edcio foi constru\u00eddo e projetado nos anos 1950 pelo arquiteto italiano Giancarlo Palanti. No in\u00edcio, era conhecido como Cine Trianon. Nos anos 1980, foi reformado e ganhou a configura\u00e7\u00e3o que se mant\u00e9m at\u00e9 hoje, com seis salas. Devido a v\u00e1rias crises financeiras, o espa\u00e7o foi descontinuado em algumas ocasi\u00f5es. Em 2011, uma mobiliza\u00e7\u00e3o de cin\u00e9filos reuniu 90 mil assinaturas e levou o governo de S\u00e3o Paulo a tomar a fachada como patrim\u00f4nio hist\u00f3rico em 2013. Logo depois, foi firmado um acordo de <em>naming rights <\/em>com a Caixa.<\/p>\n","protected":false},"excerpt":{"rendered":"<p>Patroc\u00ednio serviu de base para moderniza\u00e7\u00e3o e manuten\u00e7\u00e3o do aluguel do Belas Artes, que gira na faixa de R$ 2 milh\u00f5es ao ano<\/p>\n","protected":false},"author":162,"featured_media":738403,"comment_status":"closed","ping_status":"closed","sticky":false,"template":"","format":"standard","meta":{"_acf_changed":false,"inline_featured_image":false,"footnotes":""},"categories":[6],"tags":[58,66],"autor-wsj":[],"coauthors":[109903],"class_list":["post-738373","post","type-post","status-publish","format-standard","has-post-thumbnail","hentry","category-negocios","tag-caixa-economica-federal","tag-negocios"],"acf":[],"amp_enabled":true,"_links":{"self":[{"href":"https:\/\/investnews.com.br\/inv-api\/wp\/v2\/posts\/738373","targetHints":{"allow":["GET"]}}],"collection":[{"href":"https:\/\/investnews.com.br\/inv-api\/wp\/v2\/posts"}],"about":[{"href":"https:\/\/investnews.com.br\/inv-api\/wp\/v2\/types\/post"}],"author":[{"embeddable":true,"href":"https:\/\/investnews.com.br\/inv-api\/wp\/v2\/users\/162"}],"replies":[{"embeddable":true,"href":"https:\/\/investnews.com.br\/inv-api\/wp\/v2\/comments?post=738373"}],"version-history":[{"count":23,"href":"https:\/\/investnews.com.br\/inv-api\/wp\/v2\/posts\/738373\/revisions"}],"predecessor-version":[{"id":738475,"href":"https:\/\/investnews.com.br\/inv-api\/wp\/v2\/posts\/738373\/revisions\/738475"}],"wp:featuredmedia":[{"embeddable":true,"href":"https:\/\/investnews.com.br\/inv-api\/wp\/v2\/media\/738403"}],"wp:attachment":[{"href":"https:\/\/investnews.com.br\/inv-api\/wp\/v2\/media?parent=738373"}],"wp:term":[{"taxonomy":"category","embeddable":true,"href":"https:\/\/investnews.com.br\/inv-api\/wp\/v2\/categories?post=738373"},{"taxonomy":"post_tag","embeddable":true,"href":"https:\/\/investnews.com.br\/inv-api\/wp\/v2\/tags?post=738373"},{"taxonomy":"autor-wsj","embeddable":true,"href":"https:\/\/investnews.com.br\/inv-api\/wp\/v2\/autor-wsj?post=738373"},{"taxonomy":"author","embeddable":true,"href":"https:\/\/investnews.com.br\/inv-api\/wp\/v2\/coauthors?post=738373"}],"curies":[{"name":"wp","href":"https:\/\/api.w.org\/{rel}","templated":true}]}}