{"id":738541,"date":"2025-11-29T08:45:46","date_gmt":"2025-11-29T11:45:46","guid":{"rendered":"https:\/\/investnews.com.br\/?p=738541"},"modified":"2025-11-29T08:53:25","modified_gmt":"2025-11-29T11:53:25","slug":"o-cafe-brasileiro-esta-mudando-de-sabor-veja-o-motivo","status":"publish","type":"post","link":"https:\/\/investnews.com.br\/negocios\/o-cafe-brasileiro-esta-mudando-de-sabor-veja-o-motivo\/","title":{"rendered":"O caf\u00e9 brasileiro est\u00e1 mudando de sabor. Veja o motivo"},"content":{"rendered":"\n<p>Nos pr\u00f3ximos anos, o caf\u00e9 do Brasil talvez comece a ter um sabor um pouco diferente.<\/p>\n\n\n\n<p>O Brasil \u00e9 o maior produtor mundial de <strong>caf\u00e9 ar\u00e1bica<\/strong>, uma variedade de gr\u00e3o de sabor mais suave. Mas, \u00e0 medida que as mudan\u00e7as clim\u00e1ticas tornam mais dif\u00edcil cultivar esse tipo de caf\u00e9, alguns produtores est\u00e3o investindo no <strong>robusta<\/strong>, que gera um gr\u00e3o mais amargo, por\u00e9m capaz de suportar temperaturas mais altas e mais resistente a doen\u00e7as.<\/p>\n\n\n\n<p>As regi\u00f5es tradicionais de <a href=\"https:\/\/investnews.com.br\/negocios\/cafe-maior-preco-desde-abril\/\">cultivo de caf\u00e9 <\/a>no Brasil, que produzem principalmente ar\u00e1bica, v\u00eam sendo afetadas por secas mais intensas e frequentes e por temperaturas mais altas. O ar\u00e1bica continua sendo a principal exporta\u00e7\u00e3o de caf\u00e9 do pa\u00eds, mas a produ\u00e7\u00e3o de robusta agora cresce em ritmo mais acelerado: <strong>81% nos \u00faltimos 10 anos<\/strong>, segundo o Departamento de Agricultura dos Estados Unidos (USDA), que acompanha a produ\u00e7\u00e3o global de caf\u00e9.<\/p>\n\n\n<section class=\"recirculation-area\">\n    <div class=\"container\">\n                <p class=\"title\">Leia tamb\u00e9m<\/p>\n     \n            <ul class=\"recirculation-list\" data-tracking-position=\"outros\">\n                            <li class=\"list-item\">\n                    <a \n                        href=\"https:\/\/investnews.com.br\/negocios\/cafake-produto-com-sabor-cafe-ganha-espaco-com-alta-no-preco-do-grao\/\" \n                        title=\"&#8216;Cafake&#8217;: produto com &#8216;sabor caf\u00e9&#8217; ganha espa\u00e7o com alta no pre\u00e7o do gr\u00e3o\" \n                        class=\"item-title recirculation-link\"\n                        data-btn-name=\"&#8216;Cafake&#8217;: produto com &#8216;sabor caf\u00e9&#8217; ganha espa\u00e7o com alta no pre\u00e7o do gr\u00e3o\"\n                        data-posicao=\"outros\"\n                        data-click-url=\"https:\/\/investnews.com.br\/negocios\/cafake-produto-com-sabor-cafe-ganha-espaco-com-alta-no-preco-do-grao\/\"\n                    >\n                        &#8216;Cafake&#8217;: produto com &#8216;sabor caf\u00e9&#8217; ganha espa\u00e7o com alta no pre\u00e7o do gr\u00e3o                    <\/a>\n                <\/li>\n                            <li class=\"list-item\">\n                    <a \n                        href=\"https:\/\/investnews.com.br\/economia\/cafe-arabica-atinge-maxima-historica-no-mercado-brasileiro-apos-recorde-em-ny\/\" \n                        title=\"Caf\u00e9 ar\u00e1bica atinge m\u00e1xima hist\u00f3rica no mercado brasileiro ap\u00f3s recorde em NY\" \n                        class=\"item-title recirculation-link\"\n                        data-btn-name=\"Caf\u00e9 ar\u00e1bica atinge m\u00e1xima hist\u00f3rica no mercado brasileiro ap\u00f3s recorde em NY\"\n                        data-posicao=\"outros\"\n                        data-click-url=\"https:\/\/investnews.com.br\/economia\/cafe-arabica-atinge-maxima-historica-no-mercado-brasileiro-apos-recorde-em-ny\/\"\n                    >\n                        Caf\u00e9 ar\u00e1bica atinge m\u00e1xima hist\u00f3rica no mercado brasileiro ap\u00f3s recorde em NY                    <\/a>\n                <\/li>\n                            <li class=\"list-item\">\n                    <a \n                        href=\"https:\/\/investnews.com.br\/negocios\/cacau-encerra-o-ano-com-valorizacao-gigantesca-por-causa-da-oferta-fraca\/\" \n                        title=\"Cacau encerra o ano com valoriza\u00e7\u00e3o gigantesca por causa da oferta fraca\" \n                        class=\"item-title recirculation-link\"\n                        data-btn-name=\"Cacau encerra o ano com valoriza\u00e7\u00e3o gigantesca por causa da oferta fraca\"\n                        data-posicao=\"outros\"\n                        data-click-url=\"https:\/\/investnews.com.br\/negocios\/cacau-encerra-o-ano-com-valorizacao-gigantesca-por-causa-da-oferta-fraca\/\"\n                    >\n                        Cacau encerra o ano com valoriza\u00e7\u00e3o gigantesca por causa da oferta fraca                    <\/a>\n                <\/li>\n                    <\/ul>\n    <\/div><\/section>\n\n\n\n<p>Para o Brasil, o robusta oferece a oportunidade de continuar sendo o maior fornecedor de caf\u00e9 do mundo no futuro, mesmo com o agravamento dos efeitos da mudan\u00e7a clim\u00e1tica, diz Fernando Maximiliano, gerente de Intelig\u00eancia de Mercado de Caf\u00e9 da StoneX, empresa de servi\u00e7os financeiros.<\/p>\n\n\n\n<p>\u201cN\u00e3o foi necessariamente a demanda que resultou no crescimento da produ\u00e7\u00e3o de robusta\u201d, afirma. \u201cNa realidade, problemas clim\u00e1ticos e perdas no ar\u00e1bica foram os principais fatores que contribu\u00edram para estimular o aumento do robusta.\u201d<\/p>\n\n\n\n<p>Nos \u00faltimos tr\u00eas anos, a produ\u00e7\u00e3o de caf\u00e9 ar\u00e1bica no Brasil cresceu a uma taxa anual de cerca de 2% a 2,5%, enquanto a produ\u00e7\u00e3o de robusta avan\u00e7ou cerca de 4,8% ao ano. Na safra deste ano, o robusta registrou alta de quase 22%, uma colheita recorde, segundo a StoneX. Isso significa que a produ\u00e7\u00e3o de robusta se destaca pela capacidade de lidar melhor com condi\u00e7\u00f5es clim\u00e1ticas mais adversas e tamb\u00e9m pela <a href=\"https:\/\/investnews.com.br\/guias\/rentabilidade\/\">rentabilidade<\/a>, dizem analistas.<\/p>\n\n\n\n<p>Em \u00e1reas mais quentes do Brasil onde o ar\u00e1bica n\u00e3o consegue crescer, produtores de caf\u00e9 est\u00e3o encontrando formas de cultivar robusta e mitigar o impacto das temperaturas mais altas. Plantar os cafeeiros sob a sombra de \u00e1rvores nativas e outras esp\u00e9cies \u00e9 uma dessas t\u00e9cnicas.<\/p>\n\n\n\n<p>\u201cAssim ele continua produtivo, fica um pouco mais \u00famido, n\u00e3o degrada t\u00e3o facilmente\u201d, explica Jonatas Machado, diretor comercial da Caf\u00e9 Apu\u00ed, produtora de caf\u00e9 robusta em sistema agroflorestal na regi\u00e3o amaz\u00f4nica.<\/p>\n\n\n\n<h2 class=\"wp-block-heading\"><strong>Um gr\u00e3o diferente<\/strong><\/h2>\n\n\n\n<p>O <strong>Vietn\u00e3 <\/strong>\u00e9 o maior produtor mundial de robusta, mas o Brasil est\u00e1 se aproximando e pode ultrapassar o pa\u00eds do Sudeste Asi\u00e1tico gra\u00e7as a uma cadeia de suprimentos bem estruturada, segundo analistas do Rabobank, banco especializado em agroneg\u00f3cio.<\/p>\n\n\n\n<p>O robusta tem concentra\u00e7\u00e3o maior de cafe\u00edna e um sabor mais intenso que o ar\u00e1bica. Mas as gera\u00e7\u00f5es mais jovens prestam menos aten\u00e7\u00e3o ao tipo de caf\u00e9 que consomem ou ao ponto de torra, e tendem a preferir op\u00e7\u00f5es personalizadas, com adi\u00e7\u00e3o de leites, cremes e xaropes, que mascaram o sabor dos gr\u00e3os.<\/p>\n\n\n\n<p>\u201cEles n\u00e3o ligam tanto para a origem, para as notas de degusta\u00e7\u00e3o\u201d, diz Matthew Barry, gerente global de insights para alimentos, cozinha e refei\u00e7\u00f5es da consultoria de mercado Euromonitor International.<\/p>\n\n\n\n<p>Se os pre\u00e7os do caf\u00e9 continuarem subindo, os consumidores podem tamb\u00e9m migrar para o robusta, que custa menos.<\/p>\n\n\n\n<figure class=\"wp-block-image size-large\"><img loading=\"lazy\" decoding=\"async\" width=\"1024\" height=\"683\" src=\"https:\/\/media.investnews.com.br\/uploads\/2025\/09\/cafe-graos-min-1024x683.webp\" alt=\"Grande pilha de gr\u00e3os de caf\u00e9 torrado escuro, preenchendo toda a imagem. Detalhe da textura irregular e tons variados.\" class=\"wp-image-717082\" srcset=\"https:\/\/media.investnews.com.br\/uploads\/2025\/09\/cafe-graos-min-1024x683.webp 1024w, https:\/\/media.investnews.com.br\/uploads\/2025\/09\/cafe-graos-min-300x200.webp 300w, https:\/\/media.investnews.com.br\/uploads\/2025\/09\/cafe-graos-min-768x512.webp 768w, https:\/\/media.investnews.com.br\/uploads\/2025\/09\/cafe-graos-min-1536x1025.webp 1536w, https:\/\/media.investnews.com.br\/uploads\/2025\/09\/cafe-graos-min-2048x1366.webp 2048w, https:\/\/media.investnews.com.br\/uploads\/2025\/09\/cafe-graos-min-1256x838.webp 1256w, https:\/\/media.investnews.com.br\/uploads\/2025\/09\/cafe-graos-min-172x115.webp 172w, https:\/\/media.investnews.com.br\/uploads\/2025\/09\/cafe-graos-min-150x100.webp 150w\" sizes=\"auto, (max-width: 1024px) 100vw, 1024px\" \/><figcaption class=\"wp-element-caption\">Foto: Jonne Roriz\/Bloomberg<\/figcaption><\/figure>\n\n\n\n<p>Na Europa, a diferen\u00e7a de pre\u00e7os entre o robusta e o ar\u00e1bica provavelmente ser\u00e1 ainda maior nos pr\u00f3ximos anos. Uma nova lei exigir\u00e1 que <a href=\"https:\/\/investnews.com.br\/guias\/commodities-o-que-sao\/\">commodities<\/a> importadas tenham certifica\u00e7\u00e3o de que n\u00e3o v\u00eam de \u00e1reas recentemente desmatadas ou degradadas, embora a data de entrada em vigor ainda n\u00e3o esteja clara. O caf\u00e9 sol\u00favel, em sua maioria feito com robusta, ficar\u00e1 fora dessas regras. Essa exce\u00e7\u00e3o pode aumentar a demanda por produtos \u00e0 base de robusta, segundo o Rabobank.<\/p>\n\n\n\n<p>A Uni\u00e3o Europeia \u00e9 a maior consumidora de caf\u00e9 sol\u00favel, respondendo por quase 50% da receita global desse mercado, de acordo com a consultoria Grand View Research.<\/p>\n\n\n\n<p>Embora o robusta tenda a ser mais barato que o ar\u00e1bica, seus pre\u00e7os v\u00eam atingindo m\u00e1ximas hist\u00f3ricas.<\/p>\n\n\n\n<p>Esses pre\u00e7os mais altos, somados ao fato de que alguns cultivares de robusta s\u00e3o quase duas vezes mais produtivos que as variedades de ar\u00e1bica, convenceram um n\u00famero crescente de produtores brasileiros a investir no plantio de robusta, afirma Alexsandro Teixeira, pesquisador de caf\u00e9 da <strong>Embrapa<\/strong>.<\/p>\n\n\n\n<p>Produtores de robusta tamb\u00e9m v\u00eam melhorando a qualidade de seus gr\u00e3os. Isso tornou a variedade mais atraente para os consumidores e ajudou a impulsionar os pre\u00e7os, diz ele.<\/p>\n\n\n\n<p><em>Por Renata Carlos Daou<\/em><\/p>\n","protected":false},"excerpt":{"rendered":"<p>Seca e ondas de calor dificultam o cultivo de gr\u00e3os do tipo ar\u00e1bica. Produ\u00e7\u00e3o do robusta, mais amargo, j\u00e1 cresceu 80% em 10 anos<\/p>\n","protected":false},"author":76,"featured_media":608565,"comment_status":"closed","ping_status":"closed","sticky":false,"template":"","format":"standard","meta":{"_acf_changed":false,"inline_featured_image":false,"footnotes":""},"categories":[6],"tags":[780,155],"autor-wsj":[],"coauthors":[101325],"class_list":["post-738541","post","type-post","status-publish","format-standard","has-post-thumbnail","hentry","category-negocios","tag-agronegocio","tag-brasil"],"acf":[],"amp_enabled":true,"_links":{"self":[{"href":"https:\/\/investnews.com.br\/inv-api\/wp\/v2\/posts\/738541","targetHints":{"allow":["GET"]}}],"collection":[{"href":"https:\/\/investnews.com.br\/inv-api\/wp\/v2\/posts"}],"about":[{"href":"https:\/\/investnews.com.br\/inv-api\/wp\/v2\/types\/post"}],"author":[{"embeddable":true,"href":"https:\/\/investnews.com.br\/inv-api\/wp\/v2\/users\/76"}],"replies":[{"embeddable":true,"href":"https:\/\/investnews.com.br\/inv-api\/wp\/v2\/comments?post=738541"}],"version-history":[{"count":4,"href":"https:\/\/investnews.com.br\/inv-api\/wp\/v2\/posts\/738541\/revisions"}],"predecessor-version":[{"id":738550,"href":"https:\/\/investnews.com.br\/inv-api\/wp\/v2\/posts\/738541\/revisions\/738550"}],"wp:featuredmedia":[{"embeddable":true,"href":"https:\/\/investnews.com.br\/inv-api\/wp\/v2\/media\/608565"}],"wp:attachment":[{"href":"https:\/\/investnews.com.br\/inv-api\/wp\/v2\/media?parent=738541"}],"wp:term":[{"taxonomy":"category","embeddable":true,"href":"https:\/\/investnews.com.br\/inv-api\/wp\/v2\/categories?post=738541"},{"taxonomy":"post_tag","embeddable":true,"href":"https:\/\/investnews.com.br\/inv-api\/wp\/v2\/tags?post=738541"},{"taxonomy":"autor-wsj","embeddable":true,"href":"https:\/\/investnews.com.br\/inv-api\/wp\/v2\/autor-wsj?post=738541"},{"taxonomy":"author","embeddable":true,"href":"https:\/\/investnews.com.br\/inv-api\/wp\/v2\/coauthors?post=738541"}],"curies":[{"name":"wp","href":"https:\/\/api.w.org\/{rel}","templated":true}]}}